{"id":5280,"date":"2020-09-06T09:58:22","date_gmt":"2020-09-06T09:58:22","guid":{"rendered":"http:\/\/www.galerieartconcept.com\/new\/miryam-haddad\/"},"modified":"2026-04-21T14:22:58","modified_gmt":"2026-04-21T14:22:58","slug":"miryam-haddad","status":"publish","type":"post","link":"https:\/\/www.galerieartconcept.com\/fr\/miryam-haddad\/","title":{"rendered":"Miryam Haddad"},"content":{"rendered":"\n<figure class=\"wp-block-gallery aligncenter has-nested-images columns-2 wp-block-gallery-1 is-layout-flex wp-block-gallery-is-layout-flex\">\n<figure class=\"wp-block-image size-large\"><img loading=\"lazy\" decoding=\"async\" width=\"683\" height=\"1024\" data-id=\"43638\" src=\"https:\/\/www.galerieartconcept.com\/wp-content\/uploads\/Art-Concept-Miryam-Haddad-9806-WEB-1-683x1024.jpg\" alt=\"\" class=\"wp-image-43638\" srcset=\"https:\/\/www.galerieartconcept.com\/wp-content\/uploads\/Art-Concept-Miryam-Haddad-9806-WEB-1-683x1024.jpg 683w, https:\/\/www.galerieartconcept.com\/wp-content\/uploads\/Art-Concept-Miryam-Haddad-9806-WEB-1-200x300.jpg 200w, https:\/\/www.galerieartconcept.com\/wp-content\/uploads\/Art-Concept-Miryam-Haddad-9806-WEB-1-768x1152.jpg 768w, https:\/\/www.galerieartconcept.com\/wp-content\/uploads\/Art-Concept-Miryam-Haddad-9806-WEB-1.jpg 1000w\" sizes=\"auto, (max-width: 683px) 100vw, 683px\" \/><figcaption class=\"wp-element-caption\">Miryam Haddad<br>Sans titre 9, 2025<br>Huile sur toile \/ Oil on canvas<br>219 \u00d7 119 cm (86 \u00bc \u00d7 46 \u215e inches). Courtesy the Artist and Art : Concept, Paris. Photo Romain Darnaud.<\/figcaption><\/figure>\n\n\n\n<figure class=\"wp-block-image size-large\"><img loading=\"lazy\" decoding=\"async\" width=\"683\" height=\"1024\" data-id=\"43640\" src=\"https:\/\/www.galerieartconcept.com\/wp-content\/uploads\/Art-Concept-Miryam-Haddad-9811-WEB-1-683x1024.jpg\" alt=\"\" class=\"wp-image-43640\" srcset=\"https:\/\/www.galerieartconcept.com\/wp-content\/uploads\/Art-Concept-Miryam-Haddad-9811-WEB-1-683x1024.jpg 683w, https:\/\/www.galerieartconcept.com\/wp-content\/uploads\/Art-Concept-Miryam-Haddad-9811-WEB-1-200x300.jpg 200w, https:\/\/www.galerieartconcept.com\/wp-content\/uploads\/Art-Concept-Miryam-Haddad-9811-WEB-1-768x1152.jpg 768w, https:\/\/www.galerieartconcept.com\/wp-content\/uploads\/Art-Concept-Miryam-Haddad-9811-WEB-1.jpg 1000w\" sizes=\"auto, (max-width: 683px) 100vw, 683px\" \/><figcaption class=\"wp-element-caption\">Miryam Haddad<br>Sans titre 9 (detail), 2025<br>Huile sur toile \/ Oil on canvas<br>219 \u00d7 119 cm (86 \u00bc \u00d7 46 \u215e inches). Courtesy the Artist and Art : Concept, Paris. Photo Romain Darnaud.<\/figcaption><\/figure>\n\n\n\n<figure class=\"wp-block-image size-large\"><img loading=\"lazy\" decoding=\"async\" width=\"1024\" height=\"730\" data-id=\"33912\" src=\"http:\/\/www.galerieartconcept.com\/wp-content\/uploads\/Art-Concept-2834-HD-1024x730.jpg\" alt=\"\" class=\"wp-image-33912\" srcset=\"https:\/\/www.galerieartconcept.com\/wp-content\/uploads\/Art-Concept-2834-HD-1024x730.jpg 1024w, https:\/\/www.galerieartconcept.com\/wp-content\/uploads\/Art-Concept-2834-HD-300x214.jpg 300w, https:\/\/www.galerieartconcept.com\/wp-content\/uploads\/Art-Concept-2834-HD-768x548.jpg 768w, https:\/\/www.galerieartconcept.com\/wp-content\/uploads\/Art-Concept-2834-HD-1536x1095.jpg 1536w, https:\/\/www.galerieartconcept.com\/wp-content\/uploads\/Art-Concept-2834-HD-2048x1461.jpg 2048w, https:\/\/www.galerieartconcept.com\/wp-content\/uploads\/Art-Concept-2834-HD-1200x856.jpg 1200w, https:\/\/www.galerieartconcept.com\/wp-content\/uploads\/Art-Concept-2834-HD-1980x1412.jpg 1980w\" sizes=\"auto, (max-width: 1024px) 100vw, 1024px\" \/><figcaption class=\"wp-element-caption\">Miryam Haddad, Hisser la vie, 2024. Huile sur toile, diptyque \/ Oil on canvas, diptych, 18 \u00d7 12 \u00d7 2 cm (7 \u215b \u00d7 4 \u00be \u00d7 \u00be inches) \/ 18 \u00d7 14 \u00d7 2 cm (7 \u215b \u00d7 5 \u00bd \u00d7 \u00be inches) Courtesy the Artist and Art : Concept, Paris. Photo Romain Darnaud<\/figcaption><\/figure>\n\n\n\n<figure class=\"wp-block-image size-large\"><img loading=\"lazy\" decoding=\"async\" width=\"1024\" height=\"683\" data-id=\"29690\" src=\"http:\/\/www.galerieartconcept.com\/wp-content\/uploads\/Olio-e-pepe-9323-HD-3-1024x683.jpg\" alt=\"\" class=\"wp-image-29690\" srcset=\"https:\/\/www.galerieartconcept.com\/wp-content\/uploads\/Olio-e-pepe-9323-HD-3-1024x683.jpg 1024w, https:\/\/www.galerieartconcept.com\/wp-content\/uploads\/Olio-e-pepe-9323-HD-3-300x200.jpg 300w, https:\/\/www.galerieartconcept.com\/wp-content\/uploads\/Olio-e-pepe-9323-HD-3-768x512.jpg 768w, https:\/\/www.galerieartconcept.com\/wp-content\/uploads\/Olio-e-pepe-9323-HD-3-1536x1025.jpg 1536w, https:\/\/www.galerieartconcept.com\/wp-content\/uploads\/Olio-e-pepe-9323-HD-3-2048x1366.jpg 2048w, https:\/\/www.galerieartconcept.com\/wp-content\/uploads\/Olio-e-pepe-9323-HD-3-1200x800.jpg 1200w, https:\/\/www.galerieartconcept.com\/wp-content\/uploads\/Olio-e-pepe-9323-HD-3-1980x1321.jpg 1980w\" sizes=\"auto, (max-width: 1024px) 100vw, 1024px\" \/><figcaption class=\"wp-element-caption\">Vue d&rsquo;exposition \/ Installation view Olio e pepe, 2024, Art : Concept, Paris. Courtesy the Artists and Art : Concept, Paris. Photo Romain Darnaud<\/figcaption><\/figure>\n\n\n\n<figure class=\"wp-block-image size-large\"><img loading=\"lazy\" decoding=\"async\" width=\"1024\" height=\"683\" data-id=\"29697\" src=\"http:\/\/www.galerieartconcept.com\/wp-content\/uploads\/MH-2023_Sur-le-chemin-de-la-pluie-I-1024x683.jpg\" alt=\"\" class=\"wp-image-29697\" srcset=\"https:\/\/www.galerieartconcept.com\/wp-content\/uploads\/MH-2023_Sur-le-chemin-de-la-pluie-I-1024x683.jpg 1024w, https:\/\/www.galerieartconcept.com\/wp-content\/uploads\/MH-2023_Sur-le-chemin-de-la-pluie-I-300x200.jpg 300w, https:\/\/www.galerieartconcept.com\/wp-content\/uploads\/MH-2023_Sur-le-chemin-de-la-pluie-I-768x512.jpg 768w, https:\/\/www.galerieartconcept.com\/wp-content\/uploads\/MH-2023_Sur-le-chemin-de-la-pluie-I-1536x1025.jpg 1536w, https:\/\/www.galerieartconcept.com\/wp-content\/uploads\/MH-2023_Sur-le-chemin-de-la-pluie-I-2048x1366.jpg 2048w, https:\/\/www.galerieartconcept.com\/wp-content\/uploads\/MH-2023_Sur-le-chemin-de-la-pluie-I-1200x800.jpg 1200w, https:\/\/www.galerieartconcept.com\/wp-content\/uploads\/MH-2023_Sur-le-chemin-de-la-pluie-I-1980x1321.jpg 1980w\" sizes=\"auto, (max-width: 1024px) 100vw, 1024px\" \/><figcaption class=\"wp-element-caption\">Miryam Haddad, Sur le chemin de la pluie I, 2023. Huile sur toile, diptyque \/ Oil on canvas diptych. 22 \u00d7 49 cm (8 \u215d \u00d7 19 \u00bc inches). Courtesy the Artist and Art : Concept, Paris. Photo Romain Darnaud<\/figcaption><\/figure>\n\n\n\n<figure class=\"wp-block-image size-large\"><img loading=\"lazy\" decoding=\"async\" width=\"1024\" height=\"683\" data-id=\"29701\" src=\"http:\/\/www.galerieartconcept.com\/wp-content\/uploads\/MH-2023_Sur-le-chemin-de-la-pluie-II-1024x683.jpg\" alt=\"\" class=\"wp-image-29701\" srcset=\"https:\/\/www.galerieartconcept.com\/wp-content\/uploads\/MH-2023_Sur-le-chemin-de-la-pluie-II-1024x683.jpg 1024w, https:\/\/www.galerieartconcept.com\/wp-content\/uploads\/MH-2023_Sur-le-chemin-de-la-pluie-II-300x200.jpg 300w, https:\/\/www.galerieartconcept.com\/wp-content\/uploads\/MH-2023_Sur-le-chemin-de-la-pluie-II-768x512.jpg 768w, https:\/\/www.galerieartconcept.com\/wp-content\/uploads\/MH-2023_Sur-le-chemin-de-la-pluie-II-1536x1025.jpg 1536w, https:\/\/www.galerieartconcept.com\/wp-content\/uploads\/MH-2023_Sur-le-chemin-de-la-pluie-II-2048x1366.jpg 2048w, https:\/\/www.galerieartconcept.com\/wp-content\/uploads\/MH-2023_Sur-le-chemin-de-la-pluie-II-1200x800.jpg 1200w, https:\/\/www.galerieartconcept.com\/wp-content\/uploads\/MH-2023_Sur-le-chemin-de-la-pluie-II-1980x1321.jpg 1980w\" sizes=\"auto, (max-width: 1024px) 100vw, 1024px\" \/><figcaption class=\"wp-element-caption\">Miryam Haddad, Sur le chemin de la pluie I, 2023. Huile sur toile \/ Oil on canvas, 30 \u00d7 24 cm (11 \u00be \u00d7 9 \u00bd inches). Courtesy the Artist and Art : Concept, Paris. Photo Romain Darnau<\/figcaption><\/figure>\n\n\n\n<figure class=\"wp-block-image size-large\"><img loading=\"lazy\" decoding=\"async\" width=\"1024\" height=\"599\" data-id=\"25000\" src=\"http:\/\/www.galerieartconcept.com\/wp-content\/uploads\/MH-2023-Immortelle-MOCO-3-1024x599.jpg\" alt=\"\" class=\"wp-image-25000\" srcset=\"https:\/\/www.galerieartconcept.com\/wp-content\/uploads\/MH-2023-Immortelle-MOCO-3-1024x599.jpg 1024w, https:\/\/www.galerieartconcept.com\/wp-content\/uploads\/MH-2023-Immortelle-MOCO-3-300x175.jpg 300w, https:\/\/www.galerieartconcept.com\/wp-content\/uploads\/MH-2023-Immortelle-MOCO-3-768x449.jpg 768w, https:\/\/www.galerieartconcept.com\/wp-content\/uploads\/MH-2023-Immortelle-MOCO-3-1536x898.jpg 1536w, https:\/\/www.galerieartconcept.com\/wp-content\/uploads\/MH-2023-Immortelle-MOCO-3-2048x1197.jpg 2048w, https:\/\/www.galerieartconcept.com\/wp-content\/uploads\/MH-2023-Immortelle-MOCO-3-1200x701.jpg 1200w, https:\/\/www.galerieartconcept.com\/wp-content\/uploads\/MH-2023-Immortelle-MOCO-3-1980x1157.jpg 1980w\" sizes=\"auto, (max-width: 1024px) 100vw, 1024px\" \/><figcaption class=\"wp-element-caption\">Vue d&rsquo;exposition \/ Installation view Immortelle, MO.CO. Panac\u00e9e, Montpellier\/FR, 2023<\/figcaption><\/figure>\n\n\n\n<figure class=\"wp-block-image size-large\"><img loading=\"lazy\" decoding=\"async\" width=\"1024\" height=\"683\" data-id=\"24936\" src=\"http:\/\/www.galerieartconcept.com\/wp-content\/uploads\/MH-2023_Une-terre-qui-se-re\u0301veille-1024x683.jpg\" alt=\"\" class=\"wp-image-24936\" srcset=\"https:\/\/www.galerieartconcept.com\/wp-content\/uploads\/MH-2023_Une-terre-qui-se-re\u0301veille-1024x683.jpg 1024w, https:\/\/www.galerieartconcept.com\/wp-content\/uploads\/MH-2023_Une-terre-qui-se-re\u0301veille-300x200.jpg 300w, https:\/\/www.galerieartconcept.com\/wp-content\/uploads\/MH-2023_Une-terre-qui-se-re\u0301veille-768x512.jpg 768w, https:\/\/www.galerieartconcept.com\/wp-content\/uploads\/MH-2023_Une-terre-qui-se-re\u0301veille-1536x1024.jpg 1536w, https:\/\/www.galerieartconcept.com\/wp-content\/uploads\/MH-2023_Une-terre-qui-se-re\u0301veille-2048x1366.jpg 2048w, https:\/\/www.galerieartconcept.com\/wp-content\/uploads\/MH-2023_Une-terre-qui-se-re\u0301veille-1200x800.jpg 1200w, https:\/\/www.galerieartconcept.com\/wp-content\/uploads\/MH-2023_Une-terre-qui-se-re\u0301veille-1980x1321.jpg 1980w\" sizes=\"auto, (max-width: 1024px) 100vw, 1024px\" \/><figcaption class=\"wp-element-caption\">Une terre qui se re\u0301veille, 2023, Huile sur toile \/ Oil on canvas.<br>200 x 125 cm + 200 x 200 cm: 200 \u00d7 325 cm. Courtesy the Artist and Art : Concept, Paris. Photo Romain Darnaud<\/figcaption><\/figure>\n\n\n\n<figure class=\"wp-block-image size-large\"><img loading=\"lazy\" decoding=\"async\" width=\"683\" height=\"1024\" data-id=\"24455\" src=\"http:\/\/www.galerieartconcept.com\/wp-content\/uploads\/MH-2022-Poussie\u0300re-du-temps-1-683x1024.jpg\" alt=\"\" class=\"wp-image-24455\" srcset=\"https:\/\/www.galerieartconcept.com\/wp-content\/uploads\/MH-2022-Poussie\u0300re-du-temps-1-683x1024.jpg 683w, https:\/\/www.galerieartconcept.com\/wp-content\/uploads\/MH-2022-Poussie\u0300re-du-temps-1-200x300.jpg 200w, https:\/\/www.galerieartconcept.com\/wp-content\/uploads\/MH-2022-Poussie\u0300re-du-temps-1-768x1151.jpg 768w, https:\/\/www.galerieartconcept.com\/wp-content\/uploads\/MH-2022-Poussie\u0300re-du-temps-1-1025x1536.jpg 1025w, https:\/\/www.galerieartconcept.com\/wp-content\/uploads\/MH-2022-Poussie\u0300re-du-temps-1-1366x2048.jpg 1366w, https:\/\/www.galerieartconcept.com\/wp-content\/uploads\/MH-2022-Poussie\u0300re-du-temps-1-1200x1799.jpg 1200w, https:\/\/www.galerieartconcept.com\/wp-content\/uploads\/MH-2022-Poussie\u0300re-du-temps-1-1980x2969.jpg 1980w, https:\/\/www.galerieartconcept.com\/wp-content\/uploads\/MH-2022-Poussie\u0300re-du-temps-1-scaled.jpg 1708w\" sizes=\"auto, (max-width: 683px) 100vw, 683px\" \/><figcaption class=\"wp-element-caption\">Poussi\u00e8re du temps, 2022<br>Huile sur toile.<br>33 \u00d7 24 \u00d7 2 cm. Courtesy the Artist and Art : Concept, Paris. Photo Romain Darnaud<\/figcaption><\/figure>\n\n\n\n<figure class=\"wp-block-image size-large\"><img loading=\"lazy\" decoding=\"async\" width=\"1024\" height=\"683\" data-id=\"24445\" src=\"http:\/\/www.galerieartconcept.com\/wp-content\/uploads\/MH-2022-Le\u0301treinte-du-vent-1024x683.jpg\" alt=\"\" class=\"wp-image-24445\" srcset=\"https:\/\/www.galerieartconcept.com\/wp-content\/uploads\/MH-2022-Le\u0301treinte-du-vent-1024x683.jpg 1024w, https:\/\/www.galerieartconcept.com\/wp-content\/uploads\/MH-2022-Le\u0301treinte-du-vent-300x200.jpg 300w, https:\/\/www.galerieartconcept.com\/wp-content\/uploads\/MH-2022-Le\u0301treinte-du-vent-768x512.jpg 768w, https:\/\/www.galerieartconcept.com\/wp-content\/uploads\/MH-2022-Le\u0301treinte-du-vent-1536x1024.jpg 1536w, https:\/\/www.galerieartconcept.com\/wp-content\/uploads\/MH-2022-Le\u0301treinte-du-vent-2048x1366.jpg 2048w, https:\/\/www.galerieartconcept.com\/wp-content\/uploads\/MH-2022-Le\u0301treinte-du-vent-1200x800.jpg 1200w, https:\/\/www.galerieartconcept.com\/wp-content\/uploads\/MH-2022-Le\u0301treinte-du-vent-1980x1321.jpg 1980w\" sizes=\"auto, (max-width: 1024px) 100vw, 1024px\" \/><figcaption class=\"wp-element-caption\">L&rsquo;\u00e9treinte du vent, 2022. Huile sur toile \/ Oil on canvas. <br>200 \u00d7 300 \u00d7 2,5 cm. Courtesy the Artist and Art : Concept, Paris. Photo Romain Darnaud<\/figcaption><\/figure>\n\n\n\n<figure class=\"wp-block-image size-large\"><img loading=\"lazy\" decoding=\"async\" width=\"1024\" height=\"683\" data-id=\"19082\" src=\"http:\/\/www.galerieartconcept.com\/wp-content\/uploads\/FR-2022-Entre-tes-yeux-et-les-images-que-jy-vois-015-1024x683.jpg\" alt=\"\" class=\"wp-image-19082\" srcset=\"https:\/\/www.galerieartconcept.com\/wp-content\/uploads\/FR-2022-Entre-tes-yeux-et-les-images-que-jy-vois-015-1024x683.jpg 1024w, https:\/\/www.galerieartconcept.com\/wp-content\/uploads\/FR-2022-Entre-tes-yeux-et-les-images-que-jy-vois-015-300x200.jpg 300w, https:\/\/www.galerieartconcept.com\/wp-content\/uploads\/FR-2022-Entre-tes-yeux-et-les-images-que-jy-vois-015-768x512.jpg 768w, https:\/\/www.galerieartconcept.com\/wp-content\/uploads\/FR-2022-Entre-tes-yeux-et-les-images-que-jy-vois-015-1536x1024.jpg 1536w, https:\/\/www.galerieartconcept.com\/wp-content\/uploads\/FR-2022-Entre-tes-yeux-et-les-images-que-jy-vois-015-2048x1365.jpg 2048w, https:\/\/www.galerieartconcept.com\/wp-content\/uploads\/FR-2022-Entre-tes-yeux-et-les-images-que-jy-vois-015-1200x800.jpg 1200w, https:\/\/www.galerieartconcept.com\/wp-content\/uploads\/FR-2022-Entre-tes-yeux-et-les-images-que-jy-vois-015-1980x1320.jpg 1980w\" sizes=\"auto, (max-width: 1024px) 100vw, 1024px\" \/><figcaption class=\"wp-element-caption\">Installation view \/ Vue de l&rsquo;exposition Entre tes yeux et les images que j&rsquo;y vois \u00e0 la Fondation Pernod Ricard, Paris. 2021<br>Photo by:<br><a href=\"https:\/\/art-concept.nil-database.com\/contacts\/289042\/details\/\">Aur\u00e9lien Mole<\/a><\/figcaption><\/figure>\n\n\n\n<figure class=\"wp-block-image size-large\"><img loading=\"lazy\" decoding=\"async\" width=\"1024\" height=\"683\" data-id=\"23345\" src=\"http:\/\/www.galerieartconcept.com\/wp-content\/uploads\/We-Paint-1653-HD-1-1024x683.jpg\" alt=\"\" class=\"wp-image-23345\" srcset=\"https:\/\/www.galerieartconcept.com\/wp-content\/uploads\/We-Paint-1653-HD-1-1024x683.jpg 1024w, https:\/\/www.galerieartconcept.com\/wp-content\/uploads\/We-Paint-1653-HD-1-300x200.jpg 300w, https:\/\/www.galerieartconcept.com\/wp-content\/uploads\/We-Paint-1653-HD-1-768x512.jpg 768w, https:\/\/www.galerieartconcept.com\/wp-content\/uploads\/We-Paint-1653-HD-1-1536x1024.jpg 1536w, https:\/\/www.galerieartconcept.com\/wp-content\/uploads\/We-Paint-1653-HD-1-2048x1365.jpg 2048w, https:\/\/www.galerieartconcept.com\/wp-content\/uploads\/We-Paint-1653-HD-1-1200x800.jpg 1200w, https:\/\/www.galerieartconcept.com\/wp-content\/uploads\/We-Paint-1653-HD-1-1980x1320.jpg 1980w\" sizes=\"auto, (max-width: 1024px) 100vw, 1024px\" \/><figcaption class=\"wp-element-caption\">Vue d&rsquo;exposition \/ Installation view We paint, Fondation Brebin Prat. Photo \u00a9 Romain Darnaud. Courtesy Fonds de dotation BREDIN PRAT<\/figcaption><\/figure>\n\n\n\n<figure class=\"wp-block-image size-large\"><img loading=\"lazy\" decoding=\"async\" width=\"683\" height=\"1024\" data-id=\"19078\" src=\"http:\/\/www.galerieartconcept.com\/wp-content\/uploads\/Miryam-Haddad-Soleil-avide-1-683x1024.jpg\" alt=\"\" class=\"wp-image-19078\" srcset=\"https:\/\/www.galerieartconcept.com\/wp-content\/uploads\/Miryam-Haddad-Soleil-avide-1-683x1024.jpg 683w, https:\/\/www.galerieartconcept.com\/wp-content\/uploads\/Miryam-Haddad-Soleil-avide-1-200x300.jpg 200w, https:\/\/www.galerieartconcept.com\/wp-content\/uploads\/Miryam-Haddad-Soleil-avide-1-768x1152.jpg 768w, https:\/\/www.galerieartconcept.com\/wp-content\/uploads\/Miryam-Haddad-Soleil-avide-1-1024x1536.jpg 1024w, https:\/\/www.galerieartconcept.com\/wp-content\/uploads\/Miryam-Haddad-Soleil-avide-1-1365x2048.jpg 1365w, https:\/\/www.galerieartconcept.com\/wp-content\/uploads\/Miryam-Haddad-Soleil-avide-1-1200x1800.jpg 1200w, https:\/\/www.galerieartconcept.com\/wp-content\/uploads\/Miryam-Haddad-Soleil-avide-1-1980x2970.jpg 1980w, https:\/\/www.galerieartconcept.com\/wp-content\/uploads\/Miryam-Haddad-Soleil-avide-1-scaled.jpg 1707w\" sizes=\"auto, (max-width: 683px) 100vw, 683px\" \/><figcaption class=\"wp-element-caption\">Miryam Haddad, Soleil avide, 2022. Huile sur toile \/ Oil on canvas. 22 \u00d7 16 cm (8 \u215d \u00d7 6 \u00bc inches). Courtesy the artist ; Art : Concept, Paris. Photo Romain Darnaud.<\/figcaption><\/figure>\n\n\n\n<figure class=\"wp-block-image size-large\"><img loading=\"lazy\" decoding=\"async\" width=\"824\" height=\"1024\" data-id=\"19063\" src=\"http:\/\/www.galerieartconcept.com\/wp-content\/uploads\/MH-2022-Derrie\u0300re-le-vent-qui-fuit-1-824x1024.jpg\" alt=\"\" class=\"wp-image-19063\" srcset=\"https:\/\/www.galerieartconcept.com\/wp-content\/uploads\/MH-2022-Derrie\u0300re-le-vent-qui-fuit-1-824x1024.jpg 824w, https:\/\/www.galerieartconcept.com\/wp-content\/uploads\/MH-2022-Derrie\u0300re-le-vent-qui-fuit-1-241x300.jpg 241w, https:\/\/www.galerieartconcept.com\/wp-content\/uploads\/MH-2022-Derrie\u0300re-le-vent-qui-fuit-1-768x954.jpg 768w, https:\/\/www.galerieartconcept.com\/wp-content\/uploads\/MH-2022-Derrie\u0300re-le-vent-qui-fuit-1-1236x1536.jpg 1236w, https:\/\/www.galerieartconcept.com\/wp-content\/uploads\/MH-2022-Derrie\u0300re-le-vent-qui-fuit-1-1648x2048.jpg 1648w, https:\/\/www.galerieartconcept.com\/wp-content\/uploads\/MH-2022-Derrie\u0300re-le-vent-qui-fuit-1-1200x1491.jpg 1200w, https:\/\/www.galerieartconcept.com\/wp-content\/uploads\/MH-2022-Derrie\u0300re-le-vent-qui-fuit-1-1980x2461.jpg 1980w\" sizes=\"auto, (max-width: 824px) 100vw, 824px\" \/><figcaption class=\"wp-element-caption\">Miryam Haddad, Derri\u00e8re le vent qui fuit, 2022. Aquarelle, papier \/ Watercolor, paper. 30 \u00d7 21 cm (11 \u00be \u00d7 8 \u00bc inches). 36,5 \u00d7 27,5 \u00d7 3,5 cm (14 \u215c \u00d7 10 \u215e \u00d7 1 \u215c inches) (framed). Courtesy the artist ; Art : Concept, Paris. Photo Nicolas Brasseur<\/figcaption><\/figure>\n\n\n\n<figure class=\"wp-block-image size-large\"><img loading=\"lazy\" decoding=\"async\" width=\"1024\" height=\"683\" data-id=\"19056\" src=\"http:\/\/www.galerieartconcept.com\/wp-content\/uploads\/Miryam-Haddad-1970-HD-1024x683.jpg\" alt=\"\" class=\"wp-image-19056\" srcset=\"https:\/\/www.galerieartconcept.com\/wp-content\/uploads\/Miryam-Haddad-1970-HD-1024x683.jpg 1024w, https:\/\/www.galerieartconcept.com\/wp-content\/uploads\/Miryam-Haddad-1970-HD-300x200.jpg 300w, https:\/\/www.galerieartconcept.com\/wp-content\/uploads\/Miryam-Haddad-1970-HD-768x512.jpg 768w, https:\/\/www.galerieartconcept.com\/wp-content\/uploads\/Miryam-Haddad-1970-HD-1536x1025.jpg 1536w, https:\/\/www.galerieartconcept.com\/wp-content\/uploads\/Miryam-Haddad-1970-HD-2048x1366.jpg 2048w, https:\/\/www.galerieartconcept.com\/wp-content\/uploads\/Miryam-Haddad-1970-HD-1200x800.jpg 1200w, https:\/\/www.galerieartconcept.com\/wp-content\/uploads\/Miryam-Haddad-1970-HD-1980x1321.jpg 1980w\" sizes=\"auto, (max-width: 1024px) 100vw, 1024px\" \/><figcaption class=\"wp-element-caption\"><strong>Miryam Haddad<\/strong>, Au bord des regards, 2022. Huile sur toile \/ Oil on canvas. Diptyque \/Diptych : 250 x 200 cm + 250 x 100 cm ; 250 \u00d7 300 cm (98 \u215c \u00d7 118 \u215b inches). Courtesy the artist, Art : Concept, Paris. Photo Romain Darnaud<\/figcaption><\/figure>\n\n\n\n<figure class=\"wp-block-image size-large\"><img loading=\"lazy\" decoding=\"async\" width=\"1024\" height=\"843\" data-id=\"14757\" src=\"http:\/\/www.galerieartconcept.com\/wp-content\/uploads\/2021\/06\/MH122-Le\u0301paule-des-souffles-1-1024x843.jpg\" alt=\"\" class=\"wp-image-14757\" srcset=\"https:\/\/www.galerieartconcept.com\/wp-content\/uploads\/2021\/06\/MH122-Le\u0301paule-des-souffles-1-1024x843.jpg 1024w, https:\/\/www.galerieartconcept.com\/wp-content\/uploads\/2021\/06\/MH122-Le\u0301paule-des-souffles-1-300x247.jpg 300w, https:\/\/www.galerieartconcept.com\/wp-content\/uploads\/2021\/06\/MH122-Le\u0301paule-des-souffles-1-768x632.jpg 768w, https:\/\/www.galerieartconcept.com\/wp-content\/uploads\/2021\/06\/MH122-Le\u0301paule-des-souffles-1-1536x1264.jpg 1536w, https:\/\/www.galerieartconcept.com\/wp-content\/uploads\/2021\/06\/MH122-Le\u0301paule-des-souffles-1-2048x1685.jpg 2048w, https:\/\/www.galerieartconcept.com\/wp-content\/uploads\/2021\/06\/MH122-Le\u0301paule-des-souffles-1-1200x987.jpg 1200w, https:\/\/www.galerieartconcept.com\/wp-content\/uploads\/2021\/06\/MH122-Le\u0301paule-des-souffles-1-1980x1629.jpg 1980w\" sizes=\"auto, (max-width: 1024px) 100vw, 1024px\" \/><figcaption class=\"wp-element-caption\">L&rsquo;\u00e9paule des souffles, 2021, Huile sur toile, 200 \u00d7 250 cm <\/figcaption><\/figure>\n\n\n\n<figure class=\"wp-block-image size-large\"><img loading=\"lazy\" decoding=\"async\" width=\"1024\" height=\"683\" data-id=\"15560\" src=\"http:\/\/www.galerieartconcept.com\/wp-content\/uploads\/2021\/10\/6-1024x683.jpg\" alt=\"\" class=\"wp-image-15560\" srcset=\"https:\/\/www.galerieartconcept.com\/wp-content\/uploads\/2021\/10\/6-1024x683.jpg 1024w, https:\/\/www.galerieartconcept.com\/wp-content\/uploads\/2021\/10\/6-300x200.jpg 300w, https:\/\/www.galerieartconcept.com\/wp-content\/uploads\/2021\/10\/6-768x512.jpg 768w, https:\/\/www.galerieartconcept.com\/wp-content\/uploads\/2021\/10\/6-1536x1024.jpg 1536w, https:\/\/www.galerieartconcept.com\/wp-content\/uploads\/2021\/10\/6-1200x800.jpg 1200w, https:\/\/www.galerieartconcept.com\/wp-content\/uploads\/2021\/10\/6-1980x1320.jpg 1980w, https:\/\/www.galerieartconcept.com\/wp-content\/uploads\/2021\/10\/6.jpg 2048w\" sizes=\"auto, (max-width: 1024px) 100vw, 1024px\" \/><figcaption class=\"wp-element-caption\">Le brin de l&rsquo;aube, 2021<br>huile sur toile, diptyque<br>250 \u00d7 400 cm<\/figcaption><\/figure>\n\n\n\n<figure class=\"wp-block-image size-large\"><img loading=\"lazy\" decoding=\"async\" width=\"300\" height=\"155\" data-id=\"2503\" src=\"http:\/\/www.galerieartconcept.com\/new\/wp-content\/uploads\/2020\/09\/MH079-a-copie-300x155.jpg\" alt=\"\" class=\"wp-image-2503\" srcset=\"https:\/\/www.galerieartconcept.com\/wp-content\/uploads\/2020\/09\/MH079-a-copie-300x155.jpg 300w, https:\/\/www.galerieartconcept.com\/wp-content\/uploads\/2020\/09\/MH079-a-copie-1024x530.jpg 1024w, https:\/\/www.galerieartconcept.com\/wp-content\/uploads\/2020\/09\/MH079-a-copie-768x398.jpg 768w, https:\/\/www.galerieartconcept.com\/wp-content\/uploads\/2020\/09\/MH079-a-copie-1536x795.jpg 1536w, https:\/\/www.galerieartconcept.com\/wp-content\/uploads\/2020\/09\/MH079-a-copie-2048x1060.jpg 2048w, https:\/\/www.galerieartconcept.com\/wp-content\/uploads\/2020\/09\/MH079-a-copie-1200x621.jpg 1200w, https:\/\/www.galerieartconcept.com\/wp-content\/uploads\/2020\/09\/MH079-a-copie-1980x1025.jpg 1980w\" sizes=\"auto, (max-width: 300px) 100vw, 300px\" \/><figcaption class=\"wp-element-caption\">Un ciel vol\u00e9, 2020. huile sur toile, tryptique, chaque 195 x 130 cm,<br>195 x 390 cm. Collection public FRAC Auvergne <\/figcaption><\/figure>\n\n\n\n<figure class=\"wp-block-image size-large\"><img loading=\"lazy\" decoding=\"async\" width=\"783\" height=\"1024\" data-id=\"15564\" src=\"http:\/\/www.galerieartconcept.com\/wp-content\/uploads\/2021\/10\/2-1-783x1024.jpg\" alt=\"\" class=\"wp-image-15564\" srcset=\"https:\/\/www.galerieartconcept.com\/wp-content\/uploads\/2021\/10\/2-1-783x1024.jpg 783w, https:\/\/www.galerieartconcept.com\/wp-content\/uploads\/2021\/10\/2-1-229x300.jpg 229w, https:\/\/www.galerieartconcept.com\/wp-content\/uploads\/2021\/10\/2-1-768x1005.jpg 768w, https:\/\/www.galerieartconcept.com\/wp-content\/uploads\/2021\/10\/2-1-1174x1536.jpg 1174w, https:\/\/www.galerieartconcept.com\/wp-content\/uploads\/2021\/10\/2-1-1565x2048.jpg 1565w, https:\/\/www.galerieartconcept.com\/wp-content\/uploads\/2021\/10\/2-1-1200x1570.jpg 1200w, https:\/\/www.galerieartconcept.com\/wp-content\/uploads\/2021\/10\/2-1-1980x2590.jpg 1980w, https:\/\/www.galerieartconcept.com\/wp-content\/uploads\/2021\/10\/2-1-scaled.jpg 1957w\" sizes=\"auto, (max-width: 783px) 100vw, 783px\" \/><figcaption class=\"wp-element-caption\">La loi des regards, 2021<br>Huile sur toile<br>22 \u00d7 16 cm. Collection priv\u00e9e<\/figcaption><\/figure>\n\n\n\n<figure class=\"wp-block-image size-large\"><img loading=\"lazy\" decoding=\"async\" width=\"683\" height=\"1024\" data-id=\"15558\" src=\"http:\/\/www.galerieartconcept.com\/wp-content\/uploads\/2021\/10\/5-683x1024.jpg\" alt=\"\" class=\"wp-image-15558\" srcset=\"https:\/\/www.galerieartconcept.com\/wp-content\/uploads\/2021\/10\/5-683x1024.jpg 683w, https:\/\/www.galerieartconcept.com\/wp-content\/uploads\/2021\/10\/5-200x300.jpg 200w, https:\/\/www.galerieartconcept.com\/wp-content\/uploads\/2021\/10\/5-768x1152.jpg 768w, https:\/\/www.galerieartconcept.com\/wp-content\/uploads\/2021\/10\/5-1024x1536.jpg 1024w, https:\/\/www.galerieartconcept.com\/wp-content\/uploads\/2021\/10\/5-1365x2048.jpg 1365w, https:\/\/www.galerieartconcept.com\/wp-content\/uploads\/2021\/10\/5-1200x1800.jpg 1200w, https:\/\/www.galerieartconcept.com\/wp-content\/uploads\/2021\/10\/5-1980x2970.jpg 1980w, https:\/\/www.galerieartconcept.com\/wp-content\/uploads\/2021\/10\/5-scaled.jpg 1707w\" sizes=\"auto, (max-width: 683px) 100vw, 683px\" \/><figcaption class=\"wp-element-caption\">L&rsquo;aube entre les mains, 2021<br>Aquarelle, papier<br>30 \u00d7 21 cm. Collection priv\u00e9e<\/figcaption><\/figure>\n\n\n\n<figure class=\"wp-block-image size-large\"><img loading=\"lazy\" decoding=\"async\" width=\"683\" height=\"1024\" data-id=\"15554\" src=\"http:\/\/www.galerieartconcept.com\/wp-content\/uploads\/2021\/10\/3-683x1024.jpg\" alt=\"\" class=\"wp-image-15554\" srcset=\"https:\/\/www.galerieartconcept.com\/wp-content\/uploads\/2021\/10\/3-683x1024.jpg 683w, https:\/\/www.galerieartconcept.com\/wp-content\/uploads\/2021\/10\/3-200x300.jpg 200w, https:\/\/www.galerieartconcept.com\/wp-content\/uploads\/2021\/10\/3-768x1152.jpg 768w, https:\/\/www.galerieartconcept.com\/wp-content\/uploads\/2021\/10\/3-1024x1536.jpg 1024w, https:\/\/www.galerieartconcept.com\/wp-content\/uploads\/2021\/10\/3-1365x2048.jpg 1365w, https:\/\/www.galerieartconcept.com\/wp-content\/uploads\/2021\/10\/3-1200x1800.jpg 1200w, https:\/\/www.galerieartconcept.com\/wp-content\/uploads\/2021\/10\/3-1980x2970.jpg 1980w, https:\/\/www.galerieartconcept.com\/wp-content\/uploads\/2021\/10\/3-scaled.jpg 1707w\" sizes=\"auto, (max-width: 683px) 100vw, 683px\" \/><figcaption class=\"wp-element-caption\">L&rsquo;aube entre les mains, 2021<br>Aquarelle, papier<br>29,5 \u00d7 20,5 cm<\/figcaption><\/figure>\n\n\n\n<figure class=\"wp-block-image size-large\"><img loading=\"lazy\" decoding=\"async\" width=\"652\" height=\"1024\" data-id=\"15556\" src=\"http:\/\/www.galerieartconcept.com\/wp-content\/uploads\/2021\/10\/4-652x1024.jpg\" alt=\"\" class=\"wp-image-15556\" srcset=\"https:\/\/www.galerieartconcept.com\/wp-content\/uploads\/2021\/10\/4-652x1024.jpg 652w, https:\/\/www.galerieartconcept.com\/wp-content\/uploads\/2021\/10\/4-191x300.jpg 191w, https:\/\/www.galerieartconcept.com\/wp-content\/uploads\/2021\/10\/4-768x1207.jpg 768w, https:\/\/www.galerieartconcept.com\/wp-content\/uploads\/2021\/10\/4-977x1536.jpg 977w, https:\/\/www.galerieartconcept.com\/wp-content\/uploads\/2021\/10\/4-1303x2048.jpg 1303w, https:\/\/www.galerieartconcept.com\/wp-content\/uploads\/2021\/10\/4-1200x1886.jpg 1200w, https:\/\/www.galerieartconcept.com\/wp-content\/uploads\/2021\/10\/4-scaled.jpg 1629w\" sizes=\"auto, (max-width: 652px) 100vw, 652px\" \/><figcaption class=\"wp-element-caption\">Quand le ciel ouvre ses paupi\u00e8res, 2021<br>Huile sur toile<br>24 \u00d7 14 cm. Collection priv\u00e9e<\/figcaption><\/figure>\n\n\n\n<figure class=\"wp-block-image size-large\"><img loading=\"lazy\" decoding=\"async\" width=\"1024\" height=\"683\" data-id=\"23353\" src=\"http:\/\/www.galerieartconcept.com\/wp-content\/uploads\/VISITE-HADDAD-003-1-1024x683.jpeg\" alt=\"\" class=\"wp-image-23353\" srcset=\"https:\/\/www.galerieartconcept.com\/wp-content\/uploads\/VISITE-HADDAD-003-1-1024x683.jpeg 1024w, https:\/\/www.galerieartconcept.com\/wp-content\/uploads\/VISITE-HADDAD-003-1-300x200.jpeg 300w, https:\/\/www.galerieartconcept.com\/wp-content\/uploads\/VISITE-HADDAD-003-1-768x512.jpeg 768w, https:\/\/www.galerieartconcept.com\/wp-content\/uploads\/VISITE-HADDAD-003-1-1536x1024.jpeg 1536w, https:\/\/www.galerieartconcept.com\/wp-content\/uploads\/VISITE-HADDAD-003-1-2048x1365.jpeg 2048w, https:\/\/www.galerieartconcept.com\/wp-content\/uploads\/VISITE-HADDAD-003-1-1200x800.jpeg 1200w, https:\/\/www.galerieartconcept.com\/wp-content\/uploads\/VISITE-HADDAD-003-1-1980x1320.jpeg 1980w\" sizes=\"auto, (max-width: 1024px) 100vw, 1024px\" \/><figcaption class=\"wp-element-caption\">Vue de l&rsquo;exposition \/ Installation view Miryam Haddad L\u00e0-bas, sur le ciel d&rsquo;orage &#8211; FRAC Auvergne, Clermont &#8211; Ferrand, 2021. Photo Ludovic Combe<\/figcaption><\/figure>\n\n\n\n<figure class=\"wp-block-image size-large\"><img loading=\"lazy\" decoding=\"async\" width=\"1024\" height=\"683\" data-id=\"23367\" src=\"http:\/\/www.galerieartconcept.com\/wp-content\/uploads\/VISITE-HADDAD-011-1-1024x683.jpeg\" alt=\"\" class=\"wp-image-23367\" srcset=\"https:\/\/www.galerieartconcept.com\/wp-content\/uploads\/VISITE-HADDAD-011-1-1024x683.jpeg 1024w, https:\/\/www.galerieartconcept.com\/wp-content\/uploads\/VISITE-HADDAD-011-1-300x200.jpeg 300w, https:\/\/www.galerieartconcept.com\/wp-content\/uploads\/VISITE-HADDAD-011-1-768x512.jpeg 768w, https:\/\/www.galerieartconcept.com\/wp-content\/uploads\/VISITE-HADDAD-011-1-1536x1024.jpeg 1536w, https:\/\/www.galerieartconcept.com\/wp-content\/uploads\/VISITE-HADDAD-011-1-2048x1365.jpeg 2048w, https:\/\/www.galerieartconcept.com\/wp-content\/uploads\/VISITE-HADDAD-011-1-1200x800.jpeg 1200w, https:\/\/www.galerieartconcept.com\/wp-content\/uploads\/VISITE-HADDAD-011-1-1980x1320.jpeg 1980w\" sizes=\"auto, (max-width: 1024px) 100vw, 1024px\" \/><figcaption class=\"wp-element-caption\">Vue de l&rsquo;exposition \/ Installation view Miryam Haddad L\u00e0-bas, sur le ciel d&rsquo;orage &#8211; FRAC Auvergne, Clermont &#8211; Ferrand, 2021. Photo Ludovic Combe<\/figcaption><\/figure>\n\n\n\n<figure class=\"wp-block-image size-large\"><img loading=\"lazy\" decoding=\"async\" width=\"1024\" height=\"682\" data-id=\"23361\" src=\"http:\/\/www.galerieartconcept.com\/wp-content\/uploads\/VISITE-HADDAD-012-1024x682.jpeg\" alt=\"\" class=\"wp-image-23361\" srcset=\"https:\/\/www.galerieartconcept.com\/wp-content\/uploads\/VISITE-HADDAD-012-1024x682.jpeg 1024w, https:\/\/www.galerieartconcept.com\/wp-content\/uploads\/VISITE-HADDAD-012-300x200.jpeg 300w, https:\/\/www.galerieartconcept.com\/wp-content\/uploads\/VISITE-HADDAD-012-768x512.jpeg 768w, https:\/\/www.galerieartconcept.com\/wp-content\/uploads\/VISITE-HADDAD-012-1536x1024.jpeg 1536w, https:\/\/www.galerieartconcept.com\/wp-content\/uploads\/VISITE-HADDAD-012-2048x1365.jpeg 2048w, https:\/\/www.galerieartconcept.com\/wp-content\/uploads\/VISITE-HADDAD-012-1200x800.jpeg 1200w, https:\/\/www.galerieartconcept.com\/wp-content\/uploads\/VISITE-HADDAD-012-1980x1320.jpeg 1980w\" sizes=\"auto, (max-width: 1024px) 100vw, 1024px\" \/><figcaption class=\"wp-element-caption\">Vue de l&rsquo;exposition \/ Installation view Miryam Haddad L\u00e0-bas, sur le ciel d&rsquo;orage &#8211; FRAC Auvergne, Clermont &#8211; Ferrand, 2021. Photo Ludovic Combe<\/figcaption><\/figure>\n\n\n\n<figure class=\"wp-block-image size-large\"><img loading=\"lazy\" decoding=\"async\" width=\"1024\" height=\"708\" data-id=\"23371\" src=\"http:\/\/www.galerieartconcept.com\/wp-content\/uploads\/VISITE-HADDAD-014-1-1024x708.jpeg\" alt=\"\" class=\"wp-image-23371\" srcset=\"https:\/\/www.galerieartconcept.com\/wp-content\/uploads\/VISITE-HADDAD-014-1-1024x708.jpeg 1024w, https:\/\/www.galerieartconcept.com\/wp-content\/uploads\/VISITE-HADDAD-014-1-300x207.jpeg 300w, https:\/\/www.galerieartconcept.com\/wp-content\/uploads\/VISITE-HADDAD-014-1-768x531.jpeg 768w, https:\/\/www.galerieartconcept.com\/wp-content\/uploads\/VISITE-HADDAD-014-1-1536x1062.jpeg 1536w, https:\/\/www.galerieartconcept.com\/wp-content\/uploads\/VISITE-HADDAD-014-1-2048x1416.jpeg 2048w, https:\/\/www.galerieartconcept.com\/wp-content\/uploads\/VISITE-HADDAD-014-1-1200x830.jpeg 1200w, https:\/\/www.galerieartconcept.com\/wp-content\/uploads\/VISITE-HADDAD-014-1-1980x1369.jpeg 1980w\" sizes=\"auto, (max-width: 1024px) 100vw, 1024px\" \/><figcaption class=\"wp-element-caption\">Vue de l&rsquo;exposition \/ Installation view Miryam Haddad L\u00e0-bas, sur le ciel d&rsquo;orage &#8211; FRAC Auvergne, Clermont &#8211; Ferrand, 2021. Photo Ludovic Combe<\/figcaption><\/figure>\n\n\n\n<figure class=\"wp-block-image size-large\"><img loading=\"lazy\" decoding=\"async\" width=\"821\" height=\"1024\" data-id=\"15550\" src=\"http:\/\/www.galerieartconcept.com\/wp-content\/uploads\/2021\/10\/1-821x1024.jpg\" alt=\"\" class=\"wp-image-15550\" srcset=\"https:\/\/www.galerieartconcept.com\/wp-content\/uploads\/2021\/10\/1-821x1024.jpg 821w, https:\/\/www.galerieartconcept.com\/wp-content\/uploads\/2021\/10\/1-241x300.jpg 241w, https:\/\/www.galerieartconcept.com\/wp-content\/uploads\/2021\/10\/1-768x958.jpg 768w, https:\/\/www.galerieartconcept.com\/wp-content\/uploads\/2021\/10\/1-1232x1536.jpg 1232w, https:\/\/www.galerieartconcept.com\/wp-content\/uploads\/2021\/10\/1-1642x2048.jpg 1642w, https:\/\/www.galerieartconcept.com\/wp-content\/uploads\/2021\/10\/1-1200x1497.jpg 1200w, https:\/\/www.galerieartconcept.com\/wp-content\/uploads\/2021\/10\/1-1980x2469.jpg 1980w, https:\/\/www.galerieartconcept.com\/wp-content\/uploads\/2021\/10\/1.jpg 2047w\" sizes=\"auto, (max-width: 821px) 100vw, 821px\" \/><figcaption class=\"wp-element-caption\">Face aux regards en deuil, 2020<br>Huile sur toile<br>250 x 200 cm. Collection priv\u00e9e<\/figcaption><\/figure>\n\n\n\n<figure class=\"wp-block-image size-large\"><img loading=\"lazy\" decoding=\"async\" width=\"683\" height=\"1024\" data-id=\"13905\" src=\"http:\/\/www.galerieartconcept.com\/wp-content\/uploads\/2021\/04\/MH108_Edifier-la-nuit_2021-683x1024.jpg\" alt=\"\" class=\"wp-image-13905\" srcset=\"https:\/\/www.galerieartconcept.com\/wp-content\/uploads\/2021\/04\/MH108_Edifier-la-nuit_2021-683x1024.jpg 683w, https:\/\/www.galerieartconcept.com\/wp-content\/uploads\/2021\/04\/MH108_Edifier-la-nuit_2021-200x300.jpg 200w, https:\/\/www.galerieartconcept.com\/wp-content\/uploads\/2021\/04\/MH108_Edifier-la-nuit_2021-768x1152.jpg 768w, https:\/\/www.galerieartconcept.com\/wp-content\/uploads\/2021\/04\/MH108_Edifier-la-nuit_2021-1024x1536.jpg 1024w, https:\/\/www.galerieartconcept.com\/wp-content\/uploads\/2021\/04\/MH108_Edifier-la-nuit_2021-1365x2048.jpg 1365w, https:\/\/www.galerieartconcept.com\/wp-content\/uploads\/2021\/04\/MH108_Edifier-la-nuit_2021-1200x1800.jpg 1200w, https:\/\/www.galerieartconcept.com\/wp-content\/uploads\/2021\/04\/MH108_Edifier-la-nuit_2021-1980x2970.jpg 1980w, https:\/\/www.galerieartconcept.com\/wp-content\/uploads\/2021\/04\/MH108_Edifier-la-nuit_2021-scaled.jpg 1707w\" sizes=\"auto, (max-width: 683px) 100vw, 683px\" \/><figcaption class=\"wp-element-caption\">\u00c9difier la nuit, 2020, huile sur toile, 33,5 \u00d7 24 cm. Collection priv\u00e9e FR<\/figcaption><\/figure>\n\n\n\n<figure class=\"wp-block-image size-large\"><img loading=\"lazy\" decoding=\"async\" width=\"851\" height=\"1024\" data-id=\"4708\" src=\"http:\/\/www.galerieartconcept.com\/new\/wp-content\/uploads\/2020\/09\/MH099_retouche\u0301e-851x1024.jpg\" alt=\"\" class=\"wp-image-4708\" srcset=\"https:\/\/www.galerieartconcept.com\/wp-content\/uploads\/2020\/09\/MH099_retouche\u0301e-851x1024.jpg 851w, https:\/\/www.galerieartconcept.com\/wp-content\/uploads\/2020\/09\/MH099_retouche\u0301e-249x300.jpg 249w, https:\/\/www.galerieartconcept.com\/wp-content\/uploads\/2020\/09\/MH099_retouche\u0301e-768x924.jpg 768w, https:\/\/www.galerieartconcept.com\/wp-content\/uploads\/2020\/09\/MH099_retouche\u0301e-1277x1536.jpg 1277w, https:\/\/www.galerieartconcept.com\/wp-content\/uploads\/2020\/09\/MH099_retouche\u0301e-1702x2048.jpg 1702w, https:\/\/www.galerieartconcept.com\/wp-content\/uploads\/2020\/09\/MH099_retouche\u0301e-1200x1444.jpg 1200w, https:\/\/www.galerieartconcept.com\/wp-content\/uploads\/2020\/09\/MH099_retouche\u0301e-1980x2382.jpg 1980w\" sizes=\"auto, (max-width: 851px) 100vw, 851px\" \/><figcaption class=\"wp-element-caption\">Les songes agitant mers et lumi\u00e8res, 2020, huile sur toile, 300 x 300 cm.  Collection priv\u00e9e <\/figcaption><\/figure>\n\n\n\n<figure class=\"wp-block-image size-large\"><img loading=\"lazy\" decoding=\"async\" width=\"683\" height=\"1024\" data-id=\"4734\" src=\"http:\/\/www.galerieartconcept.com\/new\/wp-content\/uploads\/2020\/09\/MH100-683x1024.jpg\" alt=\"\" class=\"wp-image-4734\" srcset=\"https:\/\/www.galerieartconcept.com\/wp-content\/uploads\/2020\/09\/MH100-683x1024.jpg 683w, https:\/\/www.galerieartconcept.com\/wp-content\/uploads\/2020\/09\/MH100-200x300.jpg 200w, https:\/\/www.galerieartconcept.com\/wp-content\/uploads\/2020\/09\/MH100-768x1152.jpg 768w, https:\/\/www.galerieartconcept.com\/wp-content\/uploads\/2020\/09\/MH100-1024x1536.jpg 1024w, https:\/\/www.galerieartconcept.com\/wp-content\/uploads\/2020\/09\/MH100-1365x2048.jpg 1365w, https:\/\/www.galerieartconcept.com\/wp-content\/uploads\/2020\/09\/MH100-1200x1800.jpg 1200w, https:\/\/www.galerieartconcept.com\/wp-content\/uploads\/2020\/09\/MH100-1980x2971.jpg 1980w, https:\/\/www.galerieartconcept.com\/wp-content\/uploads\/2020\/09\/MH100-scaled.jpg 1706w\" sizes=\"auto, (max-width: 683px) 100vw, 683px\" \/><figcaption class=\"wp-element-caption\">Le soupir des lueurs, 2020, huile sur toile, 250 x 200 cm <\/figcaption><\/figure>\n\n\n\n<figure class=\"wp-block-image size-large\"><img loading=\"lazy\" decoding=\"async\" width=\"683\" height=\"1024\" data-id=\"9124\" src=\"http:\/\/www.galerieartconcept.com\/wp-content\/uploads\/2020\/12\/MH101_W-683x1024.jpg\" alt=\"\" class=\"wp-image-9124\" srcset=\"https:\/\/www.galerieartconcept.com\/wp-content\/uploads\/2020\/12\/MH101_W-683x1024.jpg 683w, https:\/\/www.galerieartconcept.com\/wp-content\/uploads\/2020\/12\/MH101_W-200x300.jpg 200w, https:\/\/www.galerieartconcept.com\/wp-content\/uploads\/2020\/12\/MH101_W-768x1152.jpg 768w, https:\/\/www.galerieartconcept.com\/wp-content\/uploads\/2020\/12\/MH101_W-1024x1536.jpg 1024w, https:\/\/www.galerieartconcept.com\/wp-content\/uploads\/2020\/12\/MH101_W-1366x2048.jpg 1366w, https:\/\/www.galerieartconcept.com\/wp-content\/uploads\/2020\/12\/MH101_W-1200x1800.jpg 1200w, https:\/\/www.galerieartconcept.com\/wp-content\/uploads\/2020\/12\/MH101_W-1980x2970.jpg 1980w, https:\/\/www.galerieartconcept.com\/wp-content\/uploads\/2020\/12\/MH101_W-scaled.jpg 1707w\" sizes=\"auto, (max-width: 683px) 100vw, 683px\" \/><figcaption class=\"wp-element-caption\">Les ondes silencieuses, 2020 huile sur toile 250 x 210 cm<\/figcaption><\/figure>\n\n\n\n<figure class=\"wp-block-image size-large\"><img loading=\"lazy\" decoding=\"async\" width=\"756\" height=\"1024\" data-id=\"9119\" src=\"http:\/\/www.galerieartconcept.com\/wp-content\/uploads\/2020\/12\/MH084_W-756x1024.jpg\" alt=\"\" class=\"wp-image-9119\" srcset=\"https:\/\/www.galerieartconcept.com\/wp-content\/uploads\/2020\/12\/MH084_W-756x1024.jpg 756w, https:\/\/www.galerieartconcept.com\/wp-content\/uploads\/2020\/12\/MH084_W-222x300.jpg 222w, https:\/\/www.galerieartconcept.com\/wp-content\/uploads\/2020\/12\/MH084_W-768x1040.jpg 768w, https:\/\/www.galerieartconcept.com\/wp-content\/uploads\/2020\/12\/MH084_W-1134x1536.jpg 1134w, https:\/\/www.galerieartconcept.com\/wp-content\/uploads\/2020\/12\/MH084_W-1512x2048.jpg 1512w, https:\/\/www.galerieartconcept.com\/wp-content\/uploads\/2020\/12\/MH084_W-1200x1625.jpg 1200w, https:\/\/www.galerieartconcept.com\/wp-content\/uploads\/2020\/12\/MH084_W-1980x2681.jpg 1980w, https:\/\/www.galerieartconcept.com\/wp-content\/uploads\/2020\/12\/MH084_W-scaled.jpg 1891w\" sizes=\"auto, (max-width: 756px) 100vw, 756px\" \/><figcaption class=\"wp-element-caption\">L\u2019\u00e9cume des protecteurs, 2020 huile sur toile<br>22 x 16 cm. Collection priv\u00e9e IT<\/figcaption><\/figure>\n\n\n\n<figure class=\"wp-block-image size-large\"><img loading=\"lazy\" decoding=\"async\" width=\"744\" height=\"1024\" data-id=\"9113\" src=\"http:\/\/www.galerieartconcept.com\/wp-content\/uploads\/2020\/12\/MH085_W-744x1024.jpg\" alt=\"\" class=\"wp-image-9113\" srcset=\"https:\/\/www.galerieartconcept.com\/wp-content\/uploads\/2020\/12\/MH085_W-744x1024.jpg 744w, https:\/\/www.galerieartconcept.com\/wp-content\/uploads\/2020\/12\/MH085_W-218x300.jpg 218w, https:\/\/www.galerieartconcept.com\/wp-content\/uploads\/2020\/12\/MH085_W-768x1057.jpg 768w, https:\/\/www.galerieartconcept.com\/wp-content\/uploads\/2020\/12\/MH085_W-1116x1536.jpg 1116w, https:\/\/www.galerieartconcept.com\/wp-content\/uploads\/2020\/12\/MH085_W-1488x2048.jpg 1488w, https:\/\/www.galerieartconcept.com\/wp-content\/uploads\/2020\/12\/MH085_W-1200x1651.jpg 1200w, https:\/\/www.galerieartconcept.com\/wp-content\/uploads\/2020\/12\/MH085_W-1980x2724.jpg 1980w, https:\/\/www.galerieartconcept.com\/wp-content\/uploads\/2020\/12\/MH085_W-scaled.jpg 1860w\" sizes=\"auto, (max-width: 744px) 100vw, 744px\" \/><figcaption class=\"wp-element-caption\">Le ciel souffle de son souffle aride, 2020, huile sur toile, 22 x 16 cm. Collection priv\u00e9e FR<\/figcaption><\/figure>\n\n\n\n<figure class=\"wp-block-image size-large\"><img loading=\"lazy\" decoding=\"async\" width=\"805\" height=\"1024\" data-id=\"9129\" src=\"http:\/\/www.galerieartconcept.com\/wp-content\/uploads\/2020\/12\/MH089_W-805x1024.jpg\" alt=\"\" class=\"wp-image-9129\" srcset=\"https:\/\/www.galerieartconcept.com\/wp-content\/uploads\/2020\/12\/MH089_W-805x1024.jpg 805w, https:\/\/www.galerieartconcept.com\/wp-content\/uploads\/2020\/12\/MH089_W-236x300.jpg 236w, https:\/\/www.galerieartconcept.com\/wp-content\/uploads\/2020\/12\/MH089_W-768x977.jpg 768w, https:\/\/www.galerieartconcept.com\/wp-content\/uploads\/2020\/12\/MH089_W-1208x1536.jpg 1208w, https:\/\/www.galerieartconcept.com\/wp-content\/uploads\/2020\/12\/MH089_W-1610x2048.jpg 1610w, https:\/\/www.galerieartconcept.com\/wp-content\/uploads\/2020\/12\/MH089_W-1200x1526.jpg 1200w, https:\/\/www.galerieartconcept.com\/wp-content\/uploads\/2020\/12\/MH089_W-1980x2518.jpg 1980w, https:\/\/www.galerieartconcept.com\/wp-content\/uploads\/2020\/12\/MH089_W-scaled.jpg 2013w\" sizes=\"auto, (max-width: 805px) 100vw, 805px\" \/><figcaption class=\"wp-element-caption\">Vent des lumi\u00e8res, 2020, huile sur toile, 24 x 19 cm. Collection priv\u00e9e FR<\/figcaption><\/figure>\n\n\n\n<figure class=\"wp-block-image size-large\"><img loading=\"lazy\" decoding=\"async\" width=\"1001\" height=\"1024\" data-id=\"9133\" src=\"http:\/\/www.galerieartconcept.com\/wp-content\/uploads\/2020\/12\/MH088_W-1001x1024.jpg\" alt=\"\" class=\"wp-image-9133\" srcset=\"https:\/\/www.galerieartconcept.com\/wp-content\/uploads\/2020\/12\/MH088_W-1001x1024.jpg 1001w, https:\/\/www.galerieartconcept.com\/wp-content\/uploads\/2020\/12\/MH088_W-293x300.jpg 293w, https:\/\/www.galerieartconcept.com\/wp-content\/uploads\/2020\/12\/MH088_W-768x786.jpg 768w, https:\/\/www.galerieartconcept.com\/wp-content\/uploads\/2020\/12\/MH088_W-1501x1536.jpg 1501w, https:\/\/www.galerieartconcept.com\/wp-content\/uploads\/2020\/12\/MH088_W-2002x2048.jpg 2002w, https:\/\/www.galerieartconcept.com\/wp-content\/uploads\/2020\/12\/MH088_W-1200x1228.jpg 1200w, https:\/\/www.galerieartconcept.com\/wp-content\/uploads\/2020\/12\/MH088_W-1980x2026.jpg 1980w\" sizes=\"auto, (max-width: 1001px) 100vw, 1001px\" \/><figcaption class=\"wp-element-caption\">Feu du ciel, 2020, huile sur toile, 20 x 20 cm. Collection priv\u00e9e <\/figcaption><\/figure>\n\n\n\n<figure class=\"wp-block-image size-large\"><img loading=\"lazy\" decoding=\"async\" width=\"807\" height=\"1024\" data-id=\"4725\" src=\"http:\/\/www.galerieartconcept.com\/new\/wp-content\/uploads\/2020\/09\/MH1010-807x1024.jpg\" alt=\"\" class=\"wp-image-4725\" srcset=\"https:\/\/www.galerieartconcept.com\/wp-content\/uploads\/2020\/09\/MH1010-807x1024.jpg 807w, https:\/\/www.galerieartconcept.com\/wp-content\/uploads\/2020\/09\/MH1010-236x300.jpg 236w, https:\/\/www.galerieartconcept.com\/wp-content\/uploads\/2020\/09\/MH1010-768x975.jpg 768w, https:\/\/www.galerieartconcept.com\/wp-content\/uploads\/2020\/09\/MH1010-1210x1536.jpg 1210w, https:\/\/www.galerieartconcept.com\/wp-content\/uploads\/2020\/09\/MH1010-1614x2048.jpg 1614w, https:\/\/www.galerieartconcept.com\/wp-content\/uploads\/2020\/09\/MH1010-1200x1523.jpg 1200w, https:\/\/www.galerieartconcept.com\/wp-content\/uploads\/2020\/09\/MH1010-1980x2513.jpg 1980w, https:\/\/www.galerieartconcept.com\/wp-content\/uploads\/2020\/09\/MH1010-scaled.jpg 2017w\" sizes=\"auto, (max-width: 807px) 100vw, 807px\" \/><figcaption class=\"wp-element-caption\">La fonte des cieux, 2020, aquarelle, papier, 36 x 27 cm. Collection priv\u00e9e  CY<\/figcaption><\/figure>\n\n\n\n<figure class=\"wp-block-image size-large\"><img loading=\"lazy\" decoding=\"async\" width=\"807\" height=\"1024\" data-id=\"4727\" src=\"http:\/\/www.galerieartconcept.com\/new\/wp-content\/uploads\/2020\/09\/MH107-807x1024.jpg\" alt=\"\" class=\"wp-image-4727\" srcset=\"https:\/\/www.galerieartconcept.com\/wp-content\/uploads\/2020\/09\/MH107-807x1024.jpg 807w, https:\/\/www.galerieartconcept.com\/wp-content\/uploads\/2020\/09\/MH107-236x300.jpg 236w, https:\/\/www.galerieartconcept.com\/wp-content\/uploads\/2020\/09\/MH107-768x975.jpg 768w, https:\/\/www.galerieartconcept.com\/wp-content\/uploads\/2020\/09\/MH107-1210x1536.jpg 1210w, https:\/\/www.galerieartconcept.com\/wp-content\/uploads\/2020\/09\/MH107-1614x2048.jpg 1614w, https:\/\/www.galerieartconcept.com\/wp-content\/uploads\/2020\/09\/MH107-1200x1523.jpg 1200w, https:\/\/www.galerieartconcept.com\/wp-content\/uploads\/2020\/09\/MH107-1980x2513.jpg 1980w, https:\/\/www.galerieartconcept.com\/wp-content\/uploads\/2020\/09\/MH107-scaled.jpg 2017w\" sizes=\"auto, (max-width: 807px) 100vw, 807px\" \/><figcaption class=\"wp-element-caption\">La fonte des cieux, 2020, aquarelle, papier, 36 x 27 cm. Collection priv\u00e9e FR<\/figcaption><\/figure>\n\n\n\n<figure class=\"wp-block-image size-large\"><img loading=\"lazy\" decoding=\"async\" width=\"796\" height=\"1024\" data-id=\"9107\" src=\"http:\/\/www.galerieartconcept.com\/wp-content\/uploads\/2020\/12\/MH078_W-796x1024.jpg\" alt=\"\" class=\"wp-image-9107\" srcset=\"https:\/\/www.galerieartconcept.com\/wp-content\/uploads\/2020\/12\/MH078_W-796x1024.jpg 796w, https:\/\/www.galerieartconcept.com\/wp-content\/uploads\/2020\/12\/MH078_W-233x300.jpg 233w, https:\/\/www.galerieartconcept.com\/wp-content\/uploads\/2020\/12\/MH078_W-768x988.jpg 768w, https:\/\/www.galerieartconcept.com\/wp-content\/uploads\/2020\/12\/MH078_W-1193x1536.jpg 1193w, https:\/\/www.galerieartconcept.com\/wp-content\/uploads\/2020\/12\/MH078_W-1591x2048.jpg 1591w, https:\/\/www.galerieartconcept.com\/wp-content\/uploads\/2020\/12\/MH078_W-1200x1544.jpg 1200w, https:\/\/www.galerieartconcept.com\/wp-content\/uploads\/2020\/12\/MH078_W-1980x2548.jpg 1980w, https:\/\/www.galerieartconcept.com\/wp-content\/uploads\/2020\/12\/MH078_W-scaled.jpg 1989w\" sizes=\"auto, (max-width: 796px) 100vw, 796px\" \/><figcaption class=\"wp-element-caption\">Cr\u00e9puscule, 2020, huile sur toile, 35 x 27 cm. Collection priv\u00e9e FR<\/figcaption><\/figure>\n\n\n\n<figure class=\"wp-block-image size-large\"><img loading=\"lazy\" decoding=\"async\" width=\"1024\" height=\"677\" data-id=\"23396\" src=\"http:\/\/www.galerieartconcept.com\/wp-content\/uploads\/DSC2059_2-1024x677.jpg\" alt=\"\" class=\"wp-image-23396\" srcset=\"https:\/\/www.galerieartconcept.com\/wp-content\/uploads\/DSC2059_2-1024x677.jpg 1024w, https:\/\/www.galerieartconcept.com\/wp-content\/uploads\/DSC2059_2-300x198.jpg 300w, https:\/\/www.galerieartconcept.com\/wp-content\/uploads\/DSC2059_2-768x508.jpg 768w, https:\/\/www.galerieartconcept.com\/wp-content\/uploads\/DSC2059_2-1536x1016.jpg 1536w, https:\/\/www.galerieartconcept.com\/wp-content\/uploads\/DSC2059_2-2048x1354.jpg 2048w, https:\/\/www.galerieartconcept.com\/wp-content\/uploads\/DSC2059_2-1200x793.jpg 1200w, https:\/\/www.galerieartconcept.com\/wp-content\/uploads\/DSC2059_2-1980x1309.jpg 1980w\" sizes=\"auto, (max-width: 1024px) 100vw, 1024px\" \/><figcaption class=\"wp-element-caption\">Vue d&rsquo;exposition \/ Installation view j&rsquo;aime, j&rsquo;aime pas, Eigen-Art Leipzig\/DE, 2020<\/figcaption><\/figure>\n\n\n\n<figure class=\"wp-block-image size-large\"><img loading=\"lazy\" decoding=\"async\" width=\"1024\" height=\"683\" data-id=\"23405\" src=\"http:\/\/www.galerieartconcept.com\/wp-content\/uploads\/Miryam-Haddad-Exposition-HD-1130-1024x683.jpg\" alt=\"\" class=\"wp-image-23405\" srcset=\"https:\/\/www.galerieartconcept.com\/wp-content\/uploads\/Miryam-Haddad-Exposition-HD-1130-1024x683.jpg 1024w, https:\/\/www.galerieartconcept.com\/wp-content\/uploads\/Miryam-Haddad-Exposition-HD-1130-300x200.jpg 300w, https:\/\/www.galerieartconcept.com\/wp-content\/uploads\/Miryam-Haddad-Exposition-HD-1130-768x512.jpg 768w, https:\/\/www.galerieartconcept.com\/wp-content\/uploads\/Miryam-Haddad-Exposition-HD-1130-1536x1024.jpg 1536w, https:\/\/www.galerieartconcept.com\/wp-content\/uploads\/Miryam-Haddad-Exposition-HD-1130-2048x1365.jpg 2048w, https:\/\/www.galerieartconcept.com\/wp-content\/uploads\/Miryam-Haddad-Exposition-HD-1130-1200x800.jpg 1200w, https:\/\/www.galerieartconcept.com\/wp-content\/uploads\/Miryam-Haddad-Exposition-HD-1130-1980x1320.jpg 1980w\" sizes=\"auto, (max-width: 1024px) 100vw, 1024px\" \/><figcaption class=\"wp-element-caption\">Vue d&rsquo;exposition \/ Installation view Miryam Haddad, La complainte de Yam, Art : Concept, Paris\/FR, 2020<\/figcaption><\/figure>\n\n\n\n<figure class=\"wp-block-image size-large\"><img loading=\"lazy\" decoding=\"async\" width=\"682\" height=\"1024\" data-id=\"9146\" src=\"http:\/\/www.galerieartconcept.com\/wp-content\/uploads\/2020\/12\/MH041_accroche\u0301_W-682x1024.jpg\" alt=\"\" class=\"wp-image-9146\" srcset=\"https:\/\/www.galerieartconcept.com\/wp-content\/uploads\/2020\/12\/MH041_accroche\u0301_W-682x1024.jpg 682w, https:\/\/www.galerieartconcept.com\/wp-content\/uploads\/2020\/12\/MH041_accroche\u0301_W-200x300.jpg 200w, https:\/\/www.galerieartconcept.com\/wp-content\/uploads\/2020\/12\/MH041_accroche\u0301_W-768x1152.jpg 768w, https:\/\/www.galerieartconcept.com\/wp-content\/uploads\/2020\/12\/MH041_accroche\u0301_W-1024x1536.jpg 1024w, https:\/\/www.galerieartconcept.com\/wp-content\/uploads\/2020\/12\/MH041_accroche\u0301_W-1365x2048.jpg 1365w, https:\/\/www.galerieartconcept.com\/wp-content\/uploads\/2020\/12\/MH041_accroche\u0301_W-1200x1800.jpg 1200w, https:\/\/www.galerieartconcept.com\/wp-content\/uploads\/2020\/12\/MH041_accroche\u0301_W-1980x2971.jpg 1980w, https:\/\/www.galerieartconcept.com\/wp-content\/uploads\/2020\/12\/MH041_accroche\u0301_W-scaled.jpg 1706w\" sizes=\"auto, (max-width: 682px) 100vw, 682px\" \/><figcaption class=\"wp-element-caption\">Agonia, 2019, huile sur toile, 250 x 200 cm. Collection priv\u00e9e FR<\/figcaption><\/figure>\n\n\n\n<figure class=\"wp-block-image size-large\"><img loading=\"lazy\" decoding=\"async\" width=\"682\" height=\"1024\" data-id=\"9144\" src=\"http:\/\/www.galerieartconcept.com\/wp-content\/uploads\/2020\/12\/MH042_accroche\u0301_W-682x1024.jpg\" alt=\"\" class=\"wp-image-9144\" srcset=\"https:\/\/www.galerieartconcept.com\/wp-content\/uploads\/2020\/12\/MH042_accroche\u0301_W-682x1024.jpg 682w, https:\/\/www.galerieartconcept.com\/wp-content\/uploads\/2020\/12\/MH042_accroche\u0301_W-200x300.jpg 200w, https:\/\/www.galerieartconcept.com\/wp-content\/uploads\/2020\/12\/MH042_accroche\u0301_W-768x1152.jpg 768w, https:\/\/www.galerieartconcept.com\/wp-content\/uploads\/2020\/12\/MH042_accroche\u0301_W-1024x1536.jpg 1024w, https:\/\/www.galerieartconcept.com\/wp-content\/uploads\/2020\/12\/MH042_accroche\u0301_W-1365x2048.jpg 1365w, https:\/\/www.galerieartconcept.com\/wp-content\/uploads\/2020\/12\/MH042_accroche\u0301_W-1200x1800.jpg 1200w, https:\/\/www.galerieartconcept.com\/wp-content\/uploads\/2020\/12\/MH042_accroche\u0301_W-1980x2971.jpg 1980w, https:\/\/www.galerieartconcept.com\/wp-content\/uploads\/2020\/12\/MH042_accroche\u0301_W-scaled.jpg 1706w\" sizes=\"auto, (max-width: 682px) 100vw, 682px\" \/><figcaption class=\"wp-element-caption\">La Vengeance, 2018, huile sur toile, 250 x 200 cm. Collection priv\u00e9e JP<\/figcaption><\/figure>\n\n\n\n<figure class=\"wp-block-image size-large\"><img loading=\"lazy\" decoding=\"async\" width=\"682\" height=\"1024\" data-id=\"9154\" src=\"http:\/\/www.galerieartconcept.com\/wp-content\/uploads\/2020\/12\/MH034_accroche\u0301-682x1024.jpg\" alt=\"\" class=\"wp-image-9154\" srcset=\"https:\/\/www.galerieartconcept.com\/wp-content\/uploads\/2020\/12\/MH034_accroche\u0301-682x1024.jpg 682w, https:\/\/www.galerieartconcept.com\/wp-content\/uploads\/2020\/12\/MH034_accroche\u0301-200x300.jpg 200w, https:\/\/www.galerieartconcept.com\/wp-content\/uploads\/2020\/12\/MH034_accroche\u0301-768x1152.jpg 768w, https:\/\/www.galerieartconcept.com\/wp-content\/uploads\/2020\/12\/MH034_accroche\u0301-1024x1536.jpg 1024w, https:\/\/www.galerieartconcept.com\/wp-content\/uploads\/2020\/12\/MH034_accroche\u0301-1365x2048.jpg 1365w, https:\/\/www.galerieartconcept.com\/wp-content\/uploads\/2020\/12\/MH034_accroche\u0301-1200x1800.jpg 1200w, https:\/\/www.galerieartconcept.com\/wp-content\/uploads\/2020\/12\/MH034_accroche\u0301-1980x2971.jpg 1980w, https:\/\/www.galerieartconcept.com\/wp-content\/uploads\/2020\/12\/MH034_accroche\u0301-scaled.jpg 1706w\" sizes=\"auto, (max-width: 682px) 100vw, 682px\" \/><figcaption class=\"wp-element-caption\">La Chute, 2018, huile sur toile, 250 x 200 cm. Collection priv\u00e9e BE<\/figcaption><\/figure>\n\n\n\n<figure class=\"wp-block-image size-large\"><img loading=\"lazy\" decoding=\"async\" width=\"300\" height=\"150\" data-id=\"2446\" src=\"http:\/\/www.galerieartconcept.com\/new\/wp-content\/uploads\/2020\/09\/MH043-copie-300x150.jpg\" alt=\"\" class=\"wp-image-2446\" srcset=\"https:\/\/www.galerieartconcept.com\/wp-content\/uploads\/2020\/09\/MH043-copie-300x150.jpg 300w, https:\/\/www.galerieartconcept.com\/wp-content\/uploads\/2020\/09\/MH043-copie-1024x512.jpg 1024w, https:\/\/www.galerieartconcept.com\/wp-content\/uploads\/2020\/09\/MH043-copie-768x384.jpg 768w, https:\/\/www.galerieartconcept.com\/wp-content\/uploads\/2020\/09\/MH043-copie-1536x767.jpg 1536w, https:\/\/www.galerieartconcept.com\/wp-content\/uploads\/2020\/09\/MH043-copie-2048x1023.jpg 2048w, https:\/\/www.galerieartconcept.com\/wp-content\/uploads\/2020\/09\/MH043-copie-1200x600.jpg 1200w, https:\/\/www.galerieartconcept.com\/wp-content\/uploads\/2020\/09\/MH043-copie-1980x989.jpg 1980w\" sizes=\"auto, (max-width: 300px) 100vw, 300px\" \/><figcaption class=\"wp-element-caption\">Silence, 2018, huile sur toile,<br>triptyque 195 x 130 chaque, 195 x 390 cm. Collection priv\u00e9e FR<\/figcaption><\/figure>\n\n\n\n<figure class=\"wp-block-image size-large\"><img loading=\"lazy\" decoding=\"async\" width=\"1024\" height=\"609\" data-id=\"23379\" src=\"http:\/\/www.galerieartconcept.com\/wp-content\/uploads\/\u00a9-LucBoegly_LES_METAMORPHOSES-212-1-1024x609.jpg\" alt=\"\" class=\"wp-image-23379\" srcset=\"https:\/\/www.galerieartconcept.com\/wp-content\/uploads\/\u00a9-LucBoegly_LES_METAMORPHOSES-212-1-1024x609.jpg 1024w, https:\/\/www.galerieartconcept.com\/wp-content\/uploads\/\u00a9-LucBoegly_LES_METAMORPHOSES-212-1-300x178.jpg 300w, https:\/\/www.galerieartconcept.com\/wp-content\/uploads\/\u00a9-LucBoegly_LES_METAMORPHOSES-212-1-768x456.jpg 768w, https:\/\/www.galerieartconcept.com\/wp-content\/uploads\/\u00a9-LucBoegly_LES_METAMORPHOSES-212-1-1536x913.jpg 1536w, https:\/\/www.galerieartconcept.com\/wp-content\/uploads\/\u00a9-LucBoegly_LES_METAMORPHOSES-212-1-2048x1217.jpg 2048w, https:\/\/www.galerieartconcept.com\/wp-content\/uploads\/\u00a9-LucBoegly_LES_METAMORPHOSES-212-1-1200x713.jpg 1200w, https:\/\/www.galerieartconcept.com\/wp-content\/uploads\/\u00a9-LucBoegly_LES_METAMORPHOSES-212-1-1980x1177.jpg 1980w\" sizes=\"auto, (max-width: 1024px) 100vw, 1024px\" \/><figcaption class=\"wp-element-caption\">Vue d&rsquo;exposition \/ Installation view Jeunes artistes en Europe. Les m\u00e9tamorphoses, Fondation Cartier pour l&rsquo;art contemporain, Paris\/FR, 2019. Photo \u00a9 Luc Boegly<\/figcaption><\/figure>\n\n\n\n<figure class=\"wp-block-image size-large\"><img loading=\"lazy\" decoding=\"async\" width=\"1024\" height=\"683\" data-id=\"23390\" src=\"http:\/\/www.galerieartconcept.com\/wp-content\/uploads\/exhibition_10876_image-1-1024x683.jpg\" alt=\"\" class=\"wp-image-23390\" srcset=\"https:\/\/www.galerieartconcept.com\/wp-content\/uploads\/exhibition_10876_image-1-1024x683.jpg 1024w, https:\/\/www.galerieartconcept.com\/wp-content\/uploads\/exhibition_10876_image-1-300x200.jpg 300w, https:\/\/www.galerieartconcept.com\/wp-content\/uploads\/exhibition_10876_image-1-768x512.jpg 768w, https:\/\/www.galerieartconcept.com\/wp-content\/uploads\/exhibition_10876_image-1-1536x1024.jpg 1536w, https:\/\/www.galerieartconcept.com\/wp-content\/uploads\/exhibition_10876_image-1-1200x800.jpg 1200w, https:\/\/www.galerieartconcept.com\/wp-content\/uploads\/exhibition_10876_image-1.jpg 1920w\" sizes=\"auto, (max-width: 1024px) 100vw, 1024px\" \/><figcaption class=\"wp-element-caption\">Vue de l&rsquo;exposition \/ Installation view Miryam Haddad. D\u00e9sordes, Art : Concept, 2018. Photo \u00a9 Claire Dorn<\/figcaption><\/figure>\n<\/figure>\n\n\n\n<p>N\u00e9e en 1991 \u00e0 Damas, Syrie, Miryam Haddad vit et travaille \u00e0 Paris depuis 2012.<\/p>\n\n\n\n<p>La peinture de Miryam Haddad t\u00e9moigne, pour qui veut bien la regarder avec attention, d\u2019une aventure passionnante : celle d\u2019une toute jeune artiste qui porte en elle, \u00e0 \u00e9galit\u00e9 d\u2019intensit\u00e9, deux mondes : celui, abstrait, de l\u2019\u00e9criture qui transmet un message et celui, incarn\u00e9, de la peinture qui invite au partage d\u2019une \u00e9motion sans le secours du verbe. Ses oeuvres sont comme les aurores bor\u00e9ales issues de la collision des particules solaires venues de l\u2019Orient natal de l\u2019artiste avec l\u2019atmosph\u00e8re terrestre et les champs magn\u00e9tiques de la peinture que l\u2019on pratique en Europe et aux \u00c9tats-Unis, et leur \u00e9clat ne doit rien au hasard.*<\/p>\n\n\n\n<p>Son travail est pr\u00e9sent dans les collections suivantes: A\u00efshti Foundation, Beyrouth\/ LB; Institut du Monde Arabe, Paris\/FR; FRAC Auvergne, Clermont Ferrand\/FR.<\/p>\n\n\n\n<p>En 2021 son exposition personnelle au Frac Auvergne, Clermont Ferrand\/FR a donn\u00e9 lieu \u00e0 l\u2019\u00e9dition de sa premi\u00e8re monographie. **<br>En 2019 l\u2019artiste a remport\u00e9 le prix Jean Fran\u00e7ois Prat. Parall\u00e8lement une exposition personnelle lui a \u00e9t\u00e9 consacr\u00e9e \u00e0 la Collection Lambert en Avignon. Cette m\u00eame ann\u00e9e Miryam a \u00e9t\u00e9 s\u00e9lectionn\u00e9e pour cr\u00e9er l\u2019affiche officielle du 73\u00e8me Festival d\u2019Avignon. <\/p>\n\n\n\n<p>Son travail a fait parti de plusieurs expositions de groupe telles que : Immortelle, Mo.Co Panac\u00e9e, Montpellier (2023); Entre tes yeux et les images que j&rsquo;y vois, Fondation Pernod Ricard, Paris\/FR (2022), Le Printemps de septembre, Toulouse\/FR (curator Christian Bernard) (2021); J\u2019aime, Je n\u2019aime pas, Eigen + Art, Leipzig\/DE (2020); Tomio Koyama gallery, Tokyo\/JP (2020); Prix Jean-Fran\u00e7ois Prat, Fondation Bredin Prat, Paris\/FR (2019); Globe as a Palette, Hokkaido Obihiro Museum of Art\/JP (touring Kushiro Art Museum, Hokkaido, Hakodate Museum of Art, Sapporo Art Museum, Hokkaido) (2019); Jeunes artistes en Europe \u2013 Les m\u00e9tamorphoses, Fondation Cartier, Paris\/FR (2019).<\/p>\n\n\n\n<p>* Extrait du texte de Didier Semin \u00abTemp\u00eate Solide\u00bb dans :<br>** Miryam Haddad, Textes de Didier Semin et Jean-Charles Vergne, \u00e9ditions FRAC Auvergne<\/p>\n\n\n\n<h4 class=\"wp-block-heading\">A la galerie<\/h4>\n\n\n\n<ul class=\"wp-block-list\">\n<li><a href=\"https:\/\/www.galerieartconcept.com\/fr\/miryam-haddad-le-sel-dun-songe-14-mars-18-avril-2026\/\" data-type=\"link\" data-id=\"https:\/\/www.galerieartconcept.com\/fr\/miryam-haddad-le-sel-dun-songe-14-mars-18-avril-2026\/\">Le sel d&rsquo;un songe, 2026<\/a><\/li>\n\n\n\n<li><a href=\"http:\/\/www.galerieartconcept.com\/fr\/la-complainte-de-yam\/\" target=\"_blank\" rel=\"noreferrer noopener\">La complainte de Yam, 2020<\/a><\/li>\n\n\n\n<li><a href=\"http:\/\/www.galerieartconcept.com\/new\/fr\/desordres\/\" target=\"_blank\" rel=\"noreferrer noopener\">D\u00e9sordres, 2018<\/a><\/li>\n<\/ul>\n\n\n\n<h4 class=\"wp-block-heading\">Vid\u00e9os<\/h4>\n\n\n\n<ul class=\"wp-block-list\">\n<li><a href=\"http:\/\/www.galerieartconcept.com\/fr\/phonomaton-avec-miryam-haddad-enregistre-a-loccasion-de-lexposition-entre-tes-yeux-et-les-images-que-jy-vois-a-la-fondation-pernod-ricard-2022\/\" data-type=\"URL\" data-id=\"http:\/\/www.galerieartconcept.com\/fr\/phonomaton-avec-miryam-haddad-enregistre-a-loccasion-de-lexposition-entre-tes-yeux-et-les-images-que-jy-vois-a-la-fondation-pernod-ricard-2022\/\">Phonomaton, 2022<\/a><\/li>\n\n\n\n<li><a href=\"http:\/\/www.galerieartconcept.com\/fr\/entretien-avec-miryam-haddad-a-loccasion-de-son-exposition-personnelle-au-frac-auvergne-2-oct-31-dec-2021\/\" data-type=\"URL\" data-id=\"http:\/\/www.galerieartconcept.com\/fr\/entretien-avec-miryam-haddad-a-loccasion-de-son-exposition-personnelle-au-frac-auvergne-2-oct-31-dec-2021\/\">Entretien, FRAC Auvergne, 2021<\/a><\/li>\n\n\n\n<li><a href=\"http:\/\/www.galerieartconcept.com\/fr\/lentretien-infini-miryam-haddad-conversation-avec-hans-ulrich-obrist-2019\/\" data-type=\"URL\" data-id=\"http:\/\/www.galerieartconcept.com\/fr\/lentretien-infini-miryam-haddad-conversation-avec-hans-ulrich-obrist-2019\/\">L&rsquo;Entretien Infini \u2013 Conversation avec Hans Ulrich Obrist, 2019<\/a><\/li>\n\n\n\n<li><a href=\"https:\/\/festival-avignon.com\/fr\/audiovisuel\/miryam-haddad-pour-le-sommeil-n-est-pas-un-lieu-sur-3771\" data-type=\"URL\" data-id=\"https:\/\/festival-avignon.com\/fr\/audiovisuel\/miryam-haddad-pour-le-sommeil-n-est-pas-un-lieu-sur-3771\">\u00ab\u00a0Le sommeil n&rsquo;est pas un lieu s\u00fbr\u00a0\u00bb, Festival d&rsquo;Avignon, 2019<\/a><\/li>\n<\/ul>\n\n\n\n<h4 class=\"wp-block-heading\">T\u00e9l\u00e9chargements<\/h4>\n\n\n\n<div class=\"wp-block-file\"><a id=\"wp-block-file--media-98463a81-59bd-44af-88e2-4613ddbb167e\" href=\"http:\/\/www.galerieartconcept.com\/wp-content\/uploads\/MH-CV-4.pdf\">CV (pdf)<\/a><a href=\"http:\/\/www.galerieartconcept.com\/wp-content\/uploads\/MH-CV-4.pdf\" class=\"wp-block-file__button wp-element-button\" download aria-describedby=\"wp-block-file--media-98463a81-59bd-44af-88e2-4613ddbb167e\">Download<\/a><\/div>\n\n\n\n<div class=\"wp-block-file\"><a id=\"wp-block-file--media-726addc7-5d41-479c-8fa8-ab4ed5562b16\" href=\"http:\/\/www.galerieartconcept.com\/wp-content\/uploads\/MH-Presse-2024.pdf\">Presse (pdf)<\/a><a href=\"http:\/\/www.galerieartconcept.com\/wp-content\/uploads\/MH-Presse-2024.pdf\" class=\"wp-block-file__button wp-element-button\" download aria-describedby=\"wp-block-file--media-726addc7-5d41-479c-8fa8-ab4ed5562b16\">Download<\/a><\/div>\n\n\n\n<div style=\"height:30px\" aria-hidden=\"true\" class=\"wp-block-spacer\"><\/div>\n\n\n\n<h4 class=\"wp-block-heading\">Catalogues<\/h4>\n\n\n\n<div style=\"height:10px\" aria-hidden=\"true\" class=\"wp-block-spacer\"><\/div>\n\n\n\n<figure class=\"wp-block-gallery has-nested-images columns-2 is-cropped wp-block-gallery-2 is-layout-flex wp-block-gallery-is-layout-flex\">\n<figure class=\"wp-block-image size-large\"><img loading=\"lazy\" decoding=\"async\" width=\"778\" height=\"1024\" data-id=\"30217\" src=\"http:\/\/www.galerieartconcept.com\/wp-content\/uploads\/Capture-de\u0301cran-2024-04-17-a\u0300-12.05.22-7-778x1024.png\" alt=\"\" class=\"wp-image-30217\" srcset=\"https:\/\/www.galerieartconcept.com\/wp-content\/uploads\/Capture-de\u0301cran-2024-04-17-a\u0300-12.05.22-7-778x1024.png 778w, https:\/\/www.galerieartconcept.com\/wp-content\/uploads\/Capture-de\u0301cran-2024-04-17-a\u0300-12.05.22-7-228x300.png 228w, https:\/\/www.galerieartconcept.com\/wp-content\/uploads\/Capture-de\u0301cran-2024-04-17-a\u0300-12.05.22-7-768x1011.png 768w, https:\/\/www.galerieartconcept.com\/wp-content\/uploads\/Capture-de\u0301cran-2024-04-17-a\u0300-12.05.22-7.png 972w\" sizes=\"auto, (max-width: 778px) 100vw, 778px\" \/><\/figure>\n\n\n\n<figure class=\"wp-block-image size-large\"><img loading=\"lazy\" decoding=\"async\" width=\"1024\" height=\"683\" data-id=\"30273\" src=\"http:\/\/www.galerieartconcept.com\/wp-content\/uploads\/cata-haddad-01-1024x683.jpeg\" alt=\"\" class=\"wp-image-30273\" srcset=\"https:\/\/www.galerieartconcept.com\/wp-content\/uploads\/cata-haddad-01-1024x683.jpeg 1024w, https:\/\/www.galerieartconcept.com\/wp-content\/uploads\/cata-haddad-01-300x200.jpeg 300w, https:\/\/www.galerieartconcept.com\/wp-content\/uploads\/cata-haddad-01-768x512.jpeg 768w, https:\/\/www.galerieartconcept.com\/wp-content\/uploads\/cata-haddad-01-1536x1024.jpeg 1536w, https:\/\/www.galerieartconcept.com\/wp-content\/uploads\/cata-haddad-01-2048x1365.jpeg 2048w, https:\/\/www.galerieartconcept.com\/wp-content\/uploads\/cata-haddad-01-1200x800.jpeg 1200w, https:\/\/www.galerieartconcept.com\/wp-content\/uploads\/cata-haddad-01-1980x1320.jpeg 1980w\" sizes=\"auto, (max-width: 1024px) 100vw, 1024px\" \/><figcaption class=\"wp-element-caption\">Miryam Haddad, L\u00e0-bas sur le ciel d&rsquo;orage\/Over there, upon the stormy sky, Catalogue de l&rsquo;exposition au Frac Auvergne 2 octobre &#8211; 31 d\u00e9cembre, 2021. Edition Frac Auvergne, 2021<\/figcaption><\/figure>\n<\/figure>\n","protected":false},"excerpt":{"rendered":"<p>N\u00e9e en 1991 \u00e0 Damas, Syrie, Miryam Haddad vit et travaille \u00e0 Paris depuis 2012. La peinture de Miryam Haddad t\u00e9moigne, pour qui veut bien la regarder avec attention, d\u2019une aventure passionnante : celle d\u2019une toute jeune artiste qui porte en elle, \u00e0 \u00e9galit\u00e9 d\u2019intensit\u00e9, deux mondes : celui, abstrait, de l\u2019\u00e9criture qui transmet un [&hellip;]<\/p>\n","protected":false},"author":1,"featured_media":45136,"comment_status":"open","ping_status":"open","sticky":false,"template":"","format":"standard","meta":{"footnotes":""},"categories":[8],"tags":[94,120],"class_list":["post-5280","post","type-post","status-publish","format-standard","has-post-thumbnail","hentry","category-artistes","tag-miryam-haddad-2","tag-miryam-haddad-fr"],"_links":{"self":[{"href":"https:\/\/www.galerieartconcept.com\/fr\/wp-json\/wp\/v2\/posts\/5280","targetHints":{"allow":["GET"]}}],"collection":[{"href":"https:\/\/www.galerieartconcept.com\/fr\/wp-json\/wp\/v2\/posts"}],"about":[{"href":"https:\/\/www.galerieartconcept.com\/fr\/wp-json\/wp\/v2\/types\/post"}],"author":[{"embeddable":true,"href":"https:\/\/www.galerieartconcept.com\/fr\/wp-json\/wp\/v2\/users\/1"}],"replies":[{"embeddable":true,"href":"https:\/\/www.galerieartconcept.com\/fr\/wp-json\/wp\/v2\/comments?post=5280"}],"version-history":[{"count":114,"href":"https:\/\/www.galerieartconcept.com\/fr\/wp-json\/wp\/v2\/posts\/5280\/revisions"}],"predecessor-version":[{"id":45641,"href":"https:\/\/www.galerieartconcept.com\/fr\/wp-json\/wp\/v2\/posts\/5280\/revisions\/45641"}],"wp:featuredmedia":[{"embeddable":true,"href":"https:\/\/www.galerieartconcept.com\/fr\/wp-json\/wp\/v2\/media\/45136"}],"wp:attachment":[{"href":"https:\/\/www.galerieartconcept.com\/fr\/wp-json\/wp\/v2\/media?parent=5280"}],"wp:term":[{"taxonomy":"category","embeddable":true,"href":"https:\/\/www.galerieartconcept.com\/fr\/wp-json\/wp\/v2\/categories?post=5280"},{"taxonomy":"post_tag","embeddable":true,"href":"https:\/\/www.galerieartconcept.com\/fr\/wp-json\/wp\/v2\/tags?post=5280"}],"curies":[{"name":"wp","href":"https:\/\/api.w.org\/{rel}","templated":true}]}}