{"id":4797,"date":"2020-09-11T10:38:53","date_gmt":"2020-09-11T10:38:53","guid":{"rendered":"http:\/\/www.galerieartconcept.com\/new\/alexandre-singh\/"},"modified":"2026-02-26T16:14:12","modified_gmt":"2026-02-26T16:14:12","slug":"alexandre-singh","status":"publish","type":"post","link":"https:\/\/www.galerieartconcept.com\/fr\/alexandre-singh\/","title":{"rendered":"Alexandre Singh"},"content":{"rendered":"\n<figure class=\"wp-block-gallery has-nested-images columns-2 wp-block-gallery-1 is-layout-flex wp-block-gallery-is-layout-flex\">\n<figure class=\"wp-block-image size-large\"><img loading=\"lazy\" decoding=\"async\" width=\"1024\" height=\"683\" data-id=\"44525\" src=\"https:\/\/www.galerieartconcept.com\/wp-content\/uploads\/alexandre-singh-1-1024x683.jpg\" alt=\"\" class=\"wp-image-44525\" srcset=\"https:\/\/www.galerieartconcept.com\/wp-content\/uploads\/alexandre-singh-1-1024x683.jpg 1024w, https:\/\/www.galerieartconcept.com\/wp-content\/uploads\/alexandre-singh-1-300x200.jpg 300w, https:\/\/www.galerieartconcept.com\/wp-content\/uploads\/alexandre-singh-1-768x512.jpg 768w, https:\/\/www.galerieartconcept.com\/wp-content\/uploads\/alexandre-singh-1-1536x1024.jpg 1536w, https:\/\/www.galerieartconcept.com\/wp-content\/uploads\/alexandre-singh-1-2048x1366.jpg 2048w, https:\/\/www.galerieartconcept.com\/wp-content\/uploads\/alexandre-singh-1-1200x800.jpg 1200w, https:\/\/www.galerieartconcept.com\/wp-content\/uploads\/alexandre-singh-1-1980x1320.jpg 1980w\" sizes=\"auto, (max-width: 1024px) 100vw, 1024px\" \/><figcaption class=\"wp-element-caption\">Alexandre Singh, Nathalie Musteata<br>Deux personnes \u00e9changeant de la salive, 2025. <br>Prix CANAL+ et Prix Public Clermont-Ferrand 2025. Film nomin\u00e9 aux Oscar, cat\u00e9gorie Live Action Short Film<br><br>A voir sur Canal + gratuitement.<br><a href=\"https:\/\/www.galerieartconcept.com\/fr\/alexandre-singh-nathalie-musteata-deux-personnes-echangeant-de-la-salive-teaser-2025\/\" data-type=\"link\" data-id=\"https:\/\/www.galerieartconcept.com\/fr\/alexandre-singh-nathalie-musteata-deux-personnes-echangeant-de-la-salive-teaser-2025\/\">Regarder le Teaser ici.<\/a><\/figcaption><\/figure>\n\n\n\n<figure class=\"wp-block-image size-large\"><img loading=\"lazy\" decoding=\"async\" width=\"1024\" height=\"576\" data-id=\"44527\" src=\"https:\/\/www.galerieartconcept.com\/wp-content\/uploads\/alexandre-singh-2-1024x576.webp\" alt=\"\" class=\"wp-image-44527\" srcset=\"https:\/\/www.galerieartconcept.com\/wp-content\/uploads\/alexandre-singh-2-1024x576.webp 1024w, https:\/\/www.galerieartconcept.com\/wp-content\/uploads\/alexandre-singh-2-300x169.webp 300w, https:\/\/www.galerieartconcept.com\/wp-content\/uploads\/alexandre-singh-2-768x432.webp 768w, https:\/\/www.galerieartconcept.com\/wp-content\/uploads\/alexandre-singh-2-1200x675.webp 1200w, https:\/\/www.galerieartconcept.com\/wp-content\/uploads\/alexandre-singh-2.webp 1440w\" sizes=\"auto, (max-width: 1024px) 100vw, 1024px\" \/><figcaption class=\"wp-element-caption\">Alexandre Singh, Nathalie Musteata<br>Deux personnes \u00e9changeant de la salive, 2025. <br>Prix CANAL+ et Prix Public Clermont-Ferrand 2025. Film nomin\u00e9 aux Oscar, cat\u00e9gorie Live Action Short Film<br><br>A voir sur Canal + gratuitement.<br><a href=\"https:\/\/www.galerieartconcept.com\/fr\/alexandre-singh-nathalie-musteata-deux-personnes-echangeant-de-la-salive-teaser-2025\/\" data-type=\"link\" data-id=\"https:\/\/www.galerieartconcept.com\/fr\/alexandre-singh-nathalie-musteata-deux-personnes-echangeant-de-la-salive-teaser-2025\/\">Regarder le Teaser ici.<\/a><\/figcaption><\/figure>\n\n\n\n<figure class=\"wp-block-image size-large\"><img loading=\"lazy\" decoding=\"async\" width=\"711\" height=\"1024\" data-id=\"3850\" src=\"http:\/\/www.galerieartconcept.com\/new\/wp-content\/uploads\/2020\/09\/Singh_Final-1-711x1024.jpg\" alt=\"\" class=\"wp-image-3850\" srcset=\"https:\/\/www.galerieartconcept.com\/wp-content\/uploads\/2020\/09\/Singh_Final-1-711x1024.jpg 711w, https:\/\/www.galerieartconcept.com\/wp-content\/uploads\/2020\/09\/Singh_Final-1-208x300.jpg 208w, https:\/\/www.galerieartconcept.com\/wp-content\/uploads\/2020\/09\/Singh_Final-1-768x1106.jpg 768w, https:\/\/www.galerieartconcept.com\/wp-content\/uploads\/2020\/09\/Singh_Final-1-1067x1536.jpg 1067w, https:\/\/www.galerieartconcept.com\/wp-content\/uploads\/2020\/09\/Singh_Final-1.jpg 1134w\" sizes=\"auto, (max-width: 711px) 100vw, 711px\" \/><figcaption class=\"wp-element-caption\">TB103 (autumn), 2018 aquarelle, crayon et encre<br>157,48 x 109,22 cm<br>encadr\u00e9: 157,48 x 109,22 cm <\/figcaption><\/figure>\n\n\n\n<figure class=\"wp-block-image size-large\"><img loading=\"lazy\" decoding=\"async\" width=\"734\" height=\"1024\" data-id=\"3856\" src=\"http:\/\/www.galerieartconcept.com\/new\/wp-content\/uploads\/2020\/09\/Singh_Final-4-734x1024.jpg\" alt=\"\" class=\"wp-image-3856\" srcset=\"https:\/\/www.galerieartconcept.com\/wp-content\/uploads\/2020\/09\/Singh_Final-4-734x1024.jpg 734w, https:\/\/www.galerieartconcept.com\/wp-content\/uploads\/2020\/09\/Singh_Final-4-215x300.jpg 215w, https:\/\/www.galerieartconcept.com\/wp-content\/uploads\/2020\/09\/Singh_Final-4-768x1072.jpg 768w, https:\/\/www.galerieartconcept.com\/wp-content\/uploads\/2020\/09\/Singh_Final-4-1100x1536.jpg 1100w, https:\/\/www.galerieartconcept.com\/wp-content\/uploads\/2020\/09\/Singh_Final-4.jpg 1134w\" sizes=\"auto, (max-width: 734px) 100vw, 734px\" \/><figcaption class=\"wp-element-caption\">TB103 (summer), 2018 aquarelle, crayon et encre<br>157,48 x 109,22 cm<br>encadr\u00e9: 157,48 x 109,22 cm<\/figcaption><\/figure>\n\n\n\n<figure class=\"wp-block-image size-large\"><img loading=\"lazy\" decoding=\"async\" width=\"785\" height=\"1024\" data-id=\"3858\" src=\"http:\/\/www.galerieartconcept.com\/new\/wp-content\/uploads\/2020\/09\/AS132-a-1-785x1024.jpg\" alt=\"\" class=\"wp-image-3858\" srcset=\"https:\/\/www.galerieartconcept.com\/wp-content\/uploads\/2020\/09\/AS132-a-1-785x1024.jpg 785w, https:\/\/www.galerieartconcept.com\/wp-content\/uploads\/2020\/09\/AS132-a-1-230x300.jpg 230w, https:\/\/www.galerieartconcept.com\/wp-content\/uploads\/2020\/09\/AS132-a-1-768x1002.jpg 768w, https:\/\/www.galerieartconcept.com\/wp-content\/uploads\/2020\/09\/AS132-a-1-1177x1536.jpg 1177w, https:\/\/www.galerieartconcept.com\/wp-content\/uploads\/2020\/09\/AS132-a-1-1570x2048.jpg 1570w, https:\/\/www.galerieartconcept.com\/wp-content\/uploads\/2020\/09\/AS132-a-1-1200x1566.jpg 1200w, https:\/\/www.galerieartconcept.com\/wp-content\/uploads\/2020\/09\/AS132-a-1-1980x2584.jpg 1980w, https:\/\/www.galerieartconcept.com\/wp-content\/uploads\/2020\/09\/AS132-a-1-scaled.jpg 1962w\" sizes=\"auto, (max-width: 785px) 100vw, 785px\" \/><figcaption class=\"wp-element-caption\">La Tour Cuisine, 2018 bronze 36 x 36 x 63 cm. ed 1\/3 + 2 AP<\/figcaption><\/figure>\n\n\n\n<figure class=\"wp-block-image size-large\"><img loading=\"lazy\" decoding=\"async\" width=\"785\" height=\"1024\" data-id=\"3860\" src=\"http:\/\/www.galerieartconcept.com\/new\/wp-content\/uploads\/2020\/09\/AS132-b-785x1024.jpg\" alt=\"\" class=\"wp-image-3860\" srcset=\"https:\/\/www.galerieartconcept.com\/wp-content\/uploads\/2020\/09\/AS132-b-785x1024.jpg 785w, https:\/\/www.galerieartconcept.com\/wp-content\/uploads\/2020\/09\/AS132-b-230x300.jpg 230w, https:\/\/www.galerieartconcept.com\/wp-content\/uploads\/2020\/09\/AS132-b-768x1002.jpg 768w, https:\/\/www.galerieartconcept.com\/wp-content\/uploads\/2020\/09\/AS132-b-1177x1536.jpg 1177w, https:\/\/www.galerieartconcept.com\/wp-content\/uploads\/2020\/09\/AS132-b-1570x2048.jpg 1570w, https:\/\/www.galerieartconcept.com\/wp-content\/uploads\/2020\/09\/AS132-b-1200x1566.jpg 1200w, https:\/\/www.galerieartconcept.com\/wp-content\/uploads\/2020\/09\/AS132-b-1980x2584.jpg 1980w, https:\/\/www.galerieartconcept.com\/wp-content\/uploads\/2020\/09\/AS132-b-scaled.jpg 1962w\" sizes=\"auto, (max-width: 785px) 100vw, 785px\" \/><figcaption class=\"wp-element-caption\">La Tour Cuisine, 2018 bronze 36 x 36 x 63 cm. ed 1\/3 + 2 AP<\/figcaption><\/figure>\n\n\n\n<figure class=\"wp-block-image size-large\"><img loading=\"lazy\" decoding=\"async\" width=\"705\" height=\"1024\" data-id=\"3808\" src=\"http:\/\/www.galerieartconcept.com\/new\/wp-content\/uploads\/2020\/09\/Singh_Latourmaquette_2018-705x1024.jpg\" alt=\"\" class=\"wp-image-3808\" srcset=\"https:\/\/www.galerieartconcept.com\/wp-content\/uploads\/2020\/09\/Singh_Latourmaquette_2018-705x1024.jpg 705w, https:\/\/www.galerieartconcept.com\/wp-content\/uploads\/2020\/09\/Singh_Latourmaquette_2018-207x300.jpg 207w, https:\/\/www.galerieartconcept.com\/wp-content\/uploads\/2020\/09\/Singh_Latourmaquette_2018-768x1115.jpg 768w, https:\/\/www.galerieartconcept.com\/wp-content\/uploads\/2020\/09\/Singh_Latourmaquette_2018-1058x1536.jpg 1058w, https:\/\/www.galerieartconcept.com\/wp-content\/uploads\/2020\/09\/Singh_Latourmaquette_2018-1410x2048.jpg 1410w, https:\/\/www.galerieartconcept.com\/wp-content\/uploads\/2020\/09\/Singh_Latourmaquette_2018-1200x1743.jpg 1200w, https:\/\/www.galerieartconcept.com\/wp-content\/uploads\/2020\/09\/Singh_Latourmaquette_2018-1980x2876.jpg 1980w, https:\/\/www.galerieartconcept.com\/wp-content\/uploads\/2020\/09\/Singh_Latourmaquette_2018-scaled.jpg 1763w\" sizes=\"auto, (max-width: 705px) 100vw, 705px\" \/><figcaption class=\"wp-element-caption\">La Tour Maquette, 2018 bronze 30,5 x 30,5 x 45 cm ed 1\/3 + 2 AP<\/figcaption><\/figure>\n\n\n\n<figure class=\"wp-block-image size-large\"><img loading=\"lazy\" decoding=\"async\" width=\"705\" height=\"1024\" data-id=\"3810\" src=\"http:\/\/www.galerieartconcept.com\/new\/wp-content\/uploads\/2020\/09\/Singh_Latourmaquette_profil_2018-705x1024.jpg\" alt=\"\" class=\"wp-image-3810\" srcset=\"https:\/\/www.galerieartconcept.com\/wp-content\/uploads\/2020\/09\/Singh_Latourmaquette_profil_2018-705x1024.jpg 705w, https:\/\/www.galerieartconcept.com\/wp-content\/uploads\/2020\/09\/Singh_Latourmaquette_profil_2018-207x300.jpg 207w, https:\/\/www.galerieartconcept.com\/wp-content\/uploads\/2020\/09\/Singh_Latourmaquette_profil_2018-768x1115.jpg 768w, https:\/\/www.galerieartconcept.com\/wp-content\/uploads\/2020\/09\/Singh_Latourmaquette_profil_2018-1058x1536.jpg 1058w, https:\/\/www.galerieartconcept.com\/wp-content\/uploads\/2020\/09\/Singh_Latourmaquette_profil_2018-1410x2048.jpg 1410w, https:\/\/www.galerieartconcept.com\/wp-content\/uploads\/2020\/09\/Singh_Latourmaquette_profil_2018-1200x1743.jpg 1200w, https:\/\/www.galerieartconcept.com\/wp-content\/uploads\/2020\/09\/Singh_Latourmaquette_profil_2018-1980x2876.jpg 1980w, https:\/\/www.galerieartconcept.com\/wp-content\/uploads\/2020\/09\/Singh_Latourmaquette_profil_2018-scaled.jpg 1763w\" sizes=\"auto, (max-width: 705px) 100vw, 705px\" \/><figcaption class=\"wp-element-caption\">La Tour Maquette, 2018 bronze 30,5 x 30,5 x 45 cm ed 1\/3 + 2 AP<\/figcaption><\/figure>\n\n\n\n<figure class=\"wp-block-image size-large\"><img loading=\"lazy\" decoding=\"async\" width=\"731\" height=\"1024\" data-id=\"3812\" src=\"http:\/\/www.galerieartconcept.com\/new\/wp-content\/uploads\/2020\/09\/Singh_TB56_2017-731x1024.jpg\" alt=\"\" class=\"wp-image-3812\" srcset=\"https:\/\/www.galerieartconcept.com\/wp-content\/uploads\/2020\/09\/Singh_TB56_2017-731x1024.jpg 731w, https:\/\/www.galerieartconcept.com\/wp-content\/uploads\/2020\/09\/Singh_TB56_2017-214x300.jpg 214w, https:\/\/www.galerieartconcept.com\/wp-content\/uploads\/2020\/09\/Singh_TB56_2017-768x1075.jpg 768w, https:\/\/www.galerieartconcept.com\/wp-content\/uploads\/2020\/09\/Singh_TB56_2017-1097x1536.jpg 1097w, https:\/\/www.galerieartconcept.com\/wp-content\/uploads\/2020\/09\/Singh_TB56_2017-1463x2048.jpg 1463w, https:\/\/www.galerieartconcept.com\/wp-content\/uploads\/2020\/09\/Singh_TB56_2017-1200x1680.jpg 1200w, https:\/\/www.galerieartconcept.com\/wp-content\/uploads\/2020\/09\/Singh_TB56_2017-1980x2772.jpg 1980w, https:\/\/www.galerieartconcept.com\/wp-content\/uploads\/2020\/09\/Singh_TB56_2017-scaled.jpg 1829w\" sizes=\"auto, (max-width: 731px) 100vw, 731px\" \/><figcaption class=\"wp-element-caption\">TB56, 2017 aquarelle et encre sur papier 55,7 x 39,2 cm encadr\u00e9 : 58,7 x 42,2 cm<\/figcaption><\/figure>\n\n\n\n<figure class=\"wp-block-image size-large\"><img loading=\"lazy\" decoding=\"async\" width=\"731\" height=\"1024\" data-id=\"3814\" src=\"http:\/\/www.galerieartconcept.com\/new\/wp-content\/uploads\/2020\/09\/Singh_TB15_2017-731x1024.jpg\" alt=\"\" class=\"wp-image-3814\" srcset=\"https:\/\/www.galerieartconcept.com\/wp-content\/uploads\/2020\/09\/Singh_TB15_2017-731x1024.jpg 731w, https:\/\/www.galerieartconcept.com\/wp-content\/uploads\/2020\/09\/Singh_TB15_2017-214x300.jpg 214w, https:\/\/www.galerieartconcept.com\/wp-content\/uploads\/2020\/09\/Singh_TB15_2017-768x1075.jpg 768w, https:\/\/www.galerieartconcept.com\/wp-content\/uploads\/2020\/09\/Singh_TB15_2017-1097x1536.jpg 1097w, https:\/\/www.galerieartconcept.com\/wp-content\/uploads\/2020\/09\/Singh_TB15_2017-1463x2048.jpg 1463w, https:\/\/www.galerieartconcept.com\/wp-content\/uploads\/2020\/09\/Singh_TB15_2017-1200x1680.jpg 1200w, https:\/\/www.galerieartconcept.com\/wp-content\/uploads\/2020\/09\/Singh_TB15_2017-1980x2772.jpg 1980w, https:\/\/www.galerieartconcept.com\/wp-content\/uploads\/2020\/09\/Singh_TB15_2017-scaled.jpg 1828w\" sizes=\"auto, (max-width: 731px) 100vw, 731px\" \/><figcaption class=\"wp-element-caption\">TB15, 2017 aquarelle et encre sur papier 44,5 x 36,9 cm. encadr\u00e9 : 47,5 x 39,9 cm.<\/figcaption><\/figure>\n\n\n\n<figure class=\"wp-block-image size-large\"><img loading=\"lazy\" decoding=\"async\" width=\"1024\" height=\"731\" data-id=\"3816\" src=\"http:\/\/www.galerieartconcept.com\/new\/wp-content\/uploads\/2020\/09\/Singh_TB68_2017-1024x731.jpg\" alt=\"\" class=\"wp-image-3816\" srcset=\"https:\/\/www.galerieartconcept.com\/wp-content\/uploads\/2020\/09\/Singh_TB68_2017-1024x731.jpg 1024w, https:\/\/www.galerieartconcept.com\/wp-content\/uploads\/2020\/09\/Singh_TB68_2017-300x214.jpg 300w, https:\/\/www.galerieartconcept.com\/wp-content\/uploads\/2020\/09\/Singh_TB68_2017-768x549.jpg 768w, https:\/\/www.galerieartconcept.com\/wp-content\/uploads\/2020\/09\/Singh_TB68_2017-1536x1097.jpg 1536w, https:\/\/www.galerieartconcept.com\/wp-content\/uploads\/2020\/09\/Singh_TB68_2017-2048x1463.jpg 2048w, https:\/\/www.galerieartconcept.com\/wp-content\/uploads\/2020\/09\/Singh_TB68_2017-1200x857.jpg 1200w, https:\/\/www.galerieartconcept.com\/wp-content\/uploads\/2020\/09\/Singh_TB68_2017-1980x1414.jpg 1980w\" sizes=\"auto, (max-width: 1024px) 100vw, 1024px\" \/><figcaption class=\"wp-element-caption\">TB68, 2017 encre sur papier 72,3 x 109,7 cm encadr\u00e9 : 74,6 x 113,3 cm.<\/figcaption><\/figure>\n\n\n\n<figure class=\"wp-block-image size-large\"><img loading=\"lazy\" decoding=\"async\" width=\"1024\" height=\"640\" data-id=\"3818\" src=\"http:\/\/www.galerieartconcept.com\/new\/wp-content\/uploads\/2020\/09\/Singh_tb102-1024x640.jpg\" alt=\"\" class=\"wp-image-3818\" srcset=\"https:\/\/www.galerieartconcept.com\/wp-content\/uploads\/2020\/09\/Singh_tb102-1024x640.jpg 1024w, https:\/\/www.galerieartconcept.com\/wp-content\/uploads\/2020\/09\/Singh_tb102-300x188.jpg 300w, https:\/\/www.galerieartconcept.com\/wp-content\/uploads\/2020\/09\/Singh_tb102-768x480.jpg 768w, https:\/\/www.galerieartconcept.com\/wp-content\/uploads\/2020\/09\/Singh_tb102-1536x960.jpg 1536w, https:\/\/www.galerieartconcept.com\/wp-content\/uploads\/2020\/09\/Singh_tb102-2048x1280.jpg 2048w, https:\/\/www.galerieartconcept.com\/wp-content\/uploads\/2020\/09\/Singh_tb102-1200x750.jpg 1200w, https:\/\/www.galerieartconcept.com\/wp-content\/uploads\/2020\/09\/Singh_tb102-1980x1238.jpg 1980w\" sizes=\"auto, (max-width: 1024px) 100vw, 1024px\" \/><figcaption class=\"wp-element-caption\">TB102, 2018 aquarelle et impression jet d\u2019encre sur papier 18,6 x 36,5 cm. encadr\u00e9 : 21,8 x 39,5 cm<\/figcaption><\/figure>\n\n\n\n<figure class=\"wp-block-image size-large\"><img loading=\"lazy\" decoding=\"async\" width=\"1024\" height=\"703\" data-id=\"3828\" src=\"http:\/\/www.galerieartconcept.com\/new\/wp-content\/uploads\/2020\/09\/AS099-k-1024x703.jpg\" alt=\"\" class=\"wp-image-3828\" srcset=\"https:\/\/www.galerieartconcept.com\/wp-content\/uploads\/2020\/09\/AS099-k-1024x703.jpg 1024w, https:\/\/www.galerieartconcept.com\/wp-content\/uploads\/2020\/09\/AS099-k-300x206.jpg 300w, https:\/\/www.galerieartconcept.com\/wp-content\/uploads\/2020\/09\/AS099-k-768x527.jpg 768w, https:\/\/www.galerieartconcept.com\/wp-content\/uploads\/2020\/09\/AS099-k-1536x1055.jpg 1536w, https:\/\/www.galerieartconcept.com\/wp-content\/uploads\/2020\/09\/AS099-k-2048x1406.jpg 2048w, https:\/\/www.galerieartconcept.com\/wp-content\/uploads\/2020\/09\/AS099-k-1200x824.jpg 1200w, https:\/\/www.galerieartconcept.com\/wp-content\/uploads\/2020\/09\/AS099-k-1980x1360.jpg 1980w\" sizes=\"auto, (max-width: 1024px) 100vw, 1024px\" \/><figcaption class=\"wp-element-caption\">Vue d&rsquo;installation, The Chorus, Art : Concept, Paris, 2014<\/figcaption><\/figure>\n\n\n\n<figure class=\"wp-block-image size-large\"><img loading=\"lazy\" decoding=\"async\" width=\"1024\" height=\"703\" data-id=\"3830\" src=\"http:\/\/www.galerieartconcept.com\/new\/wp-content\/uploads\/2020\/09\/AS099-x-1024x703.jpg\" alt=\"\" class=\"wp-image-3830\" srcset=\"https:\/\/www.galerieartconcept.com\/wp-content\/uploads\/2020\/09\/AS099-x-1024x703.jpg 1024w, https:\/\/www.galerieartconcept.com\/wp-content\/uploads\/2020\/09\/AS099-x-300x206.jpg 300w, https:\/\/www.galerieartconcept.com\/wp-content\/uploads\/2020\/09\/AS099-x-768x527.jpg 768w, https:\/\/www.galerieartconcept.com\/wp-content\/uploads\/2020\/09\/AS099-x-1536x1055.jpg 1536w, https:\/\/www.galerieartconcept.com\/wp-content\/uploads\/2020\/09\/AS099-x-2048x1406.jpg 2048w, https:\/\/www.galerieartconcept.com\/wp-content\/uploads\/2020\/09\/AS099-x-1200x824.jpg 1200w, https:\/\/www.galerieartconcept.com\/wp-content\/uploads\/2020\/09\/AS099-x-1980x1360.jpg 1980w\" sizes=\"auto, (max-width: 1024px) 100vw, 1024px\" \/><figcaption class=\"wp-element-caption\">Vue d&rsquo;installation, The Chorus, Art : Concept, Paris, 2014<\/figcaption><\/figure>\n\n\n\n<figure class=\"wp-block-image size-large\"><img loading=\"lazy\" decoding=\"async\" width=\"611\" height=\"800\" data-id=\"3820\" src=\"http:\/\/www.galerieartconcept.com\/new\/wp-content\/uploads\/2020\/09\/alexandre-singh-front-page-2013-painting-peinture-artconcept-tableau.jpg\" alt=\"\" class=\"wp-image-3820\" srcset=\"https:\/\/www.galerieartconcept.com\/wp-content\/uploads\/2020\/09\/alexandre-singh-front-page-2013-painting-peinture-artconcept-tableau.jpg 611w, https:\/\/www.galerieartconcept.com\/wp-content\/uploads\/2020\/09\/alexandre-singh-front-page-2013-painting-peinture-artconcept-tableau-229x300.jpg 229w\" sizes=\"auto, (max-width: 611px) 100vw, 611px\" \/><figcaption class=\"wp-element-caption\">Front Page, 2013, giclee et aquarelle sur papier, 41,6 x 28,6 cm.<\/figcaption><\/figure>\n\n\n\n<figure class=\"wp-block-image size-large\"><img loading=\"lazy\" decoding=\"async\" width=\"900\" height=\"658\" data-id=\"3822\" src=\"http:\/\/www.galerieartconcept.com\/new\/wp-content\/uploads\/2020\/09\/alexandre-singh-business-2013-painting-peinture-artconcept-tableau.jpg\" alt=\"\" class=\"wp-image-3822\" srcset=\"https:\/\/www.galerieartconcept.com\/wp-content\/uploads\/2020\/09\/alexandre-singh-business-2013-painting-peinture-artconcept-tableau.jpg 900w, https:\/\/www.galerieartconcept.com\/wp-content\/uploads\/2020\/09\/alexandre-singh-business-2013-painting-peinture-artconcept-tableau-300x219.jpg 300w, https:\/\/www.galerieartconcept.com\/wp-content\/uploads\/2020\/09\/alexandre-singh-business-2013-painting-peinture-artconcept-tableau-768x561.jpg 768w\" sizes=\"auto, (max-width: 900px) 100vw, 900px\" \/><figcaption class=\"wp-element-caption\">Business, 2013, aquarelle sur papier, 41,6 x 57,2 cm.<\/figcaption><\/figure>\n\n\n\n<figure class=\"wp-block-image size-large\"><img loading=\"lazy\" decoding=\"async\" width=\"600\" height=\"900\" data-id=\"3824\" src=\"http:\/\/www.galerieartconcept.com\/new\/wp-content\/uploads\/2020\/09\/alexandre-singh-harry-foulbreech-artconcept-tableau.jpg\" alt=\"\" class=\"wp-image-3824\" srcset=\"https:\/\/www.galerieartconcept.com\/wp-content\/uploads\/2020\/09\/alexandre-singh-harry-foulbreech-artconcept-tableau.jpg 600w, https:\/\/www.galerieartconcept.com\/wp-content\/uploads\/2020\/09\/alexandre-singh-harry-foulbreech-artconcept-tableau-200x300.jpg 200w\" sizes=\"auto, (max-width: 600px) 100vw, 600px\" \/><figcaption class=\"wp-element-caption\">Harry Foulbreech, 2013, bronze, feuille d\u2019argent, 45 x 24 x 25 cm<\/figcaption><\/figure>\n\n\n\n<figure class=\"wp-block-image size-large\"><img loading=\"lazy\" decoding=\"async\" width=\"644\" height=\"1000\" data-id=\"3826\" src=\"http:\/\/www.galerieartconcept.com\/new\/wp-content\/uploads\/2020\/09\/alexandre-singh-bullen-2013-bronze-artconcept-tableau.jpg\" alt=\"\" class=\"wp-image-3826\" srcset=\"https:\/\/www.galerieartconcept.com\/wp-content\/uploads\/2020\/09\/alexandre-singh-bullen-2013-bronze-artconcept-tableau.jpg 644w, https:\/\/www.galerieartconcept.com\/wp-content\/uploads\/2020\/09\/alexandre-singh-bullen-2013-bronze-artconcept-tableau-193x300.jpg 193w\" sizes=\"auto, (max-width: 644px) 100vw, 644px\" \/><figcaption class=\"wp-element-caption\">Bullen, 2013, bronze, 44 x 25 x 26 cm<\/figcaption><\/figure>\n\n\n\n<figure class=\"wp-block-image size-large\"><img loading=\"lazy\" decoding=\"async\" width=\"1000\" height=\"667\" data-id=\"3832\" src=\"http:\/\/www.galerieartconcept.com\/new\/wp-content\/uploads\/2020\/09\/alexandre-singh-the-humans-performance-2013-artconcept-tableau.jpg\" alt=\"\" class=\"wp-image-3832\" srcset=\"https:\/\/www.galerieartconcept.com\/wp-content\/uploads\/2020\/09\/alexandre-singh-the-humans-performance-2013-artconcept-tableau.jpg 1000w, https:\/\/www.galerieartconcept.com\/wp-content\/uploads\/2020\/09\/alexandre-singh-the-humans-performance-2013-artconcept-tableau-300x200.jpg 300w, https:\/\/www.galerieartconcept.com\/wp-content\/uploads\/2020\/09\/alexandre-singh-the-humans-performance-2013-artconcept-tableau-768x512.jpg 768w\" sizes=\"auto, (max-width: 1000px) 100vw, 1000px\" \/><figcaption class=\"wp-element-caption\">The Humans, performance, Rotterdamse Schouwburg, Rotterdam, 2013<\/figcaption><\/figure>\n\n\n\n<figure class=\"wp-block-image size-large\"><img loading=\"lazy\" decoding=\"async\" width=\"1024\" height=\"511\" data-id=\"44553\" src=\"https:\/\/www.galerieartconcept.com\/wp-content\/uploads\/Capture-decran-2026-01-22-a-14.36.48-1-1024x511.png\" alt=\"\" class=\"wp-image-44553\" srcset=\"https:\/\/www.galerieartconcept.com\/wp-content\/uploads\/Capture-decran-2026-01-22-a-14.36.48-1-1024x511.png 1024w, https:\/\/www.galerieartconcept.com\/wp-content\/uploads\/Capture-decran-2026-01-22-a-14.36.48-1-300x150.png 300w, https:\/\/www.galerieartconcept.com\/wp-content\/uploads\/Capture-decran-2026-01-22-a-14.36.48-1-768x383.png 768w, https:\/\/www.galerieartconcept.com\/wp-content\/uploads\/Capture-decran-2026-01-22-a-14.36.48-1-1200x599.png 1200w, https:\/\/www.galerieartconcept.com\/wp-content\/uploads\/Capture-decran-2026-01-22-a-14.36.48-1.png 1259w\" sizes=\"auto, (max-width: 1024px) 100vw, 1024px\" \/><figcaption class=\"wp-element-caption\">The Humans, 2023\/2014<\/figcaption><\/figure>\n\n\n\n<figure class=\"wp-block-image size-large\"><img loading=\"lazy\" decoding=\"async\" width=\"1000\" height=\"772\" data-id=\"3834\" src=\"http:\/\/www.galerieartconcept.com\/new\/wp-content\/uploads\/2020\/09\/alexandre-singh-the-miracle-manna-from-heaven-watercolour-aquarelle-artconcept-tableau.jpg\" alt=\"\" class=\"wp-image-3834\" srcset=\"https:\/\/www.galerieartconcept.com\/wp-content\/uploads\/2020\/09\/alexandre-singh-the-miracle-manna-from-heaven-watercolour-aquarelle-artconcept-tableau.jpg 1000w, https:\/\/www.galerieartconcept.com\/wp-content\/uploads\/2020\/09\/alexandre-singh-the-miracle-manna-from-heaven-watercolour-aquarelle-artconcept-tableau-300x232.jpg 300w, https:\/\/www.galerieartconcept.com\/wp-content\/uploads\/2020\/09\/alexandre-singh-the-miracle-manna-from-heaven-watercolour-aquarelle-artconcept-tableau-768x593.jpg 768w\" sizes=\"auto, (max-width: 1000px) 100vw, 1000px\" \/><figcaption class=\"wp-element-caption\">The Miracle (Manna from Heaven), 2013, aquarelle, graphite sur impression ultrachrome, collage, 120 x 80 cm<\/figcaption><\/figure>\n\n\n\n<figure class=\"wp-block-image size-large\"><img loading=\"lazy\" decoding=\"async\" width=\"1024\" height=\"712\" data-id=\"3836\" src=\"http:\/\/www.galerieartconcept.com\/new\/wp-content\/uploads\/2020\/09\/Singh_Thepledge_2013-1024x712.jpg\" alt=\"\" class=\"wp-image-3836\" srcset=\"https:\/\/www.galerieartconcept.com\/wp-content\/uploads\/2020\/09\/Singh_Thepledge_2013-1024x712.jpg 1024w, https:\/\/www.galerieartconcept.com\/wp-content\/uploads\/2020\/09\/Singh_Thepledge_2013-300x208.jpg 300w, https:\/\/www.galerieartconcept.com\/wp-content\/uploads\/2020\/09\/Singh_Thepledge_2013-768x534.jpg 768w, https:\/\/www.galerieartconcept.com\/wp-content\/uploads\/2020\/09\/Singh_Thepledge_2013-1536x1067.jpg 1536w, https:\/\/www.galerieartconcept.com\/wp-content\/uploads\/2020\/09\/Singh_Thepledge_2013-2048x1423.jpg 2048w, https:\/\/www.galerieartconcept.com\/wp-content\/uploads\/2020\/09\/Singh_Thepledge_2013-1200x834.jpg 1200w, https:\/\/www.galerieartconcept.com\/wp-content\/uploads\/2020\/09\/Singh_Thepledge_2013-1980x1376.jpg 1980w\" sizes=\"auto, (max-width: 1024px) 100vw, 1024px\" \/><figcaption class=\"wp-element-caption\">Vue d&rsquo;installation, Assembly Instructions: The Pledge, The Drawing Center, New York, 2013<\/figcaption><\/figure>\n\n\n\n<figure class=\"wp-block-image size-large\"><img loading=\"lazy\" decoding=\"async\" width=\"1024\" height=\"769\" data-id=\"3842\" src=\"http:\/\/www.galerieartconcept.com\/new\/wp-content\/uploads\/2020\/09\/AS009-r-1024x769.jpg\" alt=\"\" class=\"wp-image-3842\" srcset=\"https:\/\/www.galerieartconcept.com\/wp-content\/uploads\/2020\/09\/AS009-r-1024x769.jpg 1024w, https:\/\/www.galerieartconcept.com\/wp-content\/uploads\/2020\/09\/AS009-r-300x225.jpg 300w, https:\/\/www.galerieartconcept.com\/wp-content\/uploads\/2020\/09\/AS009-r-768x577.jpg 768w, https:\/\/www.galerieartconcept.com\/wp-content\/uploads\/2020\/09\/AS009-r-1536x1154.jpg 1536w, https:\/\/www.galerieartconcept.com\/wp-content\/uploads\/2020\/09\/AS009-r-2048x1538.jpg 2048w, https:\/\/www.galerieartconcept.com\/wp-content\/uploads\/2020\/09\/AS009-r-1200x901.jpg 1200w, https:\/\/www.galerieartconcept.com\/wp-content\/uploads\/2020\/09\/AS009-r-1980x1487.jpg 1980w\" sizes=\"auto, (max-width: 1024px) 100vw, 1024px\" \/><figcaption class=\"wp-element-caption\">The School for Objects Criticized, 2010, mat\u00e9riaux mixtes, son,<br>dimensions variables<\/figcaption><\/figure>\n\n\n\n<figure class=\"wp-block-image size-large\"><img loading=\"lazy\" decoding=\"async\" width=\"1024\" height=\"718\" data-id=\"36634\" src=\"http:\/\/www.galerieartconcept.com\/wp-content\/uploads\/AS009-v-1024x718.jpg\" alt=\"\" class=\"wp-image-36634\" srcset=\"https:\/\/www.galerieartconcept.com\/wp-content\/uploads\/AS009-v-1024x718.jpg 1024w, https:\/\/www.galerieartconcept.com\/wp-content\/uploads\/AS009-v-300x210.jpg 300w, https:\/\/www.galerieartconcept.com\/wp-content\/uploads\/AS009-v-768x538.jpg 768w, https:\/\/www.galerieartconcept.com\/wp-content\/uploads\/AS009-v-1536x1076.jpg 1536w, https:\/\/www.galerieartconcept.com\/wp-content\/uploads\/AS009-v-2048x1435.jpg 2048w, https:\/\/www.galerieartconcept.com\/wp-content\/uploads\/AS009-v-1200x841.jpg 1200w, https:\/\/www.galerieartconcept.com\/wp-content\/uploads\/AS009-v-1980x1388.jpg 1980w\" sizes=\"auto, (max-width: 1024px) 100vw, 1024px\" \/><figcaption class=\"wp-element-caption\">Dynasty, Palais de Tokyo &amp; Mus\u00e9e d&rsquo;Art moderne de la ville de Paris, 2010, \u00a9P.Antoine<\/figcaption><\/figure>\n\n\n\n<figure class=\"wp-block-image size-large\"><img loading=\"lazy\" decoding=\"async\" width=\"1024\" height=\"484\" data-id=\"44556\" src=\"https:\/\/www.galerieartconcept.com\/wp-content\/uploads\/Capture-decran-2026-01-22-a-14.36.23-1-1024x484.png\" alt=\"\" class=\"wp-image-44556\" srcset=\"https:\/\/www.galerieartconcept.com\/wp-content\/uploads\/Capture-decran-2026-01-22-a-14.36.23-1-1024x484.png 1024w, https:\/\/www.galerieartconcept.com\/wp-content\/uploads\/Capture-decran-2026-01-22-a-14.36.23-1-300x142.png 300w, https:\/\/www.galerieartconcept.com\/wp-content\/uploads\/Capture-decran-2026-01-22-a-14.36.23-1-768x363.png 768w, https:\/\/www.galerieartconcept.com\/wp-content\/uploads\/Capture-decran-2026-01-22-a-14.36.23-1-1200x567.png 1200w, https:\/\/www.galerieartconcept.com\/wp-content\/uploads\/Capture-decran-2026-01-22-a-14.36.23-1.png 1215w\" sizes=\"auto, (max-width: 1024px) 100vw, 1024px\" \/><figcaption class=\"wp-element-caption\">The Appointment, 2019<\/figcaption><\/figure>\n\n\n\n<figure class=\"wp-block-image size-large\"><img loading=\"lazy\" decoding=\"async\" width=\"1024\" height=\"679\" data-id=\"3844\" src=\"http:\/\/www.galerieartconcept.com\/new\/wp-content\/uploads\/2020\/09\/AS003-zf-1024x679.jpg\" alt=\"\" class=\"wp-image-3844\" srcset=\"https:\/\/www.galerieartconcept.com\/wp-content\/uploads\/2020\/09\/AS003-zf-1024x679.jpg 1024w, https:\/\/www.galerieartconcept.com\/wp-content\/uploads\/2020\/09\/AS003-zf-300x199.jpg 300w, https:\/\/www.galerieartconcept.com\/wp-content\/uploads\/2020\/09\/AS003-zf-768x509.jpg 768w, https:\/\/www.galerieartconcept.com\/wp-content\/uploads\/2020\/09\/AS003-zf-1536x1018.jpg 1536w, https:\/\/www.galerieartconcept.com\/wp-content\/uploads\/2020\/09\/AS003-zf-2048x1357.jpg 2048w, https:\/\/www.galerieartconcept.com\/wp-content\/uploads\/2020\/09\/AS003-zf-1200x795.jpg 1200w, https:\/\/www.galerieartconcept.com\/wp-content\/uploads\/2020\/09\/AS003-zf-1980x1312.jpg 1980w\" sizes=\"auto, (max-width: 1024px) 100vw, 1024px\" \/><figcaption class=\"wp-element-caption\">Dynasty, Palais de Tokyo &amp; Mus\u00e9e d&rsquo;Art moderne de la ville de Paris, 2010, \u00a9P.Antoine<\/figcaption><\/figure>\n\n\n\n<figure class=\"wp-block-image size-large\"><img loading=\"lazy\" decoding=\"async\" width=\"1024\" height=\"687\" data-id=\"3846\" src=\"http:\/\/www.galerieartconcept.com\/new\/wp-content\/uploads\/2020\/09\/Singh_economist_2007-1024x687.jpg\" alt=\"\" class=\"wp-image-3846\" srcset=\"https:\/\/www.galerieartconcept.com\/wp-content\/uploads\/2020\/09\/Singh_economist_2007-1024x687.jpg 1024w, https:\/\/www.galerieartconcept.com\/wp-content\/uploads\/2020\/09\/Singh_economist_2007-300x201.jpg 300w, https:\/\/www.galerieartconcept.com\/wp-content\/uploads\/2020\/09\/Singh_economist_2007-768x515.jpg 768w, https:\/\/www.galerieartconcept.com\/wp-content\/uploads\/2020\/09\/Singh_economist_2007-1536x1030.jpg 1536w, https:\/\/www.galerieartconcept.com\/wp-content\/uploads\/2020\/09\/Singh_economist_2007-2048x1373.jpg 2048w, https:\/\/www.galerieartconcept.com\/wp-content\/uploads\/2020\/09\/Singh_economist_2007-1200x805.jpg 1200w, https:\/\/www.galerieartconcept.com\/wp-content\/uploads\/2020\/09\/Singh_economist_2007-1980x1328.jpg 1980w\" sizes=\"auto, (max-width: 1024px) 100vw, 1024px\" \/><figcaption class=\"wp-element-caption\">The Economist (EmoTion Chest), 2007, collage de d\u00e9coupes du journal \u00ab\u00a0The Economist\u00a0\u00bb sur bois agglom\u00e9r\u00e9, encadr\u00e9 et sous verre, 63,5 x 91,5 x 4 cm<\/figcaption><\/figure>\n\n\n\n<figure class=\"wp-block-image size-large\"><img loading=\"lazy\" decoding=\"async\" width=\"1024\" height=\"703\" data-id=\"3848\" src=\"http:\/\/www.galerieartconcept.com\/new\/wp-content\/uploads\/2020\/09\/AS001-a-1024x703.jpg\" alt=\"\" class=\"wp-image-3848\" srcset=\"https:\/\/www.galerieartconcept.com\/wp-content\/uploads\/2020\/09\/AS001-a-1024x703.jpg 1024w, https:\/\/www.galerieartconcept.com\/wp-content\/uploads\/2020\/09\/AS001-a-300x206.jpg 300w, https:\/\/www.galerieartconcept.com\/wp-content\/uploads\/2020\/09\/AS001-a-768x527.jpg 768w, https:\/\/www.galerieartconcept.com\/wp-content\/uploads\/2020\/09\/AS001-a-1536x1055.jpg 1536w, https:\/\/www.galerieartconcept.com\/wp-content\/uploads\/2020\/09\/AS001-a-2048x1407.jpg 2048w, https:\/\/www.galerieartconcept.com\/wp-content\/uploads\/2020\/09\/AS001-a-1200x824.jpg 1200w, https:\/\/www.galerieartconcept.com\/wp-content\/uploads\/2020\/09\/AS001-a-1980x1360.jpg 1980w\" sizes=\"auto, (max-width: 1024px) 100vw, 1024px\" \/><figcaption class=\"wp-element-caption\">The Economist (EmoTion Chest), 2007, collage de d\u00e9coupes du journal \u00ab\u00a0The Economist\u00a0\u00bb sur bois agglom\u00e9r\u00e9, encadr\u00e9 et sous verre, 63,5 x 91,5 x 4 cm<\/figcaption><\/figure>\n<\/figure>\n\n\n\n<h4 class=\"wp-block-heading\">Biographie<\/h4>\n\n\n\n<p>N\u00e9 en 1980 \u00e0 Bordeaux, Alexandre Singh vit et travaille \u00e0 Paris et \u00e0 New York. <\/p>\n\n\n\n<p>R\u00e9compens\u00e9 en 2012 par le Prix Meurice pour l\u2019art contemporain, il se distingue par un travail prot\u00e9iforme qui \u00e9volue entre \u00e9criture, performance, collage, installation et sculpture. Ces diff\u00e9rentes pratiques, loin d\u2019\u00eatre herm\u00e9tiques, travaillent de concert pour mener vers une \u0153uvre totale qui questionne la nature humaine, sa gen\u00e8se, ses tares et ses multiples visages. Les r\u00e9f\u00e9rences de l\u2019artiste, tout aussi h\u00e9t\u00e9roclites, donnent naissance \u00e0 des personnages et r\u00e9cits h\u00e9rit\u00e9s indistinctement de la culture populaire \u2013 l\u2019univers publicitaire et t\u00e9l\u00e9vis\u00e9 \u2013, du r\u00e9pertoire dramatique classique (Moli\u00e8re), comme de la com\u00e9die grecque antique (Aristophane). Cet assemblage d\u2019images et de r\u00e9f\u00e9rences \u00e9voque ses premiers travaux de collage, comme ses s\u00e9ries The Economist (2006) et Assembly Instructions (2008-2011) qui puisent autant leurs sources dans les Essais de Montaigne que dans les catalogues Ikea. En 2012, il signe sa premi\u00e8re pi\u00e8ce de th\u00e9\u00e2tre, The Humans, \u00e9labor\u00e9e lors de sa r\u00e9sidence au Witte de With et pr\u00e9sent\u00e9e au Rotterdamse Schouwburg, \u00e0 la Brooklyn Academy of Music de New York et au programme du festival d\u2019Avignon en 2014.<\/p>\n\n\n\n<p>Son travail est pr\u00e9sent dans les institutions suivantes : le Centre national des arts plastiques (Paris), le FRAC des Pays de la Loire (Carquefou, France), le Solomon R. Guggenheim Museum ou encore The Museum of Modern Art \u00e0 New York.<\/p>\n\n\n\n<p>Plusieurs expositions personnelles lui ont \u00e9t\u00e9 consacr\u00e9es en Europe et aux \u00c9tats-Unis. En 2011 il pr\u00e9sente son installation La Critique de l\u2019\u00e9cole des objets au Palais de Tokyo (Paris) \u2013 montr\u00e9e initialement au New Museum de New-York en 2010 \u2013 puis Assembly Instructions : The Pledge \u00e0 la galerie Monitor (Rome) et chez Art : Concept (Paris), \u00e9galement montr\u00e9e au Drawing Center (New-York) en 2013. Cette m\u00eame ann\u00e9e il propose The Humans chez Metro Pictures (New York), puis chez Spr\u00fcth Magers (Londres) en 2014. En 2019 il pr\u00e9sente une exposition personnelle au Fine Arts Museums of San Francisco (Californie). Son travail a \u00e9t\u00e9 \u00e9galement montr\u00e9 pendant la Whitney Biennial, la Bienniale de Lyon et Manifesta 8.<\/p>\n\n\n\n<p><\/p>\n\n\n\n<h4 class=\"wp-block-heading\">A la galerie<\/h4>\n\n\n\n<ul class=\"wp-block-list\">\n<li><a href=\"http:\/\/www.galerieartconcept.com\/new\/en\/la-tour-bouchon-2018\/\">La Tour Bouchon, 2018<\/a><\/li>\n\n\n\n<li><a href=\"http:\/\/www.galerieartconcept.com\/new\/en\/the-chorus-2014\/\">The Chorus, 2014<\/a><\/li>\n\n\n\n<li><a href=\"http:\/\/www.galerieartconcept.com\/new\/en\/assembly-instructions-the-pledge-2011\/\">Assembly Instructions: The Pledge, 2011<\/a><\/li>\n\n\n\n<li><a href=\"http:\/\/www.galerieartconcept.com\/new\/en\/bagna-cauda\/\">Bagna Cauda, 2010<\/a><\/li>\n<\/ul>\n\n\n\n<h4 class=\"wp-block-heading\">Vid\u00e9os<\/h4>\n\n\n\n<ul class=\"wp-block-list\">\n<li><a href=\"https:\/\/www.galerieartconcept.com\/en\/alexandre-singh-nathalie-musteata-deux-personnes-echangeant-de-la-salive-teaser-2025-prix-canal-et-prix-du-public-clermont-ferrant-2025\/\" data-type=\"link\" data-id=\"https:\/\/www.galerieartconcept.com\/en\/alexandre-singh-nathalie-musteata-deux-personnes-echangeant-de-la-salive-teaser-2025-prix-canal-et-prix-du-public-clermont-ferrant-2025\/\">Deux personnes \u00e9changeant de la salive (teaser), 2025<\/a><\/li>\n\n\n\n<li><a href=\"http:\/\/www.galerieartconcept.com\/fr\/alexandre-singh-kino-der-kunst-alexandre-singh-entretien-avec-heinz-peter-schwerfel-2021\/\" data-type=\"link\" data-id=\"http:\/\/www.galerieartconcept.com\/fr\/alexandre-singh-kino-der-kunst-alexandre-singh-entretien-avec-heinz-peter-schwerfel-2021\/\">KINO DER KUNST &#8211; Alexandre Singh, conversation avec Heinz Peter Schwerfel, 2021<\/a><\/li>\n\n\n\n<li><a href=\"http:\/\/www.galerieartconcept.com\/new\/fr\/modern-classicisms-intervention-1-alexandre-singh-the-humans\/\">King&rsquo;s College London \/ Modern Classicisms: Alexandre Singh, The Humans. 2018<\/a><\/li>\n\n\n\n<li><a href=\"http:\/\/www.galerieartconcept.com\/new\/en\/interview-de-lartiste-alexandre-singh\/\">Interview de l&rsquo;artiste Alexandre Singh dans le cadre de son exposition \u00ab\u00a0La Critique de l&rsquo;\u00e9cole des Objets\u00a0\u00bb au Palais de Tokyo, pour la deuxi\u00e8me session 2010<\/a><\/li>\n<\/ul>\n\n\n\n<h4 class=\"wp-block-heading\">Downloads<\/h4>\n\n\n\n<div class=\"wp-block-file\"><a id=\"wp-block-file--media-72454959-7ba7-41d1-862f-94a2bf25f3e8\" href=\"http:\/\/www.galerieartconcept.com\/wp-content\/uploads\/AS-CV-2026-1.pdf\">CV (pdf)<\/a><a href=\"http:\/\/www.galerieartconcept.com\/wp-content\/uploads\/AS-CV-2026-1.pdf\" class=\"wp-block-file__button wp-element-button\" download aria-describedby=\"wp-block-file--media-72454959-7ba7-41d1-862f-94a2bf25f3e8\">Download<\/a><\/div>\n\n\n\n<div class=\"wp-block-file\"><a href=\"http:\/\/www.galerieartconcept.com\/new\/wp-content\/uploads\/2020\/09\/Singh-press-selection.pdf\">Press (pdf)<\/a><a href=\"http:\/\/www.galerieartconcept.com\/new\/wp-content\/uploads\/2020\/09\/Singh-press-selection.pdf\" class=\"wp-block-file__button wp-element-button\" download>Download<\/a><\/div>\n\n\n\n<p><\/p>\n","protected":false},"excerpt":{"rendered":"<p>Biographie N\u00e9 en 1980 \u00e0 Bordeaux, Alexandre Singh vit et travaille \u00e0 Paris et \u00e0 New York. R\u00e9compens\u00e9 en 2012 par le Prix Meurice pour l\u2019art contemporain, il se distingue par un travail prot\u00e9iforme qui \u00e9volue entre \u00e9criture, performance, collage, installation et sculpture. Ces diff\u00e9rentes pratiques, loin d\u2019\u00eatre herm\u00e9tiques, travaillent de concert pour mener vers [&hellip;]<\/p>\n","protected":false},"author":1,"featured_media":3869,"comment_status":"open","ping_status":"open","sticky":false,"template":"","format":"standard","meta":{"footnotes":""},"categories":[8],"tags":[85],"class_list":["post-4797","post","type-post","status-publish","format-standard","has-post-thumbnail","hentry","category-artistes","tag-alexandre-singh-fr"],"_links":{"self":[{"href":"https:\/\/www.galerieartconcept.com\/fr\/wp-json\/wp\/v2\/posts\/4797","targetHints":{"allow":["GET"]}}],"collection":[{"href":"https:\/\/www.galerieartconcept.com\/fr\/wp-json\/wp\/v2\/posts"}],"about":[{"href":"https:\/\/www.galerieartconcept.com\/fr\/wp-json\/wp\/v2\/types\/post"}],"author":[{"embeddable":true,"href":"https:\/\/www.galerieartconcept.com\/fr\/wp-json\/wp\/v2\/users\/1"}],"replies":[{"embeddable":true,"href":"https:\/\/www.galerieartconcept.com\/fr\/wp-json\/wp\/v2\/comments?post=4797"}],"version-history":[{"count":28,"href":"https:\/\/www.galerieartconcept.com\/fr\/wp-json\/wp\/v2\/posts\/4797\/revisions"}],"predecessor-version":[{"id":44826,"href":"https:\/\/www.galerieartconcept.com\/fr\/wp-json\/wp\/v2\/posts\/4797\/revisions\/44826"}],"wp:featuredmedia":[{"embeddable":true,"href":"https:\/\/www.galerieartconcept.com\/fr\/wp-json\/wp\/v2\/media\/3869"}],"wp:attachment":[{"href":"https:\/\/www.galerieartconcept.com\/fr\/wp-json\/wp\/v2\/media?parent=4797"}],"wp:term":[{"taxonomy":"category","embeddable":true,"href":"https:\/\/www.galerieartconcept.com\/fr\/wp-json\/wp\/v2\/categories?post=4797"},{"taxonomy":"post_tag","embeddable":true,"href":"https:\/\/www.galerieartconcept.com\/fr\/wp-json\/wp\/v2\/tags?post=4797"}],"curies":[{"name":"wp","href":"https:\/\/api.w.org\/{rel}","templated":true}]}}