{"id":46315,"date":"2026-06-24T13:26:58","date_gmt":"2026-06-24T13:26:58","guid":{"rendered":"https:\/\/www.galerieartconcept.com\/?p=46315"},"modified":"2026-08-26T14:14:29","modified_gmt":"2026-08-26T14:14:29","slug":"ulla-von-brandenburg-benoit-resillot-une-seule-promesse-a-la-fois-galerie-du-dourven-tredrez-locquemeau-fr-4-juillet-27-septembre-2026","status":"publish","type":"post","link":"https:\/\/www.galerieartconcept.com\/fr\/ulla-von-brandenburg-benoit-resillot-une-seule-promesse-a-la-fois-galerie-du-dourven-tredrez-locquemeau-fr-4-juillet-27-septembre-2026\/","title":{"rendered":"Ulla von Brandenburg &amp; Beno\u00eet R\u00e9sillot, Une seule promesse \u00e0 la fois, Galerie du Dourven, Tr\u00e9drez-Locqu\u00e9meau\/FR. 4 juillet &#8211; 27 septembre 2026"},"content":{"rendered":"\n<figure class=\"wp-block-image size-large\"><img loading=\"lazy\" decoding=\"async\" width=\"1024\" height=\"683\" src=\"http:\/\/www.galerieartconcept.com\/wp-content\/uploads\/DOURVEN_une_seule_promesse_vue_expo-23-1024x683.jpg\" alt=\"\" class=\"wp-image-46681\" srcset=\"https:\/\/www.galerieartconcept.com\/wp-content\/uploads\/DOURVEN_une_seule_promesse_vue_expo-23-1024x683.jpg 1024w, https:\/\/www.galerieartconcept.com\/wp-content\/uploads\/DOURVEN_une_seule_promesse_vue_expo-23-300x200.jpg 300w, https:\/\/www.galerieartconcept.com\/wp-content\/uploads\/DOURVEN_une_seule_promesse_vue_expo-23-768x512.jpg 768w, https:\/\/www.galerieartconcept.com\/wp-content\/uploads\/DOURVEN_une_seule_promesse_vue_expo-23-1536x1024.jpg 1536w, https:\/\/www.galerieartconcept.com\/wp-content\/uploads\/DOURVEN_une_seule_promesse_vue_expo-23-2048x1366.jpg 2048w, https:\/\/www.galerieartconcept.com\/wp-content\/uploads\/DOURVEN_une_seule_promesse_vue_expo-23-1200x800.jpg 1200w, https:\/\/www.galerieartconcept.com\/wp-content\/uploads\/DOURVEN_une_seule_promesse_vue_expo-23-1980x1321.jpg 1980w\" sizes=\"auto, (max-width: 1024px) 100vw, 1024px\" \/><\/figure>\n\n\n\n<p>Pour son exposition estivale, la Galerie du Dourven pr\u00e9sente Une seule promesse \u00e0 la fois, de l\u2019artiste plasticienne allemande Ulla von Brandenburg, con\u00e7ue en collaboration avec le com\u00e9dien et dramaturge Benoit R\u00e9sillot.<\/p>\n\n\n\n<p>Imagin\u00e9e par le duo d\u2019artistes invit\u00e9s en r\u00e9sidence de cr\u00e9ation au Dourven durant l\u2019ann\u00e9e pass\u00e9e, l\u2019exposition est inspir\u00e9e de l\u2019identit\u00e9 paysag\u00e8re et culturelle du territoire, et pens\u00e9e sp\u00e9cifiquement pour la Galerie du Dourven.<\/p>\n\n\n\n<p><a href=\"https:\/\/www.lannion-tregor.com\/vos-services\/culture-loisirs\/galerie-du-dourven\/\" data-type=\"link\" data-id=\"https:\/\/www.lannion-tregor.com\/vos-services\/culture-loisirs\/galerie-du-dourven\/\">Plus d&rsquo;informations<\/a><\/p>\n","protected":false},"excerpt":{"rendered":"<p>Pour son exposition estivale, la Galerie du Dourven pr\u00e9sente Une seule promesse \u00e0 la fois, de l\u2019artiste plasticienne allemande Ulla von Brandenburg, con\u00e7ue en collaboration avec le com\u00e9dien et dramaturge Benoit R\u00e9sillot. Imagin\u00e9e par le duo d\u2019artistes invit\u00e9s en r\u00e9sidence de cr\u00e9ation au Dourven durant l\u2019ann\u00e9e pass\u00e9e, l\u2019exposition est inspir\u00e9e de l\u2019identit\u00e9 paysag\u00e8re et culturelle [&hellip;]<\/p>\n","protected":false},"author":1,"featured_media":0,"comment_status":"open","ping_status":"open","sticky":false,"template":"","format":"standard","meta":{"footnotes":""},"categories":[9],"tags":[],"class_list":["post-46315","post","type-post","status-publish","format-standard","hentry","category-news-fr"],"_links":{"self":[{"href":"https:\/\/www.galerieartconcept.com\/fr\/wp-json\/wp\/v2\/posts\/46315","targetHints":{"allow":["GET"]}}],"collection":[{"href":"https:\/\/www.galerieartconcept.com\/fr\/wp-json\/wp\/v2\/posts"}],"about":[{"href":"https:\/\/www.galerieartconcept.com\/fr\/wp-json\/wp\/v2\/types\/post"}],"author":[{"embeddable":true,"href":"https:\/\/www.galerieartconcept.com\/fr\/wp-json\/wp\/v2\/users\/1"}],"replies":[{"embeddable":true,"href":"https:\/\/www.galerieartconcept.com\/fr\/wp-json\/wp\/v2\/comments?post=46315"}],"version-history":[{"count":3,"href":"https:\/\/www.galerieartconcept.com\/fr\/wp-json\/wp\/v2\/posts\/46315\/revisions"}],"predecessor-version":[{"id":46684,"href":"https:\/\/www.galerieartconcept.com\/fr\/wp-json\/wp\/v2\/posts\/46315\/revisions\/46684"}],"wp:attachment":[{"href":"https:\/\/www.galerieartconcept.com\/fr\/wp-json\/wp\/v2\/media?parent=46315"}],"wp:term":[{"taxonomy":"category","embeddable":true,"href":"https:\/\/www.galerieartconcept.com\/fr\/wp-json\/wp\/v2\/categories?post=46315"},{"taxonomy":"post_tag","embeddable":true,"href":"https:\/\/www.galerieartconcept.com\/fr\/wp-json\/wp\/v2\/tags?post=46315"}],"curies":[{"name":"wp","href":"https:\/\/api.w.org\/{rel}","templated":true}]}}