{"id":45565,"date":"2026-01-30T14:00:36","date_gmt":"2026-01-30T14:00:36","guid":{"rendered":"https:\/\/www.galerieartconcept.com\/?p=45565"},"modified":"2026-04-15T13:49:58","modified_gmt":"2026-04-15T13:49:58","slug":"jeremy-deller-octospider-artline-milano-citylife-park-milano-it-a-partir-du-15-avril-2026","status":"publish","type":"post","link":"https:\/\/www.galerieartconcept.com\/fr\/jeremy-deller-octospider-artline-milano-citylife-park-milano-it-a-partir-du-15-avril-2026\/","title":{"rendered":"Jeremy Deller, Octospider, ArtLine Milano, CityLife park, Milano\/IT. A partir du 15 avril 2026"},"content":{"rendered":"\n<figure class=\"wp-block-image size-large\"><img loading=\"lazy\" decoding=\"async\" width=\"1024\" height=\"767\" src=\"http:\/\/www.galerieartconcept.com\/wp-content\/uploads\/Capture-decran-2026-04-15-a-15.17.45-1-1024x767.png\" alt=\"\" class=\"wp-image-45559\" srcset=\"https:\/\/www.galerieartconcept.com\/wp-content\/uploads\/Capture-decran-2026-04-15-a-15.17.45-1-1024x767.png 1024w, https:\/\/www.galerieartconcept.com\/wp-content\/uploads\/Capture-decran-2026-04-15-a-15.17.45-1-300x225.png 300w, https:\/\/www.galerieartconcept.com\/wp-content\/uploads\/Capture-decran-2026-04-15-a-15.17.45-1-768x575.png 768w, https:\/\/www.galerieartconcept.com\/wp-content\/uploads\/Capture-decran-2026-04-15-a-15.17.45-1-1536x1150.png 1536w, https:\/\/www.galerieartconcept.com\/wp-content\/uploads\/Capture-decran-2026-04-15-a-15.17.45-1-2048x1533.png 2048w, https:\/\/www.galerieartconcept.com\/wp-content\/uploads\/Capture-decran-2026-04-15-a-15.17.45-1-1200x898.png 1200w, https:\/\/www.galerieartconcept.com\/wp-content\/uploads\/Capture-decran-2026-04-15-a-15.17.45-1-1980x1482.png 1980w\" sizes=\"auto, (max-width: 1024px) 100vw, 1024px\" \/><\/figure>\n\n\n\n<p>L&rsquo;\u0153uvre vient compl\u00e9ter le parcours ArtLine Milano, le mus\u00e9e \u00e0 ciel ouvert du parc CityLife.<\/p>\n\n\n\n<p>Milan, 14 avril 2026 \u2013 Octospider, une \u0153uvre de l&rsquo;artiste britannique Jeremy Deller qui vient clore le projet d&rsquo;art public ArtLine Milano, sera inaugur\u00e9e demain, mercredi 15 avril, au parc CityLife, dans le cadre de la Milan Art Week 2026.<\/p>\n\n\n\n<p>Con\u00e7ue comme une installation interactive et ludique, l&rsquo;\u0153uvre combine des \u00e9l\u00e9ments inspir\u00e9s de la pieuvre et de l&rsquo;araign\u00e9e au sein d&rsquo;une structure multifonctionnelle et inclusive. La sculpture est con\u00e7ue pour accueillir jusqu&rsquo;\u00e0 70 enfants \u00e0 la fois et propose neuf activit\u00e9s diff\u00e9rentes destin\u00e9es \u00e0 stimuler la cr\u00e9ativit\u00e9, le jeu et les capacit\u00e9s motrices, dans une logique de valorisation de l&rsquo;espace public comme lieu de lien et de participation.<\/p>\n\n\n\n<p>L&rsquo;\u0153uvre sera pr\u00e9sent\u00e9e au public demain, mercredi 15 avril, \u00e0 17h, en pr\u00e9sence de l&rsquo;adjoint \u00e0 la Culture Tommaso Sacchi et de l&rsquo;artiste Jeremy Deller. \u00c0 17h30, le catalogue \u00ab\u00a0ArtLine Milano Open Air Collection\u00a0\u00bb, sous la direction de Roberto Pinto et Katia Anguelova, sera ensuite pr\u00e9sent\u00e9 au Golden Goose Arena, Via Zaha Hadid.<\/p>\n\n\n\n<p>L&rsquo;inauguration d&rsquo;Octospider cl\u00f4ture officiellement ArtLine Milano, le projet d&rsquo;art public de la Ville d\u00e9velopp\u00e9 en collaboration avec la soci\u00e9t\u00e9 SmartCityLife. Depuis 2014, le projet a progressivement anim\u00e9 le parc CityLife avec de nouvelles sculptures et installations site-specific, cr\u00e9ant ainsi un v\u00e9ritable mus\u00e9e d&rsquo;art contemporain \u00e0 ciel ouvert, ouvert 24h\/24 et enti\u00e8rement gratuit. L&rsquo;exposition r\u00e9unit 19 \u0153uvres permanentes, dont huit issues d&rsquo;un concours r\u00e9serv\u00e9 aux artistes de moins de 40 ans, et les autres cr\u00e9\u00e9es sp\u00e9cifiquement pour ArtLine Milano par des artistes de renomm\u00e9e internationale. Nombre d&rsquo;entre elles sont des installations \u00e0 grande \u00e9chelle, dont certaines font d\u00e9j\u00e0 partie du paysage visuel de la ville, comme Coloris de Pascale Marthine Tayou.<\/p>\n\n\n\n<p>Dans le cadre des initiatives d&rsquo;ArtLine Milano, deux visites guid\u00e9es gratuites du parcours sont pr\u00e9vues le samedi 18 avril \u00e0 16h et \u00e0 18h. Une carte interactive, des informations sur les \u0153uvres et de plus amples d\u00e9tails sur le projet sont disponibles sur le site du MUDEC \u2013 Museo delle Culture.<\/p>\n\n\n\n<p><a href=\"https:\/\/www.comune.milano.it\/en\/w\/milano-art-week-2026.-domani-l-inaugurazione-di-octospider-con-l-assessore-sacchi-e-l-artista-jeremy-deller\" data-type=\"link\" data-id=\"https:\/\/www.comune.milano.it\/en\/w\/milano-art-week-2026.-domani-l-inaugurazione-di-octospider-con-l-assessore-sacchi-e-l-artista-jeremy-deller\">Plus d&rsquo;informations<\/a><\/p>\n","protected":false},"excerpt":{"rendered":"<p>L&rsquo;\u0153uvre vient compl\u00e9ter le parcours ArtLine Milano, le mus\u00e9e \u00e0 ciel ouvert du parc CityLife. Milan, 14 avril 2026 \u2013 Octospider, une \u0153uvre de l&rsquo;artiste britannique Jeremy Deller qui vient clore le projet d&rsquo;art public ArtLine Milano, sera inaugur\u00e9e demain, mercredi 15 avril, au parc CityLife, dans le cadre de la Milan Art Week 2026. [&hellip;]<\/p>\n","protected":false},"author":1,"featured_media":0,"comment_status":"open","ping_status":"open","sticky":false,"template":"","format":"standard","meta":{"footnotes":""},"categories":[9],"tags":[],"class_list":["post-45565","post","type-post","status-publish","format-standard","hentry","category-news-fr"],"_links":{"self":[{"href":"https:\/\/www.galerieartconcept.com\/fr\/wp-json\/wp\/v2\/posts\/45565","targetHints":{"allow":["GET"]}}],"collection":[{"href":"https:\/\/www.galerieartconcept.com\/fr\/wp-json\/wp\/v2\/posts"}],"about":[{"href":"https:\/\/www.galerieartconcept.com\/fr\/wp-json\/wp\/v2\/types\/post"}],"author":[{"embeddable":true,"href":"https:\/\/www.galerieartconcept.com\/fr\/wp-json\/wp\/v2\/users\/1"}],"replies":[{"embeddable":true,"href":"https:\/\/www.galerieartconcept.com\/fr\/wp-json\/wp\/v2\/comments?post=45565"}],"version-history":[{"count":2,"href":"https:\/\/www.galerieartconcept.com\/fr\/wp-json\/wp\/v2\/posts\/45565\/revisions"}],"predecessor-version":[{"id":45567,"href":"https:\/\/www.galerieartconcept.com\/fr\/wp-json\/wp\/v2\/posts\/45565\/revisions\/45567"}],"wp:attachment":[{"href":"https:\/\/www.galerieartconcept.com\/fr\/wp-json\/wp\/v2\/media?parent=45565"}],"wp:term":[{"taxonomy":"category","embeddable":true,"href":"https:\/\/www.galerieartconcept.com\/fr\/wp-json\/wp\/v2\/categories?post=45565"},{"taxonomy":"post_tag","embeddable":true,"href":"https:\/\/www.galerieartconcept.com\/fr\/wp-json\/wp\/v2\/tags?post=45565"}],"curies":[{"name":"wp","href":"https:\/\/api.w.org\/{rel}","templated":true}]}}