{"id":45541,"date":"2026-01-28T14:27:21","date_gmt":"2026-01-28T14:27:21","guid":{"rendered":"https:\/\/www.galerieartconcept.com\/?p=45541"},"modified":"2026-04-14T09:56:53","modified_gmt":"2026-04-14T09:56:53","slug":"hubert-duprat-deja-vu-oeuvres-des-collections-du-frac-bretagne-passerelle-%e2%8e%b9-manoir-de-kerlaouen-fr-18-mars-16-avril-2026","status":"publish","type":"post","link":"https:\/\/www.galerieartconcept.com\/fr\/hubert-duprat-deja-vu-oeuvres-des-collections-du-frac-bretagne-passerelle-%e2%8e%b9-manoir-de-kerlaouen-fr-18-mars-16-avril-2026\/","title":{"rendered":"Hubert Duprat, D\u00e9j\u00e0 vu. \u0152uvres des collections du Frac Bretagne, Passerelle \u23b9 Manoir de Kerlaouen\/FR. 18 mars &#8211; 16 avril 2026"},"content":{"rendered":"\n<p>En 2026, Passerelle est hors les murs. D\u00e8s le printemps, le centre d\u2019art contemporain investit le manoir de Kerlaouen \u00e0 Lesneven pour la quatri\u00e8me ann\u00e9e cons\u00e9cutive, en invitant le Frac Bretagne pour une exposition in\u00e9dite autour de la question du regard et de notre mani\u00e8re de voir.<\/p>\n\n\n\n<p>Il arrive parfois que l\u2019on ait l\u2019impression d\u2019avoir d\u00e9j\u00e0 v\u00e9cu une situation, d\u00e9j\u00e0 fr\u00e9quent\u00e9 un lieu, d\u00e9j\u00e0 vu une image. Cette sensation est br\u00e8ve, \u00e9trange, souvent impossible \u00e0 expliquer. On sait que ce n\u2019est pas un souvenir pr\u00e9cis, mais le sentiment persiste.<\/p>\n\n\n\n<p>Cette exposition part de cette exp\u00e9rience famili\u00e8re : le d\u00e9j\u00e0-vu.<\/p>\n\n\n\n<p>Les \u0153uvres pr\u00e9sent\u00e9es ne racontent pas des histoires nouvelles. Au contraire, elles rejouent, r\u00e9p\u00e8tent, reprennent des formes, des images, des gestes que l\u2019on croit reconna\u00eetre. Certaines semblent venir d\u2019un autre temps. D\u2019autres ressemblent \u00e0 des images de films, de tableaux ou de souvenirs collectifs. Pourtant, en y regardant de plus pr\u00e8s, quelque chose ne colle jamais tout \u00e0 fait.<\/p>\n\n\n\n<p>Ici, le d\u00e9j\u00e0-vu n\u2019est pas une erreur.<br>Il est une mani\u00e8re de regarder.<\/p>\n\n\n\n<p>Les artistes travaillent avec ce que nous avons d\u00e9j\u00e0 en t\u00eate : des images connues, des styles reconnaissables, des formes h\u00e9rit\u00e9es. Mais ils les d\u00e9placent, les ralentissent, les r\u00e9p\u00e8tent ou les transforment l\u00e9g\u00e8rement. Ce d\u00e9calage cr\u00e9e un trouble. Le spectateur\u2026 [lire plus]<\/p>\n\n\n\n<p>Sur une proposition de Morgane Est\u00e8ve, Charg\u00e9e de la collection et des projets sur le territoire du Frac Bretagne et Lo\u00efc Le Gall, directeur de Passerelle Centre d\u2019art contemporain<\/p>\n\n\n\n<p>Passerelle Centre d&rsquo;art contemporain | Manoir de Kerlaouen<br>48 rue g\u00e9n\u00e9ral de Gaulle<br>F-29260 Lesneven<\/p>\n\n\n\n<p>Exposition du 18 mars au 16 mai 2026<br>Ouverte du mercedi au samedi de 14h \u00e0 19h<br>(sauf les jours f\u00e9ri\u00e9s)<\/p>\n\n\n\n<p>Entr\u00e9e libre<\/p>\n\n\n\n<p>En partenariat avec la Ville de Lesneven<\/p>\n\n\n\n<p><a href=\"https:\/\/www.cac-passerelle.com\/expositions\/en-cours\/deja-vu\/\" data-type=\"link\" data-id=\"https:\/\/www.cac-passerelle.com\/expositions\/en-cours\/deja-vu\/\">Plus d&rsquo;informations<\/a><\/p>\n","protected":false},"excerpt":{"rendered":"<p>En 2026, Passerelle est hors les murs. D\u00e8s le printemps, le centre d\u2019art contemporain investit le manoir de Kerlaouen \u00e0 Lesneven pour la quatri\u00e8me ann\u00e9e cons\u00e9cutive, en invitant le Frac Bretagne pour une exposition in\u00e9dite autour de la question du regard et de notre mani\u00e8re de voir. Il arrive parfois que l\u2019on ait l\u2019impression d\u2019avoir [&hellip;]<\/p>\n","protected":false},"author":1,"featured_media":0,"comment_status":"open","ping_status":"open","sticky":false,"template":"","format":"standard","meta":{"footnotes":""},"categories":[9],"tags":[],"class_list":["post-45541","post","type-post","status-publish","format-standard","hentry","category-news-fr"],"_links":{"self":[{"href":"https:\/\/www.galerieartconcept.com\/fr\/wp-json\/wp\/v2\/posts\/45541","targetHints":{"allow":["GET"]}}],"collection":[{"href":"https:\/\/www.galerieartconcept.com\/fr\/wp-json\/wp\/v2\/posts"}],"about":[{"href":"https:\/\/www.galerieartconcept.com\/fr\/wp-json\/wp\/v2\/types\/post"}],"author":[{"embeddable":true,"href":"https:\/\/www.galerieartconcept.com\/fr\/wp-json\/wp\/v2\/users\/1"}],"replies":[{"embeddable":true,"href":"https:\/\/www.galerieartconcept.com\/fr\/wp-json\/wp\/v2\/comments?post=45541"}],"version-history":[{"count":2,"href":"https:\/\/www.galerieartconcept.com\/fr\/wp-json\/wp\/v2\/posts\/45541\/revisions"}],"predecessor-version":[{"id":45543,"href":"https:\/\/www.galerieartconcept.com\/fr\/wp-json\/wp\/v2\/posts\/45541\/revisions\/45543"}],"wp:attachment":[{"href":"https:\/\/www.galerieartconcept.com\/fr\/wp-json\/wp\/v2\/media?parent=45541"}],"wp:term":[{"taxonomy":"category","embeddable":true,"href":"https:\/\/www.galerieartconcept.com\/fr\/wp-json\/wp\/v2\/categories?post=45541"},{"taxonomy":"post_tag","embeddable":true,"href":"https:\/\/www.galerieartconcept.com\/fr\/wp-json\/wp\/v2\/tags?post=45541"}],"curies":[{"name":"wp","href":"https:\/\/api.w.org\/{rel}","templated":true}]}}