{"id":45421,"date":"2026-04-08T13:48:51","date_gmt":"2026-04-08T13:48:51","guid":{"rendered":"https:\/\/www.galerieartconcept.com\/?p=45421"},"modified":"2026-04-17T14:28:23","modified_gmt":"2026-04-17T14:28:23","slug":"michel-francois","status":"publish","type":"post","link":"https:\/\/www.galerieartconcept.com\/fr\/michel-francois\/","title":{"rendered":"Michel Fran\u00e7ois"},"content":{"rendered":"\n<figure class=\"wp-block-gallery has-nested-images columns-2 is-cropped wp-block-gallery-1 is-layout-flex wp-block-gallery-is-layout-flex\">\n<figure class=\"wp-block-image size-large\"><img loading=\"lazy\" decoding=\"async\" width=\"1024\" height=\"683\" data-id=\"45303\" src=\"https:\/\/www.galerieartconcept.com\/wp-content\/uploads\/DSC_3662-1024x683.jpg\" alt=\"\" class=\"wp-image-45303\" srcset=\"https:\/\/www.galerieartconcept.com\/wp-content\/uploads\/DSC_3662-1024x683.jpg 1024w, https:\/\/www.galerieartconcept.com\/wp-content\/uploads\/DSC_3662-300x200.jpg 300w, https:\/\/www.galerieartconcept.com\/wp-content\/uploads\/DSC_3662-768x512.jpg 768w, https:\/\/www.galerieartconcept.com\/wp-content\/uploads\/DSC_3662-1536x1024.jpg 1536w, https:\/\/www.galerieartconcept.com\/wp-content\/uploads\/DSC_3662-2048x1365.jpg 2048w, https:\/\/www.galerieartconcept.com\/wp-content\/uploads\/DSC_3662-1200x800.jpg 1200w, https:\/\/www.galerieartconcept.com\/wp-content\/uploads\/DSC_3662-1980x1320.jpg 1980w\" sizes=\"auto, (max-width: 1024px) 100vw, 1024px\" \/><figcaption class=\"wp-element-caption\">Vue de l\u2019exposition \/ Exhibition view Contre Nature, 2023, Bozar, Bruxelles\/BE. Photo : Isabelle Arthuis<\/figcaption><\/figure>\n\n\n\n<figure class=\"wp-block-image size-large\"><img loading=\"lazy\" decoding=\"async\" width=\"1024\" height=\"681\" data-id=\"45305\" src=\"https:\/\/www.galerieartconcept.com\/wp-content\/uploads\/DSC_4959-1024x681.jpg\" alt=\"\" class=\"wp-image-45305\" srcset=\"https:\/\/www.galerieartconcept.com\/wp-content\/uploads\/DSC_4959-1024x681.jpg 1024w, https:\/\/www.galerieartconcept.com\/wp-content\/uploads\/DSC_4959-300x200.jpg 300w, https:\/\/www.galerieartconcept.com\/wp-content\/uploads\/DSC_4959-768x511.jpg 768w, https:\/\/www.galerieartconcept.com\/wp-content\/uploads\/DSC_4959-1536x1022.jpg 1536w, https:\/\/www.galerieartconcept.com\/wp-content\/uploads\/DSC_4959-2048x1363.jpg 2048w, https:\/\/www.galerieartconcept.com\/wp-content\/uploads\/DSC_4959-1200x798.jpg 1200w, https:\/\/www.galerieartconcept.com\/wp-content\/uploads\/DSC_4959-1980x1318.jpg 1980w\" sizes=\"auto, (max-width: 1024px) 100vw, 1024px\" \/><figcaption class=\"wp-element-caption\">Le monde et les bras, 1992. Photographies, poches de pantalons remplies de pl\u00e2tre \/ Photographs, trouser pockets filled with plaster.<br>Vue de l\u2019exposition \/ Exhibition view Plans d\u2019\u00e9vasion, 2010, IAC, Villeurbanne\/FR. Photo : Blaise Adilon<\/figcaption><\/figure>\n\n\n\n<figure class=\"wp-block-image size-large\"><img loading=\"lazy\" decoding=\"async\" width=\"683\" height=\"1024\" data-id=\"45288\" src=\"https:\/\/www.galerieartconcept.com\/wp-content\/uploads\/1733-683x1024.jpg\" alt=\"\" class=\"wp-image-45288\" srcset=\"https:\/\/www.galerieartconcept.com\/wp-content\/uploads\/1733-683x1024.jpg 683w, https:\/\/www.galerieartconcept.com\/wp-content\/uploads\/1733-200x300.jpg 200w, https:\/\/www.galerieartconcept.com\/wp-content\/uploads\/1733-768x1152.jpg 768w, https:\/\/www.galerieartconcept.com\/wp-content\/uploads\/1733-1024x1536.jpg 1024w, https:\/\/www.galerieartconcept.com\/wp-content\/uploads\/1733-1365x2048.jpg 1365w, https:\/\/www.galerieartconcept.com\/wp-content\/uploads\/1733-1200x1800.jpg 1200w, https:\/\/www.galerieartconcept.com\/wp-content\/uploads\/1733-1980x2970.jpg 1980w, https:\/\/www.galerieartconcept.com\/wp-content\/uploads\/1733-scaled.jpg 1707w\" sizes=\"auto, (max-width: 683px) 100vw, 683px\" \/><figcaption class=\"wp-element-caption\">Vue de l\u2019exposition \/ Exhibition view Panoptique, 2021, Centre International d\u2019Art Verrier, Meisenthal\/FR. Photo : Guy Rebmeister<\/figcaption><\/figure>\n\n\n\n<figure class=\"wp-block-image size-large\"><img loading=\"lazy\" decoding=\"async\" width=\"683\" height=\"1024\" data-id=\"45175\" src=\"https:\/\/www.galerieartconcept.com\/wp-content\/uploads\/1714-683x1024.jpg\" alt=\"\" class=\"wp-image-45175\" srcset=\"https:\/\/www.galerieartconcept.com\/wp-content\/uploads\/1714-683x1024.jpg 683w, https:\/\/www.galerieartconcept.com\/wp-content\/uploads\/1714-200x300.jpg 200w, https:\/\/www.galerieartconcept.com\/wp-content\/uploads\/1714-768x1152.jpg 768w, https:\/\/www.galerieartconcept.com\/wp-content\/uploads\/1714-1024x1536.jpg 1024w, https:\/\/www.galerieartconcept.com\/wp-content\/uploads\/1714-1365x2048.jpg 1365w, https:\/\/www.galerieartconcept.com\/wp-content\/uploads\/1714-1200x1800.jpg 1200w, https:\/\/www.galerieartconcept.com\/wp-content\/uploads\/1714.jpg 1701w\" sizes=\"auto, (max-width: 683px) 100vw, 683px\" \/><figcaption class=\"wp-element-caption\">Vue de l\u2019exposition \/ Exhibition view Panoptique, 2021, Centre International d\u2019Art Verrier, Meisenthal\/FR. Photo : Guy Rebmeister<\/figcaption><\/figure>\n\n\n\n<figure class=\"wp-block-image size-large\"><img loading=\"lazy\" decoding=\"async\" width=\"1024\" height=\"681\" data-id=\"45238\" src=\"https:\/\/www.galerieartconcept.com\/wp-content\/uploads\/DSC_8399-1024x681.jpg\" alt=\"\" class=\"wp-image-45238\" srcset=\"https:\/\/www.galerieartconcept.com\/wp-content\/uploads\/DSC_8399-1024x681.jpg 1024w, https:\/\/www.galerieartconcept.com\/wp-content\/uploads\/DSC_8399-300x200.jpg 300w, https:\/\/www.galerieartconcept.com\/wp-content\/uploads\/DSC_8399-768x511.jpg 768w, https:\/\/www.galerieartconcept.com\/wp-content\/uploads\/DSC_8399-1536x1022.jpg 1536w, https:\/\/www.galerieartconcept.com\/wp-content\/uploads\/DSC_8399-2048x1363.jpg 2048w, https:\/\/www.galerieartconcept.com\/wp-content\/uploads\/DSC_8399-1200x798.jpg 1200w, https:\/\/www.galerieartconcept.com\/wp-content\/uploads\/DSC_8399-1980x1318.jpg 1980w\" sizes=\"auto, (max-width: 1024px) 100vw, 1024px\" \/><figcaption class=\"wp-element-caption\">Vue de l\u2019exposition \/ Exhibition view Plans d\u2019\u00e9vasion, 2010, IAC, Villeurbanne\/FR. Photo : Blaise Adilon<\/figcaption><\/figure>\n\n\n\n<figure class=\"wp-block-image size-large\"><img loading=\"lazy\" decoding=\"async\" width=\"1024\" height=\"681\" data-id=\"45286\" src=\"https:\/\/www.galerieartconcept.com\/wp-content\/uploads\/DSC_8409-1-1024x681.jpg\" alt=\"\" class=\"wp-image-45286\" srcset=\"https:\/\/www.galerieartconcept.com\/wp-content\/uploads\/DSC_8409-1-1024x681.jpg 1024w, https:\/\/www.galerieartconcept.com\/wp-content\/uploads\/DSC_8409-1-300x200.jpg 300w, https:\/\/www.galerieartconcept.com\/wp-content\/uploads\/DSC_8409-1-768x511.jpg 768w, https:\/\/www.galerieartconcept.com\/wp-content\/uploads\/DSC_8409-1-1536x1022.jpg 1536w, https:\/\/www.galerieartconcept.com\/wp-content\/uploads\/DSC_8409-1-2048x1363.jpg 2048w, https:\/\/www.galerieartconcept.com\/wp-content\/uploads\/DSC_8409-1-1200x798.jpg 1200w, https:\/\/www.galerieartconcept.com\/wp-content\/uploads\/DSC_8409-1-1980x1318.jpg 1980w\" sizes=\"auto, (max-width: 1024px) 100vw, 1024px\" \/><figcaption class=\"wp-element-caption\">Contamination (Pommes), 2006, Bois, bois br\u00fbl\u00e9 \/ Wood, burned wood.<br>Vue de l\u2019exposition \/ Exhibition view Plans d\u2019\u00e9vasion, 2010, IAC, Villeurbanne\/FR. Photo : Blaise Adilon<\/figcaption><\/figure>\n\n\n\n<figure class=\"wp-block-image size-large\"><img loading=\"lazy\" decoding=\"async\" width=\"683\" height=\"1024\" data-id=\"45290\" src=\"https:\/\/www.galerieartconcept.com\/wp-content\/uploads\/DSC_3215-683x1024.jpg\" alt=\"\" class=\"wp-image-45290\" srcset=\"https:\/\/www.galerieartconcept.com\/wp-content\/uploads\/DSC_3215-683x1024.jpg 683w, https:\/\/www.galerieartconcept.com\/wp-content\/uploads\/DSC_3215-200x300.jpg 200w, https:\/\/www.galerieartconcept.com\/wp-content\/uploads\/DSC_3215-768x1152.jpg 768w, https:\/\/www.galerieartconcept.com\/wp-content\/uploads\/DSC_3215-1024x1536.jpg 1024w, https:\/\/www.galerieartconcept.com\/wp-content\/uploads\/DSC_3215-1365x2048.jpg 1365w, https:\/\/www.galerieartconcept.com\/wp-content\/uploads\/DSC_3215-1200x1800.jpg 1200w, https:\/\/www.galerieartconcept.com\/wp-content\/uploads\/DSC_3215-1980x2970.jpg 1980w, https:\/\/www.galerieartconcept.com\/wp-content\/uploads\/DSC_3215-scaled.jpg 1707w\" sizes=\"auto, (max-width: 683px) 100vw, 683px\" \/><figcaption class=\"wp-element-caption\">From one another, 2020, cuir, bois caoutchouc \/ leather, wood and rubber.<br>Vue de l\u2019exposition \/ Exhibition view Contre Nature, 2023, Bozar, Bruxelles\/BE. Photo : Isabelle Arthuis<\/figcaption><\/figure>\n\n\n\n<figure class=\"wp-block-image size-large\"><img loading=\"lazy\" decoding=\"async\" width=\"684\" height=\"1024\" data-id=\"45315\" src=\"https:\/\/www.galerieartconcept.com\/wp-content\/uploads\/080523_michelfrancois_bozar67-684x1024.jpg\" alt=\"\" class=\"wp-image-45315\" srcset=\"https:\/\/www.galerieartconcept.com\/wp-content\/uploads\/080523_michelfrancois_bozar67-684x1024.jpg 684w, https:\/\/www.galerieartconcept.com\/wp-content\/uploads\/080523_michelfrancois_bozar67-200x300.jpg 200w, https:\/\/www.galerieartconcept.com\/wp-content\/uploads\/080523_michelfrancois_bozar67-768x1151.jpg 768w, https:\/\/www.galerieartconcept.com\/wp-content\/uploads\/080523_michelfrancois_bozar67-1025x1536.jpg 1025w, https:\/\/www.galerieartconcept.com\/wp-content\/uploads\/080523_michelfrancois_bozar67-1367x2048.jpg 1367w, https:\/\/www.galerieartconcept.com\/wp-content\/uploads\/080523_michelfrancois_bozar67-1200x1798.jpg 1200w, https:\/\/www.galerieartconcept.com\/wp-content\/uploads\/080523_michelfrancois_bozar67-1980x2966.jpg 1980w, https:\/\/www.galerieartconcept.com\/wp-content\/uploads\/080523_michelfrancois_bozar67-scaled.jpg 1709w\" sizes=\"auto, (max-width: 684px) 100vw, 684px\" \/><figcaption class=\"wp-element-caption\">Trousers, 1991, pl\u00e2tre, tissu, cordes \/ Plaster, fabric, ropes. 107 x 37 x 25 cm.<br>Vue de l\u2019exposition \/ Exhibition view Contre Nature, 2023, Bozar, Bruxelles\/BE. Photo : Mina Albespy<\/figcaption><\/figure>\n\n\n\n<figure class=\"wp-block-image size-large\"><img loading=\"lazy\" decoding=\"async\" width=\"1024\" height=\"683\" data-id=\"45311\" src=\"https:\/\/www.galerieartconcept.com\/wp-content\/uploads\/DSC_3321-1024x683.jpg\" alt=\"\" class=\"wp-image-45311\" srcset=\"https:\/\/www.galerieartconcept.com\/wp-content\/uploads\/DSC_3321-1024x683.jpg 1024w, https:\/\/www.galerieartconcept.com\/wp-content\/uploads\/DSC_3321-300x200.jpg 300w, https:\/\/www.galerieartconcept.com\/wp-content\/uploads\/DSC_3321-768x512.jpg 768w, https:\/\/www.galerieartconcept.com\/wp-content\/uploads\/DSC_3321-1536x1024.jpg 1536w, https:\/\/www.galerieartconcept.com\/wp-content\/uploads\/DSC_3321-2048x1365.jpg 2048w, https:\/\/www.galerieartconcept.com\/wp-content\/uploads\/DSC_3321-1200x800.jpg 1200w, https:\/\/www.galerieartconcept.com\/wp-content\/uploads\/DSC_3321-1980x1320.jpg 1980w\" sizes=\"auto, (max-width: 1024px) 100vw, 1024px\" \/><figcaption class=\"wp-element-caption\">He\u0301te\u0301rotopie (maquette), 2020-2023.<br>Vue de l\u2019exposition \/ Exhibition view Contre Nature, 2023, Bozar, Bruxelles\/BE. Photo : Isabelle Arthuis<\/figcaption><\/figure>\n\n\n\n<figure class=\"wp-block-image size-large\"><img loading=\"lazy\" decoding=\"async\" width=\"1024\" height=\"683\" data-id=\"45294\" src=\"https:\/\/www.galerieartconcept.com\/wp-content\/uploads\/DSC_3327-1024x683.jpg\" alt=\"\" class=\"wp-image-45294\" srcset=\"https:\/\/www.galerieartconcept.com\/wp-content\/uploads\/DSC_3327-1024x683.jpg 1024w, https:\/\/www.galerieartconcept.com\/wp-content\/uploads\/DSC_3327-300x200.jpg 300w, https:\/\/www.galerieartconcept.com\/wp-content\/uploads\/DSC_3327-768x512.jpg 768w, https:\/\/www.galerieartconcept.com\/wp-content\/uploads\/DSC_3327-1536x1024.jpg 1536w, https:\/\/www.galerieartconcept.com\/wp-content\/uploads\/DSC_3327-2048x1365.jpg 2048w, https:\/\/www.galerieartconcept.com\/wp-content\/uploads\/DSC_3327-1200x800.jpg 1200w, https:\/\/www.galerieartconcept.com\/wp-content\/uploads\/DSC_3327-1980x1320.jpg 1980w\" sizes=\"auto, (max-width: 1024px) 100vw, 1024px\" \/><figcaption class=\"wp-element-caption\">He\u0301te\u0301rotopie (maquette), 2020-2023.<br>Vue de l\u2019exposition \/ Exhibition view Contre Nature, 2023, Bozar, Bruxelles\/BE. Photo : Isabelle Arthuis<\/figcaption><\/figure>\n\n\n\n<figure class=\"wp-block-image size-large\"><img loading=\"lazy\" decoding=\"async\" width=\"683\" height=\"1024\" data-id=\"45321\" src=\"https:\/\/www.galerieartconcept.com\/wp-content\/uploads\/DSC_3731-683x1024.jpg\" alt=\"\" class=\"wp-image-45321\" srcset=\"https:\/\/www.galerieartconcept.com\/wp-content\/uploads\/DSC_3731-683x1024.jpg 683w, https:\/\/www.galerieartconcept.com\/wp-content\/uploads\/DSC_3731-200x300.jpg 200w, https:\/\/www.galerieartconcept.com\/wp-content\/uploads\/DSC_3731-768x1152.jpg 768w, https:\/\/www.galerieartconcept.com\/wp-content\/uploads\/DSC_3731-1024x1536.jpg 1024w, https:\/\/www.galerieartconcept.com\/wp-content\/uploads\/DSC_3731-1365x2048.jpg 1365w, https:\/\/www.galerieartconcept.com\/wp-content\/uploads\/DSC_3731-1200x1800.jpg 1200w, https:\/\/www.galerieartconcept.com\/wp-content\/uploads\/DSC_3731-1980x2970.jpg 1980w, https:\/\/www.galerieartconcept.com\/wp-content\/uploads\/DSC_3731-scaled.jpg 1707w\" sizes=\"auto, (max-width: 683px) 100vw, 683px\" \/><figcaption class=\"wp-element-caption\">Sculpture \u00e0 l\u2019aveugle, 2022, Aluminium \/ Aluminium.<br>Vue de l\u2019exposition \/ Exhibition view Contre Nature, 2023, Bozar, Bruxelles\/BE. Photo : Isabelle Arthuis<\/figcaption><\/figure>\n\n\n\n<figure class=\"wp-block-image size-large\"><img loading=\"lazy\" decoding=\"async\" width=\"683\" height=\"1024\" data-id=\"45323\" src=\"https:\/\/www.galerieartconcept.com\/wp-content\/uploads\/DSC_3701-683x1024.jpg\" alt=\"\" class=\"wp-image-45323\" srcset=\"https:\/\/www.galerieartconcept.com\/wp-content\/uploads\/DSC_3701-683x1024.jpg 683w, https:\/\/www.galerieartconcept.com\/wp-content\/uploads\/DSC_3701-200x300.jpg 200w, https:\/\/www.galerieartconcept.com\/wp-content\/uploads\/DSC_3701-768x1152.jpg 768w, https:\/\/www.galerieartconcept.com\/wp-content\/uploads\/DSC_3701-1024x1536.jpg 1024w, https:\/\/www.galerieartconcept.com\/wp-content\/uploads\/DSC_3701-1365x2048.jpg 1365w, https:\/\/www.galerieartconcept.com\/wp-content\/uploads\/DSC_3701-1200x1800.jpg 1200w, https:\/\/www.galerieartconcept.com\/wp-content\/uploads\/DSC_3701-1980x2970.jpg 1980w, https:\/\/www.galerieartconcept.com\/wp-content\/uploads\/DSC_3701-scaled.jpg 1707w\" sizes=\"auto, (max-width: 683px) 100vw, 683px\" \/><figcaption class=\"wp-element-caption\">Selfportrait, 2025<br>Pl\u00e2tre, polystyr\u00e8ne, verre, acier \/ Plaster, polystyrene, glass, steel, 53 \u00d7 57 \u00d7 20 cm<br>Vue de l\u2019exposition \/ Exhibition view Contre Nature, 2023, Bozar, Bruxelles\/BE. Photo : Isabelle Arthuis<\/figcaption><\/figure>\n\n\n\n<figure class=\"wp-block-image size-large\"><img loading=\"lazy\" decoding=\"async\" width=\"1024\" height=\"683\" data-id=\"45298\" src=\"https:\/\/www.galerieartconcept.com\/wp-content\/uploads\/DSC_3357-1024x683.jpg\" alt=\"\" class=\"wp-image-45298\" srcset=\"https:\/\/www.galerieartconcept.com\/wp-content\/uploads\/DSC_3357-1024x683.jpg 1024w, https:\/\/www.galerieartconcept.com\/wp-content\/uploads\/DSC_3357-300x200.jpg 300w, https:\/\/www.galerieartconcept.com\/wp-content\/uploads\/DSC_3357-768x512.jpg 768w, https:\/\/www.galerieartconcept.com\/wp-content\/uploads\/DSC_3357-1536x1024.jpg 1536w, https:\/\/www.galerieartconcept.com\/wp-content\/uploads\/DSC_3357-2048x1365.jpg 2048w, https:\/\/www.galerieartconcept.com\/wp-content\/uploads\/DSC_3357-1200x800.jpg 1200w, https:\/\/www.galerieartconcept.com\/wp-content\/uploads\/DSC_3357-1980x1320.jpg 1980w\" sizes=\"auto, (max-width: 1024px) 100vw, 1024px\" \/><figcaption class=\"wp-element-caption\">Vue de l\u2019exposition \/ Exhibition view Contre Nature, 2023, Bozar, Bruxelles\/BE. Photo : Isabelle Arthuis<\/figcaption><\/figure>\n\n\n\n<figure class=\"wp-block-image size-large\"><img loading=\"lazy\" decoding=\"async\" width=\"1024\" height=\"683\" data-id=\"45219\" src=\"https:\/\/www.galerieartconcept.com\/wp-content\/uploads\/Enroulement-2010-EXPO-BOZAR-2023-1024x683.jpg\" alt=\"\" class=\"wp-image-45219\" srcset=\"https:\/\/www.galerieartconcept.com\/wp-content\/uploads\/Enroulement-2010-EXPO-BOZAR-2023-1024x683.jpg 1024w, https:\/\/www.galerieartconcept.com\/wp-content\/uploads\/Enroulement-2010-EXPO-BOZAR-2023-300x200.jpg 300w, https:\/\/www.galerieartconcept.com\/wp-content\/uploads\/Enroulement-2010-EXPO-BOZAR-2023-768x512.jpg 768w, https:\/\/www.galerieartconcept.com\/wp-content\/uploads\/Enroulement-2010-EXPO-BOZAR-2023-1536x1024.jpg 1536w, https:\/\/www.galerieartconcept.com\/wp-content\/uploads\/Enroulement-2010-EXPO-BOZAR-2023-2048x1365.jpg 2048w, https:\/\/www.galerieartconcept.com\/wp-content\/uploads\/Enroulement-2010-EXPO-BOZAR-2023-1200x800.jpg 1200w, https:\/\/www.galerieartconcept.com\/wp-content\/uploads\/Enroulement-2010-EXPO-BOZAR-2023-1980x1320.jpg 1980w\" sizes=\"auto, (max-width: 1024px) 100vw, 1024px\" \/><figcaption class=\"wp-element-caption\">Enroulement, 2010, Pl\u00e2tre et n\u00e9opr\u00e8ne \/ plaster and neoprene.<\/figcaption><\/figure>\n\n\n\n<figure class=\"wp-block-image size-large\"><img loading=\"lazy\" decoding=\"async\" width=\"1024\" height=\"681\" data-id=\"45307\" src=\"https:\/\/www.galerieartconcept.com\/wp-content\/uploads\/DSC_5064-1024x681.jpg\" alt=\"\" class=\"wp-image-45307\" srcset=\"https:\/\/www.galerieartconcept.com\/wp-content\/uploads\/DSC_5064-1024x681.jpg 1024w, https:\/\/www.galerieartconcept.com\/wp-content\/uploads\/DSC_5064-300x200.jpg 300w, https:\/\/www.galerieartconcept.com\/wp-content\/uploads\/DSC_5064-768x511.jpg 768w, https:\/\/www.galerieartconcept.com\/wp-content\/uploads\/DSC_5064-1536x1022.jpg 1536w, https:\/\/www.galerieartconcept.com\/wp-content\/uploads\/DSC_5064-2048x1363.jpg 2048w, https:\/\/www.galerieartconcept.com\/wp-content\/uploads\/DSC_5064-1200x798.jpg 1200w, https:\/\/www.galerieartconcept.com\/wp-content\/uploads\/DSC_5064-1980x1318.jpg 1980w\" sizes=\"auto, (max-width: 1024px) 100vw, 1024px\" \/><figcaption class=\"wp-element-caption\">Psycho jardin, 2009, Installation avec cactus, polystyr\u00e8ne, bois et bouteilles \/ Installation with cactuses, polystyrene wood and bottles.<br>Vue de l\u2019exposition \/ Exhibition view Plans d\u2019\u00e9vasion, 2010, IAC, Villeurbanne\/FR. Photo : Blaise Adilon<\/figcaption><\/figure>\n\n\n\n<figure class=\"wp-block-image size-large\"><img loading=\"lazy\" decoding=\"async\" width=\"1024\" height=\"681\" data-id=\"45309\" src=\"https:\/\/www.galerieartconcept.com\/wp-content\/uploads\/DSC_8532-1024x681.jpg\" alt=\"\" class=\"wp-image-45309\" srcset=\"https:\/\/www.galerieartconcept.com\/wp-content\/uploads\/DSC_8532-1024x681.jpg 1024w, https:\/\/www.galerieartconcept.com\/wp-content\/uploads\/DSC_8532-300x200.jpg 300w, https:\/\/www.galerieartconcept.com\/wp-content\/uploads\/DSC_8532-768x511.jpg 768w, https:\/\/www.galerieartconcept.com\/wp-content\/uploads\/DSC_8532-1536x1022.jpg 1536w, https:\/\/www.galerieartconcept.com\/wp-content\/uploads\/DSC_8532-2048x1363.jpg 2048w, https:\/\/www.galerieartconcept.com\/wp-content\/uploads\/DSC_8532-1200x798.jpg 1200w, https:\/\/www.galerieartconcept.com\/wp-content\/uploads\/DSC_8532-1980x1318.jpg 1980w\" sizes=\"auto, (max-width: 1024px) 100vw, 1024px\" \/><figcaption class=\"wp-element-caption\">Psycho jardin (d\u00e9tail\/detail), 2009, Installation avec cactus, polystyr\u00e8ne, bois et bouteilles \/ Installation with cactuses, polystyrene wood and bottles.<br>Vue de l\u2019exposition \/ Exhibition view Plans d\u2019\u00e9vasion, 2010, IAC, Villeurbanne\/FR. Photo : Blaise Adilon<\/figcaption><\/figure>\n\n\n\n<figure class=\"wp-block-image size-large\"><img loading=\"lazy\" decoding=\"async\" width=\"1024\" height=\"684\" data-id=\"45313\" src=\"https:\/\/www.galerieartconcept.com\/wp-content\/uploads\/080523_michelfrancois_bozar08-1-1024x684.jpg\" alt=\"\" class=\"wp-image-45313\" srcset=\"https:\/\/www.galerieartconcept.com\/wp-content\/uploads\/080523_michelfrancois_bozar08-1-1024x684.jpg 1024w, https:\/\/www.galerieartconcept.com\/wp-content\/uploads\/080523_michelfrancois_bozar08-1-300x200.jpg 300w, https:\/\/www.galerieartconcept.com\/wp-content\/uploads\/080523_michelfrancois_bozar08-1-768x513.jpg 768w, https:\/\/www.galerieartconcept.com\/wp-content\/uploads\/080523_michelfrancois_bozar08-1-1536x1025.jpg 1536w, https:\/\/www.galerieartconcept.com\/wp-content\/uploads\/080523_michelfrancois_bozar08-1-2048x1367.jpg 2048w, https:\/\/www.galerieartconcept.com\/wp-content\/uploads\/080523_michelfrancois_bozar08-1-1200x801.jpg 1200w, https:\/\/www.galerieartconcept.com\/wp-content\/uploads\/080523_michelfrancois_bozar08-1-1980x1322.jpg 1980w\" sizes=\"auto, (max-width: 1024px) 100vw, 1024px\" \/><figcaption class=\"wp-element-caption\">M\u00e9diterran\u00e9e, 2016, Aluminium, photo imprim\u00e9e sur une plaque d\u2019aluminium \/Cast aluminium, photograph printed on aluminium board, 126 x 180 x 90 cm . Photo : Mina Albespy<\/figcaption><\/figure>\n\n\n\n<figure class=\"wp-block-image size-large\"><img loading=\"lazy\" decoding=\"async\" width=\"1024\" height=\"683\" data-id=\"45340\" src=\"https:\/\/www.galerieartconcept.com\/wp-content\/uploads\/Francios_017-1024x683.jpg\" alt=\"\" class=\"wp-image-45340\" srcset=\"https:\/\/www.galerieartconcept.com\/wp-content\/uploads\/Francios_017-1024x683.jpg 1024w, https:\/\/www.galerieartconcept.com\/wp-content\/uploads\/Francios_017-300x200.jpg 300w, https:\/\/www.galerieartconcept.com\/wp-content\/uploads\/Francios_017-768x512.jpg 768w, https:\/\/www.galerieartconcept.com\/wp-content\/uploads\/Francios_017-1536x1024.jpg 1536w, https:\/\/www.galerieartconcept.com\/wp-content\/uploads\/Francios_017-2048x1366.jpg 2048w, https:\/\/www.galerieartconcept.com\/wp-content\/uploads\/Francios_017-1200x800.jpg 1200w, https:\/\/www.galerieartconcept.com\/wp-content\/uploads\/Francios_017-1980x1320.jpg 1980w\" sizes=\"auto, (max-width: 1024px) 100vw, 1024px\" \/><figcaption class=\"wp-element-caption\">Instant Gratification, 2011, Bronze. Photo : Stuart Whipps<\/figcaption><\/figure>\n\n\n\n<figure class=\"wp-block-image size-large\"><img loading=\"lazy\" decoding=\"async\" width=\"1024\" height=\"683\" data-id=\"45325\" src=\"https:\/\/www.galerieartconcept.com\/wp-content\/uploads\/Francois_02_002-1024x683.jpg\" alt=\"\" class=\"wp-image-45325\" srcset=\"https:\/\/www.galerieartconcept.com\/wp-content\/uploads\/Francois_02_002-1024x683.jpg 1024w, https:\/\/www.galerieartconcept.com\/wp-content\/uploads\/Francois_02_002-300x200.jpg 300w, https:\/\/www.galerieartconcept.com\/wp-content\/uploads\/Francois_02_002-768x512.jpg 768w, https:\/\/www.galerieartconcept.com\/wp-content\/uploads\/Francois_02_002-1536x1024.jpg 1536w, https:\/\/www.galerieartconcept.com\/wp-content\/uploads\/Francois_02_002-2048x1365.jpg 2048w, https:\/\/www.galerieartconcept.com\/wp-content\/uploads\/Francois_02_002-1200x800.jpg 1200w, https:\/\/www.galerieartconcept.com\/wp-content\/uploads\/Francois_02_002-1980x1320.jpg 1980w\" sizes=\"auto, (max-width: 1024px) 100vw, 1024px\" \/><figcaption class=\"wp-element-caption\">Vue de l\u2019exposition \/ Exhibition view Pieces of evidence, 2014, Ikon Gallery, Birmingham\/UK. Photo : Stuart Whipps<\/figcaption><\/figure>\n\n\n\n<figure class=\"wp-block-image size-large\"><img loading=\"lazy\" decoding=\"async\" width=\"1024\" height=\"684\" data-id=\"45337\" src=\"https:\/\/www.galerieartconcept.com\/wp-content\/uploads\/080523_michelfrancois_bozar66-1024x684.jpg\" alt=\"\" class=\"wp-image-45337\" srcset=\"https:\/\/www.galerieartconcept.com\/wp-content\/uploads\/080523_michelfrancois_bozar66-1024x684.jpg 1024w, https:\/\/www.galerieartconcept.com\/wp-content\/uploads\/080523_michelfrancois_bozar66-300x200.jpg 300w, https:\/\/www.galerieartconcept.com\/wp-content\/uploads\/080523_michelfrancois_bozar66-768x513.jpg 768w, https:\/\/www.galerieartconcept.com\/wp-content\/uploads\/080523_michelfrancois_bozar66-1536x1025.jpg 1536w, https:\/\/www.galerieartconcept.com\/wp-content\/uploads\/080523_michelfrancois_bozar66-2048x1367.jpg 2048w, https:\/\/www.galerieartconcept.com\/wp-content\/uploads\/080523_michelfrancois_bozar66-1200x801.jpg 1200w, https:\/\/www.galerieartconcept.com\/wp-content\/uploads\/080523_michelfrancois_bozar66-1980x1322.jpg 1980w\" sizes=\"auto, (max-width: 1024px) 100vw, 1024px\" \/><figcaption class=\"wp-element-caption\">Neons bris\u00e9s (d\u00e9tail\/detail), 2003-2014, Neons. Photo : Mina Albespy<\/figcaption><\/figure>\n\n\n\n<figure class=\"wp-block-image size-large\"><img loading=\"lazy\" decoding=\"async\" width=\"1024\" height=\"683\" data-id=\"45330\" src=\"https:\/\/www.galerieartconcept.com\/wp-content\/uploads\/Francois_02_011-1-1024x683.jpg\" alt=\"\" class=\"wp-image-45330\" srcset=\"https:\/\/www.galerieartconcept.com\/wp-content\/uploads\/Francois_02_011-1-1024x683.jpg 1024w, https:\/\/www.galerieartconcept.com\/wp-content\/uploads\/Francois_02_011-1-300x200.jpg 300w, https:\/\/www.galerieartconcept.com\/wp-content\/uploads\/Francois_02_011-1-768x512.jpg 768w, https:\/\/www.galerieartconcept.com\/wp-content\/uploads\/Francois_02_011-1-1536x1024.jpg 1536w, https:\/\/www.galerieartconcept.com\/wp-content\/uploads\/Francois_02_011-1-2048x1365.jpg 2048w, https:\/\/www.galerieartconcept.com\/wp-content\/uploads\/Francois_02_011-1-1200x800.jpg 1200w, https:\/\/www.galerieartconcept.com\/wp-content\/uploads\/Francois_02_011-1-1980x1320.jpg 1980w\" sizes=\"auto, (max-width: 1024px) 100vw, 1024px\" \/><figcaption class=\"wp-element-caption\">Vue de l\u2019exposition \/ Exhibition view Pieces of evidence, 2014, Ikon Gallery, Birmingham\/UK. Photo : Stuart Whipps<\/figcaption><\/figure>\n\n\n\n<figure class=\"wp-block-image size-large\"><img loading=\"lazy\" decoding=\"async\" width=\"1024\" height=\"683\" data-id=\"45331\" src=\"https:\/\/www.galerieartconcept.com\/wp-content\/uploads\/Francois_02_012-1024x683.jpg\" alt=\"\" class=\"wp-image-45331\" srcset=\"https:\/\/www.galerieartconcept.com\/wp-content\/uploads\/Francois_02_012-1024x683.jpg 1024w, https:\/\/www.galerieartconcept.com\/wp-content\/uploads\/Francois_02_012-300x200.jpg 300w, https:\/\/www.galerieartconcept.com\/wp-content\/uploads\/Francois_02_012-768x512.jpg 768w, https:\/\/www.galerieartconcept.com\/wp-content\/uploads\/Francois_02_012-1536x1024.jpg 1536w, https:\/\/www.galerieartconcept.com\/wp-content\/uploads\/Francois_02_012-2048x1365.jpg 2048w, https:\/\/www.galerieartconcept.com\/wp-content\/uploads\/Francois_02_012-1200x800.jpg 1200w, https:\/\/www.galerieartconcept.com\/wp-content\/uploads\/Francois_02_012-1980x1320.jpg 1980w\" sizes=\"auto, (max-width: 1024px) 100vw, 1024px\" \/><figcaption class=\"wp-element-caption\">Vue de l\u2019exposition \/ Exhibition view Pieces of evidence, 2014, Ikon Gallery, Birmingham\/UK. Photo : Stuart Whipps<\/figcaption><\/figure>\n\n\n\n<figure class=\"wp-block-image size-large\"><img loading=\"lazy\" decoding=\"async\" width=\"819\" height=\"1024\" data-id=\"45357\" src=\"https:\/\/www.galerieartconcept.com\/wp-content\/uploads\/Couple-parfait-2019-819x1024.jpg\" alt=\"\" class=\"wp-image-45357\" srcset=\"https:\/\/www.galerieartconcept.com\/wp-content\/uploads\/Couple-parfait-2019-819x1024.jpg 819w, https:\/\/www.galerieartconcept.com\/wp-content\/uploads\/Couple-parfait-2019-240x300.jpg 240w, https:\/\/www.galerieartconcept.com\/wp-content\/uploads\/Couple-parfait-2019-768x960.jpg 768w, https:\/\/www.galerieartconcept.com\/wp-content\/uploads\/Couple-parfait-2019-1229x1536.jpg 1229w, https:\/\/www.galerieartconcept.com\/wp-content\/uploads\/Couple-parfait-2019-1638x2048.jpg 1638w, https:\/\/www.galerieartconcept.com\/wp-content\/uploads\/Couple-parfait-2019-1200x1500.jpg 1200w, https:\/\/www.galerieartconcept.com\/wp-content\/uploads\/Couple-parfait-2019-1980x2475.jpg 1980w, https:\/\/www.galerieartconcept.com\/wp-content\/uploads\/Couple-parfait-2019-scaled.jpg 2048w\" sizes=\"auto, (max-width: 819px) 100vw, 819px\" \/><figcaption class=\"wp-element-caption\">Couple parfait, 2019, bouteilles, bougies \/ bottles, candles.<\/figcaption><\/figure>\n\n\n\n<figure class=\"wp-block-image size-large\"><img loading=\"lazy\" decoding=\"async\" width=\"683\" height=\"1024\" data-id=\"45359\" src=\"https:\/\/www.galerieartconcept.com\/wp-content\/uploads\/duo-sculpture-photo-2023-683x1024.jpg\" alt=\"\" class=\"wp-image-45359\" srcset=\"https:\/\/www.galerieartconcept.com\/wp-content\/uploads\/duo-sculpture-photo-2023-683x1024.jpg 683w, https:\/\/www.galerieartconcept.com\/wp-content\/uploads\/duo-sculpture-photo-2023-200x300.jpg 200w, https:\/\/www.galerieartconcept.com\/wp-content\/uploads\/duo-sculpture-photo-2023-768x1152.jpg 768w, https:\/\/www.galerieartconcept.com\/wp-content\/uploads\/duo-sculpture-photo-2023-1024x1536.jpg 1024w, https:\/\/www.galerieartconcept.com\/wp-content\/uploads\/duo-sculpture-photo-2023-1365x2048.jpg 1365w, https:\/\/www.galerieartconcept.com\/wp-content\/uploads\/duo-sculpture-photo-2023-1200x1800.jpg 1200w, https:\/\/www.galerieartconcept.com\/wp-content\/uploads\/duo-sculpture-photo-2023-1980x2970.jpg 1980w, https:\/\/www.galerieartconcept.com\/wp-content\/uploads\/duo-sculpture-photo-2023-scaled.jpg 1707w\" sizes=\"auto, (max-width: 683px) 100vw, 683px\" \/><figcaption class=\"wp-element-caption\">Duo sculpture photo, 2023, Pull-over, 1992<\/figcaption><\/figure>\n\n\n\n<figure class=\"wp-block-image size-large\"><img loading=\"lazy\" decoding=\"async\" width=\"1024\" height=\"683\" data-id=\"45382\" src=\"https:\/\/www.galerieartconcept.com\/wp-content\/uploads\/DSC09793-3456x2306-1-1024x683.jpg\" alt=\"\" class=\"wp-image-45382\" srcset=\"https:\/\/www.galerieartconcept.com\/wp-content\/uploads\/DSC09793-3456x2306-1-1024x683.jpg 1024w, https:\/\/www.galerieartconcept.com\/wp-content\/uploads\/DSC09793-3456x2306-1-300x200.jpg 300w, https:\/\/www.galerieartconcept.com\/wp-content\/uploads\/DSC09793-3456x2306-1-768x512.jpg 768w, https:\/\/www.galerieartconcept.com\/wp-content\/uploads\/DSC09793-3456x2306-1-1536x1025.jpg 1536w, https:\/\/www.galerieartconcept.com\/wp-content\/uploads\/DSC09793-3456x2306-1-2048x1367.jpg 2048w, https:\/\/www.galerieartconcept.com\/wp-content\/uploads\/DSC09793-3456x2306-1-1200x801.jpg 1200w, https:\/\/www.galerieartconcept.com\/wp-content\/uploads\/DSC09793-3456x2306-1-1980x1321.jpg 1980w\" sizes=\"auto, (max-width: 1024px) 100vw, 1024px\" \/><figcaption class=\"wp-element-caption\">Vue de l\u2019exposition \/ Exhibition view Panopticon, 2022, Yarat Contemporary Art Centre, Azerbaijan<\/figcaption><\/figure>\n\n\n\n<figure class=\"wp-block-image size-large\"><img loading=\"lazy\" decoding=\"async\" width=\"1024\" height=\"681\" data-id=\"45350\" src=\"https:\/\/www.galerieartconcept.com\/wp-content\/uploads\/Plans-devasion-IAC-20102-1024x681.jpg\" alt=\"\" class=\"wp-image-45350\" srcset=\"https:\/\/www.galerieartconcept.com\/wp-content\/uploads\/Plans-devasion-IAC-20102-1024x681.jpg 1024w, https:\/\/www.galerieartconcept.com\/wp-content\/uploads\/Plans-devasion-IAC-20102-300x200.jpg 300w, https:\/\/www.galerieartconcept.com\/wp-content\/uploads\/Plans-devasion-IAC-20102-768x511.jpg 768w, https:\/\/www.galerieartconcept.com\/wp-content\/uploads\/Plans-devasion-IAC-20102-1536x1022.jpg 1536w, https:\/\/www.galerieartconcept.com\/wp-content\/uploads\/Plans-devasion-IAC-20102-2048x1363.jpg 2048w, https:\/\/www.galerieartconcept.com\/wp-content\/uploads\/Plans-devasion-IAC-20102-1200x798.jpg 1200w, https:\/\/www.galerieartconcept.com\/wp-content\/uploads\/Plans-devasion-IAC-20102-1980x1318.jpg 1980w\" sizes=\"auto, (max-width: 1024px) 100vw, 1024px\" \/><figcaption class=\"wp-element-caption\">Golden cage, 2008, acier, feuilles d\u2019or \/ steel, gold leafs, 250 x 400 x 300 cm.<br>Vue de l\u2019exposition \/ Exhibition view Plans d\u2019\u00e9vasion, 2010, IAC, Villeurbanne\/FR. Photo : Blaise Adilon<\/figcaption><\/figure>\n<\/figure>\n\n\n\n<p>N\u00e9 en 1956, Michel Fran\u00e7ois vit et travaille \u00e0 Bruxelles, en Belgique.<br><br>Fascin\u00e9 par les gestes de la vie courante et par les tensions qu\u2019ils r\u00e9v\u00e8lent, Michel Fran\u00e7ois se d\u00e9marque, depuis les ann\u00e9es 1980, par une pratique singuli\u00e8re o\u00f9 r\u00e8gnent d\u00e9sordre et ambigu\u00eft\u00e9. Parall\u00e8lement \u00e0 la photographie, \u00e9dit\u00e9e sous forme d\u2019affiche puis de livre, l\u2019artiste a cr\u00e9\u00e9 une approche particuli\u00e8re de la sculpture et de l\u2019installation, o\u00f9 ses travaux et ses images sont souvent rassembl\u00e9s, accumul\u00e9s et r\u00e9actualis\u00e9s. <br><br>Il a expos\u00e9 \u00e0 travers l&rsquo;Europe et \u00e0 l&rsquo;international, notamment \u00e0 la Documenta IX \u00e0 Kassel (1992), \u00e0 la XXIIe Biennale de S\u00e3o Paulo (1994), \u00e0 la Kunsthalle de Berne (1999), \u00e0 la 48e Biennale de Venise (1999), o\u00f9 il a repr\u00e9sent\u00e9 la Belgique aux c\u00f4t\u00e9s d&rsquo;Ann Veronica Janssens, \u00e0 l&rsquo;Art Pace Foundation \u00e0 San Antonio, Texas (2004), au SMAK \u00e0 Gand et \u00e0 l&rsquo;IAC \u00e0 Villeurbanne pour <em>Plans d&rsquo;\u00e9vasion<\/em> (2009\u20132010), au Mac&rsquo;s au Grand Hornu pour <em>45.000 affiches<\/em> (2011), \u00e0 l&rsquo;IKON Birmingham pour <em>Pieces of Evidence<\/em> (2014), \u00e0 La Verri\u00e8re, Herm\u00e8s \u00e0 Bruxelles pour <em>Philaetchouri<\/em> avec Ann Veronica Janssens (2015), \u00e0 la Biennale d&rsquo;art contemporain de Rennes (2016), au Wiels \u00e0 Bruxelles pour <em>Le mus\u00e9e absent<\/em> (2017), \u00e0 la Halle Verri\u00e8re et au Centre International d&rsquo;Art Verrier \u00e0 Meisenthal pour <em>Panoptique<\/em> (2021), au Bozar \u00e0 Bruxelles pour <em>Contre Nature<\/em> (2023), et plus r\u00e9cemment au Palais de Tokyo \u00e0 Paris pour <em>Toucher l&rsquo;insens\u00e9<\/em> (2024). <br><br>Ses oeuvres se retrouvent dans de nombreuses collections priv\u00e9es et publiques europ\u00e9ennes.<\/p>\n\n\n\n<div class=\"wp-block-file\"><a id=\"wp-block-file--media-4d27de1a-55b7-40f8-bf19-b110af2b03bf\" href=\"http:\/\/www.galerieartconcept.com\/wp-content\/uploads\/MF-CV-2026.pdf\">CV (pdf)<\/a><a href=\"http:\/\/www.galerieartconcept.com\/wp-content\/uploads\/MF-CV-2026.pdf\" class=\"wp-block-file__button wp-element-button\" download aria-describedby=\"wp-block-file--media-4d27de1a-55b7-40f8-bf19-b110af2b03bf\">Download<\/a><\/div>\n\n\n\n<div class=\"wp-block-file\"><a id=\"wp-block-file--media-0978e8fc-49db-4f20-9df3-5031e0ac398e\" href=\"http:\/\/www.galerieartconcept.com\/wp-content\/uploads\/presse_francois_michel.pdf\">Presse (pdf)<\/a><a href=\"http:\/\/www.galerieartconcept.com\/wp-content\/uploads\/presse_francois_michel.pdf\" class=\"wp-block-file__button wp-element-button\" download aria-describedby=\"wp-block-file--media-0978e8fc-49db-4f20-9df3-5031e0ac398e\">Download<\/a><\/div>\n\n\n\n<div style=\"height:10px\" aria-hidden=\"true\" class=\"wp-block-spacer\"><\/div>\n\n\n\n<h4 class=\"wp-block-heading\">Catalogues<\/h4>\n\n\n\n<div style=\"height:10px\" aria-hidden=\"true\" class=\"wp-block-spacer\"><\/div>\n\n\n\n<figure class=\"wp-block-gallery has-nested-images columns-4 is-cropped wp-block-gallery-2 is-layout-flex wp-block-gallery-is-layout-flex\">\n<figure class=\"wp-block-image size-large\"><img loading=\"lazy\" decoding=\"async\" width=\"944\" height=\"896\" data-id=\"33724\" src=\"https:\/\/www.galerieartconcept.com\/wp-content\/uploads\/Carre-blanc-2.png\" alt=\"\" class=\"wp-image-33724\" srcset=\"https:\/\/www.galerieartconcept.com\/wp-content\/uploads\/Carre-blanc-2.png 944w, https:\/\/www.galerieartconcept.com\/wp-content\/uploads\/Carre-blanc-2-300x285.png 300w, https:\/\/www.galerieartconcept.com\/wp-content\/uploads\/Carre-blanc-2-768x729.png 768w\" sizes=\"auto, (max-width: 944px) 100vw, 944px\" \/><\/figure>\n\n\n\n<figure class=\"wp-block-image size-large\"><img loading=\"lazy\" decoding=\"async\" width=\"812\" height=\"1024\" data-id=\"45270\" src=\"https:\/\/www.galerieartconcept.com\/wp-content\/uploads\/81St6OaT3dL-812x1024.jpg\" alt=\"\" class=\"wp-image-45270\" srcset=\"https:\/\/www.galerieartconcept.com\/wp-content\/uploads\/81St6OaT3dL-812x1024.jpg 812w, https:\/\/www.galerieartconcept.com\/wp-content\/uploads\/81St6OaT3dL-238x300.jpg 238w, https:\/\/www.galerieartconcept.com\/wp-content\/uploads\/81St6OaT3dL-768x968.jpg 768w, https:\/\/www.galerieartconcept.com\/wp-content\/uploads\/81St6OaT3dL-1218x1536.jpg 1218w, https:\/\/www.galerieartconcept.com\/wp-content\/uploads\/81St6OaT3dL-1200x1513.jpg 1200w, https:\/\/www.galerieartconcept.com\/wp-content\/uploads\/81St6OaT3dL.jpg 1586w\" sizes=\"auto, (max-width: 812px) 100vw, 812px\" \/><figcaption class=\"wp-element-caption\"><em>Michel Fran\u00e7ois : Plans d&rsquo;\u00e9vasion<\/em>. Textes de Guillaume D\u00e9sanges.  Pr\u00e9f. de Nathalie Ergino et Philippe Van Cauteren. Amsterdam : Roma Publications ; Gand : SMAK, Stedelijk Museum voor Actuele Kunst, 2010. 358 p. : ill. ; 27 cm. (Roma publications, n\u00b0 135). ISBN 978-90-77459-41-6. Textes en anglais et en fran\u00e7ais.<\/figcaption><\/figure>\n\n\n\n<figure class=\"wp-block-image size-large\"><img loading=\"lazy\" decoding=\"async\" width=\"438\" height=\"527\" data-id=\"45272\" src=\"https:\/\/www.galerieartconcept.com\/wp-content\/uploads\/mf-et-avj.jpg\" alt=\"\" class=\"wp-image-45272\" srcset=\"https:\/\/www.galerieartconcept.com\/wp-content\/uploads\/mf-et-avj.jpg 438w, https:\/\/www.galerieartconcept.com\/wp-content\/uploads\/mf-et-avj-249x300.jpg 249w\" sizes=\"auto, (max-width: 438px) 100vw, 438px\" \/><figcaption class=\"wp-element-caption\"><em>Ann Veronica Janssens \/ Michel Fran\u00e7ois<\/em>. Textes de Guillaume D\u00e9sanges.  \u00c9dition anglaise. [S.l.] : [s.n.], 2022. 336 p. : ill. ; 29,5 cm. ISBN 978-1-7345275-9-9.<\/figcaption><\/figure>\n\n\n\n<figure class=\"wp-block-image size-large\"><img loading=\"lazy\" decoding=\"async\" width=\"797\" height=\"1024\" data-id=\"45274\" src=\"https:\/\/www.galerieartconcept.com\/wp-content\/uploads\/MF_COVER_draft1-797x1024.jpg\" alt=\"\" class=\"wp-image-45274\" srcset=\"https:\/\/www.galerieartconcept.com\/wp-content\/uploads\/MF_COVER_draft1-797x1024.jpg 797w, https:\/\/www.galerieartconcept.com\/wp-content\/uploads\/MF_COVER_draft1-233x300.jpg 233w, https:\/\/www.galerieartconcept.com\/wp-content\/uploads\/MF_COVER_draft1-768x987.jpg 768w, https:\/\/www.galerieartconcept.com\/wp-content\/uploads\/MF_COVER_draft1-1195x1536.jpg 1195w, https:\/\/www.galerieartconcept.com\/wp-content\/uploads\/MF_COVER_draft1-1200x1543.jpg 1200w, https:\/\/www.galerieartconcept.com\/wp-content\/uploads\/MF_COVER_draft1.jpg 1240w\" sizes=\"auto, (max-width: 797px) 100vw, 797px\" \/><figcaption class=\"wp-element-caption\"><em>Michel Fran\u00e7ois : contre nature<\/em>. Textes de Fran\u00e7ois Piron, Eug\u00e8ne Savitzkaya, Ory Dessau, Christophe Slagmuylder, Michel Fran\u00e7ois et Sylvain Courbois. \u00c9dition anglaise. [S.l.] : Bozar Books, 2023. 240 p. : ill. ; 27 cm. ISBN 978-9-07220-179-9.<\/figcaption><\/figure>\n\n\n\n<figure class=\"wp-block-image size-large\"><img loading=\"lazy\" decoding=\"async\" width=\"944\" height=\"896\" data-id=\"33724\" src=\"https:\/\/www.galerieartconcept.com\/wp-content\/uploads\/Carre-blanc-2.png\" alt=\"\" class=\"wp-image-33724\" srcset=\"https:\/\/www.galerieartconcept.com\/wp-content\/uploads\/Carre-blanc-2.png 944w, https:\/\/www.galerieartconcept.com\/wp-content\/uploads\/Carre-blanc-2-300x285.png 300w, https:\/\/www.galerieartconcept.com\/wp-content\/uploads\/Carre-blanc-2-768x729.png 768w\" sizes=\"auto, (max-width: 944px) 100vw, 944px\" \/><\/figure>\n\n\n\n<figure class=\"wp-block-image size-large\"><img loading=\"lazy\" decoding=\"async\" width=\"600\" height=\"600\" data-id=\"45276\" src=\"https:\/\/www.galerieartconcept.com\/wp-content\/uploads\/Michel-Francois-1_600x600_crop_center.jpg\" alt=\"\" class=\"wp-image-45276\" srcset=\"https:\/\/www.galerieartconcept.com\/wp-content\/uploads\/Michel-Francois-1_600x600_crop_center.jpg 600w, https:\/\/www.galerieartconcept.com\/wp-content\/uploads\/Michel-Francois-1_600x600_crop_center-300x300.jpg 300w, https:\/\/www.galerieartconcept.com\/wp-content\/uploads\/Michel-Francois-1_600x600_crop_center-150x150.jpg 150w\" sizes=\"auto, (max-width: 600px) 100vw, 600px\" \/><figcaption class=\"wp-element-caption\"><em>Michel Fran\u00e7ois : Pieces of Evidence<\/em>. Texte de Herbert Martin. Birmingham : Ikon Gallery Ltd, 2014. ISBN 978-1-904864-92-9.<\/figcaption><\/figure>\n\n\n\n<figure class=\"wp-block-image size-large\"><img loading=\"lazy\" decoding=\"async\" width=\"699\" height=\"1024\" data-id=\"45268\" src=\"https:\/\/www.galerieartconcept.com\/wp-content\/uploads\/64b135502eb58053e40e1328_IMGP8384-copy-copie-699x1024.jpg\" alt=\"\" class=\"wp-image-45268\" srcset=\"https:\/\/www.galerieartconcept.com\/wp-content\/uploads\/64b135502eb58053e40e1328_IMGP8384-copy-copie-699x1024.jpg 699w, https:\/\/www.galerieartconcept.com\/wp-content\/uploads\/64b135502eb58053e40e1328_IMGP8384-copy-copie-205x300.jpg 205w, https:\/\/www.galerieartconcept.com\/wp-content\/uploads\/64b135502eb58053e40e1328_IMGP8384-copy-copie-768x1124.jpg 768w, https:\/\/www.galerieartconcept.com\/wp-content\/uploads\/64b135502eb58053e40e1328_IMGP8384-copy-copie-1049x1536.jpg 1049w, https:\/\/www.galerieartconcept.com\/wp-content\/uploads\/64b135502eb58053e40e1328_IMGP8384-copy-copie-1399x2048.jpg 1399w, https:\/\/www.galerieartconcept.com\/wp-content\/uploads\/64b135502eb58053e40e1328_IMGP8384-copy-copie-1200x1757.jpg 1200w, https:\/\/www.galerieartconcept.com\/wp-content\/uploads\/64b135502eb58053e40e1328_IMGP8384-copy-copie.jpg 1424w\" sizes=\"auto, (max-width: 699px) 100vw, 699px\" \/><figcaption class=\"wp-element-caption\"><em>Michel Fran\u00e7ois. La plante en nous<\/em>. G\u00f6ttingen : Steidl, 2001. ISBN 978-3-882437-65-2.<\/figcaption><\/figure>\n<\/figure>\n","protected":false},"excerpt":{"rendered":"<p>N\u00e9 en 1956, Michel Fran\u00e7ois vit et travaille \u00e0 Bruxelles, en Belgique. Fascin\u00e9 par les gestes de la vie courante et par les tensions qu\u2019ils r\u00e9v\u00e8lent, Michel Fran\u00e7ois se d\u00e9marque, depuis les ann\u00e9es 1980, par une pratique singuli\u00e8re o\u00f9 r\u00e8gnent d\u00e9sordre et ambigu\u00eft\u00e9. Parall\u00e8lement \u00e0 la photographie, \u00e9dit\u00e9e sous forme d\u2019affiche puis de livre, l\u2019artiste [&hellip;]<\/p>\n","protected":false},"author":1,"featured_media":45588,"comment_status":"open","ping_status":"open","sticky":false,"template":"","format":"standard","meta":{"footnotes":""},"categories":[8],"tags":[],"class_list":["post-45421","post","type-post","status-publish","format-standard","has-post-thumbnail","hentry","category-artistes"],"_links":{"self":[{"href":"https:\/\/www.galerieartconcept.com\/fr\/wp-json\/wp\/v2\/posts\/45421","targetHints":{"allow":["GET"]}}],"collection":[{"href":"https:\/\/www.galerieartconcept.com\/fr\/wp-json\/wp\/v2\/posts"}],"about":[{"href":"https:\/\/www.galerieartconcept.com\/fr\/wp-json\/wp\/v2\/types\/post"}],"author":[{"embeddable":true,"href":"https:\/\/www.galerieartconcept.com\/fr\/wp-json\/wp\/v2\/users\/1"}],"replies":[{"embeddable":true,"href":"https:\/\/www.galerieartconcept.com\/fr\/wp-json\/wp\/v2\/comments?post=45421"}],"version-history":[{"count":14,"href":"https:\/\/www.galerieartconcept.com\/fr\/wp-json\/wp\/v2\/posts\/45421\/revisions"}],"predecessor-version":[{"id":45611,"href":"https:\/\/www.galerieartconcept.com\/fr\/wp-json\/wp\/v2\/posts\/45421\/revisions\/45611"}],"wp:featuredmedia":[{"embeddable":true,"href":"https:\/\/www.galerieartconcept.com\/fr\/wp-json\/wp\/v2\/media\/45588"}],"wp:attachment":[{"href":"https:\/\/www.galerieartconcept.com\/fr\/wp-json\/wp\/v2\/media?parent=45421"}],"wp:term":[{"taxonomy":"category","embeddable":true,"href":"https:\/\/www.galerieartconcept.com\/fr\/wp-json\/wp\/v2\/categories?post=45421"},{"taxonomy":"post_tag","embeddable":true,"href":"https:\/\/www.galerieartconcept.com\/fr\/wp-json\/wp\/v2\/tags?post=45421"}],"curies":[{"name":"wp","href":"https:\/\/api.w.org\/{rel}","templated":true}]}}