{"id":45089,"date":"2026-01-31T10:16:43","date_gmt":"2026-01-31T10:16:43","guid":{"rendered":"http:\/\/www.galerieartconcept.com\/?p=45089"},"modified":"2026-03-20T15:19:38","modified_gmt":"2026-03-20T15:19:38","slug":"caroline-achaintre-extrazimmer-la-verriere-fondation-dentreprise-hermes-bruxelles-be-23-avril-4-juillet-2026","status":"publish","type":"post","link":"https:\/\/www.galerieartconcept.com\/fr\/caroline-achaintre-extrazimmer-la-verriere-fondation-dentreprise-hermes-bruxelles-be-23-avril-4-juillet-2026\/","title":{"rendered":"Caroline Achaintre, Extrazimmer, La Verri\u00e8re &#8211; Fondation d&rsquo;entreprise Herm\u00e8s, Bruxelles\/BE. 23 avril &#8211; 4 juillet 2026"},"content":{"rendered":"\n<figure class=\"wp-block-image size-large\"><img loading=\"lazy\" decoding=\"async\" width=\"790\" height=\"1024\" src=\"http:\/\/www.galerieartconcept.com\/wp-content\/uploads\/6cfspbnb-790x1024.jpg\" alt=\"\" class=\"wp-image-45086\" srcset=\"https:\/\/www.galerieartconcept.com\/wp-content\/uploads\/6cfspbnb-790x1024.jpg 790w, https:\/\/www.galerieartconcept.com\/wp-content\/uploads\/6cfspbnb-232x300.jpg 232w, https:\/\/www.galerieartconcept.com\/wp-content\/uploads\/6cfspbnb-768x995.jpg 768w, https:\/\/www.galerieartconcept.com\/wp-content\/uploads\/6cfspbnb.jpg 947w\" sizes=\"auto, (max-width: 790px) 100vw, 790px\" \/><figcaption class=\"wp-element-caption\"><sub>Caroline Achaintre, <em>Blinky<\/em>, 2026. Laine tuft\u00e9e \/ hand tufted wool, 107 x 86 cm. Production Fondation d\u2019entreprise Herm\u00e8s, Courtesy the Artist; von Bartha (Copenhaguen, Basel); Art : Concept, Paris<\/sub><\/figcaption><\/figure>\n\n\n\n<p>Exposition collective avec R\u00e9gis Jocteur Monrozier, Simone Morgenthaler, Anna Zem\u00e1nkov\u00e1<\/p>\n\n\n\n<p><a href=\"https:\/\/www.fondationdentreprisehermes.org\/fr\" data-type=\"link\" data-id=\"https:\/\/www.fondationdentreprisehermes.org\/fr\">Plus d&rsquo;information<\/a><\/p>\n","protected":false},"excerpt":{"rendered":"<p>Exposition collective avec R\u00e9gis Jocteur Monrozier, Simone Morgenthaler, Anna Zem\u00e1nkov\u00e1 Plus d&rsquo;information<\/p>\n","protected":false},"author":1,"featured_media":0,"comment_status":"open","ping_status":"open","sticky":false,"template":"","format":"standard","meta":{"footnotes":""},"categories":[9],"tags":[],"class_list":["post-45089","post","type-post","status-publish","format-standard","hentry","category-news-fr"],"_links":{"self":[{"href":"https:\/\/www.galerieartconcept.com\/fr\/wp-json\/wp\/v2\/posts\/45089","targetHints":{"allow":["GET"]}}],"collection":[{"href":"https:\/\/www.galerieartconcept.com\/fr\/wp-json\/wp\/v2\/posts"}],"about":[{"href":"https:\/\/www.galerieartconcept.com\/fr\/wp-json\/wp\/v2\/types\/post"}],"author":[{"embeddable":true,"href":"https:\/\/www.galerieartconcept.com\/fr\/wp-json\/wp\/v2\/users\/1"}],"replies":[{"embeddable":true,"href":"https:\/\/www.galerieartconcept.com\/fr\/wp-json\/wp\/v2\/comments?post=45089"}],"version-history":[{"count":3,"href":"https:\/\/www.galerieartconcept.com\/fr\/wp-json\/wp\/v2\/posts\/45089\/revisions"}],"predecessor-version":[{"id":45093,"href":"https:\/\/www.galerieartconcept.com\/fr\/wp-json\/wp\/v2\/posts\/45089\/revisions\/45093"}],"wp:attachment":[{"href":"https:\/\/www.galerieartconcept.com\/fr\/wp-json\/wp\/v2\/media?parent=45089"}],"wp:term":[{"taxonomy":"category","embeddable":true,"href":"https:\/\/www.galerieartconcept.com\/fr\/wp-json\/wp\/v2\/categories?post=45089"},{"taxonomy":"post_tag","embeddable":true,"href":"https:\/\/www.galerieartconcept.com\/fr\/wp-json\/wp\/v2\/tags?post=45089"}],"curies":[{"name":"wp","href":"https:\/\/api.w.org\/{rel}","templated":true}]}}