{"id":45037,"date":"2026-01-30T13:37:22","date_gmt":"2026-01-30T13:37:22","guid":{"rendered":"https:\/\/www.galerieartconcept.com\/?p=45037"},"modified":"2026-03-18T10:38:02","modified_gmt":"2026-03-18T10:38:02","slug":"michel-blazy-des-patates-le-chateau-centre-dart-contemporain-et-du-patrimoine-daubenas-aubenas-fr-11-avril-20-septembre-2026","status":"publish","type":"post","link":"https:\/\/www.galerieartconcept.com\/fr\/michel-blazy-des-patates-le-chateau-centre-dart-contemporain-et-du-patrimoine-daubenas-aubenas-fr-11-avril-20-septembre-2026\/","title":{"rendered":"Michel Blazy, Des patates, Le Ch\u00e2teau, Centre d&rsquo;art contemporain et du patrimoine d&rsquo;Aubenas, Aubenas\/FR. 11 avril &#8211; 20 septembre 2026"},"content":{"rendered":"\n<figure class=\"wp-block-image size-large\"><img loading=\"lazy\" decoding=\"async\" width=\"1024\" height=\"670\" src=\"http:\/\/www.galerieartconcept.com\/wp-content\/uploads\/DSC8399-2-1024x670.jpg\" alt=\"\" class=\"wp-image-45033\" srcset=\"https:\/\/www.galerieartconcept.com\/wp-content\/uploads\/DSC8399-2-1024x670.jpg 1024w, https:\/\/www.galerieartconcept.com\/wp-content\/uploads\/DSC8399-2-300x196.jpg 300w, https:\/\/www.galerieartconcept.com\/wp-content\/uploads\/DSC8399-2-768x502.jpg 768w, https:\/\/www.galerieartconcept.com\/wp-content\/uploads\/DSC8399-2-1536x1004.jpg 1536w, https:\/\/www.galerieartconcept.com\/wp-content\/uploads\/DSC8399-2-2048x1339.jpg 2048w, https:\/\/www.galerieartconcept.com\/wp-content\/uploads\/DSC8399-2-1200x785.jpg 1200w, https:\/\/www.galerieartconcept.com\/wp-content\/uploads\/DSC8399-2-1980x1295.jpg 1980w\" sizes=\"auto, (max-width: 1024px) 100vw, 1024px\" \/><figcaption class=\"wp-element-caption\"><sup>Michel Blazy, <em>Culture de tableaux<\/em>, 2022. Paillassons, pommes de terre, b\u00e2che, eau,<br>Dimensions variables \/ Doormats, potatoes, tarp, water, variable dimensions.<br>Vue d&rsquo;exposition \/ Installation view, Michel Blazy, <em>Six Pieds sur terre. Une exposition pour les pieds<\/em>, Le Portique, Le Havre, 2022. Photo Rebecca Fanuele<\/sup><\/figcaption><\/figure>\n\n\n\n<p><em>Des patates<\/em> est une exposition d\u2019art contemporain qui r\u00e9unit le travail d\u2019artistes de g\u00e9n\u00e9rations et de nationalit\u00e9s diff\u00e9rentes autour de l\u2019amour de la pomme de terre.<\/p>\n\n\n\n<p>Derri\u00e8re ce tubercule venu des Andes, dont les premiers sp\u00e9cimens auraient \u00e9t\u00e9 cultiv\u00e9s en France en Ard\u00e8che, se cache une multitude d\u2019histoires : des r\u00e9cits de survie, de migrations, de fins de mois difficiles et de terres ab\u00eem\u00e9es. Mais la patate, c\u2019est aussi la joie des repas partag\u00e9s et des formes de r\u00e9sistance qui courent sous terre avant de germer en \u0153uvres d\u2019art.<\/p>\n\n\n\n<p>D\u00e9ploy\u00e9e sur deux \u00e9tages du Ch\u00e2teau, l\u2019exposition s\u2019accompagne d\u2019une programmation m\u00ealant performances et d\u00e9gustations, en lien avec le territoire et au-del\u00e0.<\/p>\n\n\n\n<p>Commissaires : Simon Bruneel-Millon et Cl\u00e9mentine Planche, assist\u00e9.es de Jeanne Aubert<\/p>\n\n\n\n<p>L\u2019exposition b\u00e9n\u00e9ficie du soutien en m\u00e9c\u00e9nat en nature des \u00ab&nbsp;Soeurs Patates&nbsp;\u00bb (Domaine Adnot), Monsieur G\u00e9rard Chapelle (GAEC de \u00ab&nbsp;l\u2019Alambre&nbsp;\u00bb), et de Monsieur Baptuste Teyssier.<\/p>\n\n\n\n<p>Avec Pilar Albarrac\u00edn, Alice Allenet, Ziad Antar, Michel Blazy, Brassa\u00ef, M\u00e9gane Brauer, Marcel Broodthaers, Lucas Chanoine, Elia David, Aur\u00e9lie Ferruel et Florentine Gu\u00e9don, Valerie Geissb\u00fchler Pacheco, Alain Guiraudie, HaYoung, Jacqueline de Jong, Hanna Nagel, Rapha\u00ebl-Bachir Osman, Serge Paillard, Giuseppe Penone, Sigmar Polke, Bruno Serralongue, Shimabuku, SMITH, Rozy Tergemina Sapelkine et Agn\u00e8s Varda<\/p>\n\n\n\n<p><a href=\"https:\/\/www.lechateauaubenas.com\/des-patates\/\" data-type=\"link\" data-id=\"https:\/\/www.lechateauaubenas.com\/des-patates\/\">Plus d&rsquo;informations<\/a><\/p>\n","protected":false},"excerpt":{"rendered":"<p>Des patates est une exposition d\u2019art contemporain qui r\u00e9unit le travail d\u2019artistes de g\u00e9n\u00e9rations et de nationalit\u00e9s diff\u00e9rentes autour de l\u2019amour de la pomme de terre. Derri\u00e8re ce tubercule venu des Andes, dont les premiers sp\u00e9cimens auraient \u00e9t\u00e9 cultiv\u00e9s en France en Ard\u00e8che, se cache une multitude d\u2019histoires : des r\u00e9cits de survie, de migrations, [&hellip;]<\/p>\n","protected":false},"author":1,"featured_media":0,"comment_status":"open","ping_status":"open","sticky":false,"template":"","format":"standard","meta":{"footnotes":""},"categories":[9],"tags":[],"class_list":["post-45037","post","type-post","status-publish","format-standard","hentry","category-news-fr"],"_links":{"self":[{"href":"https:\/\/www.galerieartconcept.com\/fr\/wp-json\/wp\/v2\/posts\/45037","targetHints":{"allow":["GET"]}}],"collection":[{"href":"https:\/\/www.galerieartconcept.com\/fr\/wp-json\/wp\/v2\/posts"}],"about":[{"href":"https:\/\/www.galerieartconcept.com\/fr\/wp-json\/wp\/v2\/types\/post"}],"author":[{"embeddable":true,"href":"https:\/\/www.galerieartconcept.com\/fr\/wp-json\/wp\/v2\/users\/1"}],"replies":[{"embeddable":true,"href":"https:\/\/www.galerieartconcept.com\/fr\/wp-json\/wp\/v2\/comments?post=45037"}],"version-history":[{"count":2,"href":"https:\/\/www.galerieartconcept.com\/fr\/wp-json\/wp\/v2\/posts\/45037\/revisions"}],"predecessor-version":[{"id":45039,"href":"https:\/\/www.galerieartconcept.com\/fr\/wp-json\/wp\/v2\/posts\/45037\/revisions\/45039"}],"wp:attachment":[{"href":"https:\/\/www.galerieartconcept.com\/fr\/wp-json\/wp\/v2\/media?parent=45037"}],"wp:term":[{"taxonomy":"category","embeddable":true,"href":"https:\/\/www.galerieartconcept.com\/fr\/wp-json\/wp\/v2\/categories?post=45037"},{"taxonomy":"post_tag","embeddable":true,"href":"https:\/\/www.galerieartconcept.com\/fr\/wp-json\/wp\/v2\/tags?post=45037"}],"curies":[{"name":"wp","href":"https:\/\/api.w.org\/{rel}","templated":true}]}}