{"id":44840,"date":"2026-01-28T14:27:47","date_gmt":"2026-01-28T14:27:47","guid":{"rendered":"https:\/\/www.galerieartconcept.com\/?p=44840"},"modified":"2026-04-02T13:34:18","modified_gmt":"2026-04-02T13:34:18","slug":"nina-childress-visages-dartistes-de-gustave-courbet-a-annette-messager-petit-palais-paris-fr-18-mars-19-juillet-2026","status":"publish","type":"post","link":"https:\/\/www.galerieartconcept.com\/fr\/nina-childress-visages-dartistes-de-gustave-courbet-a-annette-messager-petit-palais-paris-fr-18-mars-19-juillet-2026\/","title":{"rendered":"Nina Childress, Visages d&rsquo;artistes &#8211; De Gustave Courbet \u00e0 Annette Messager, Petit  Palais, Paris\/FR. 18 mars &#8211; 19 juillet 2026"},"content":{"rendered":"\n<figure class=\"wp-block-image size-large\"><img loading=\"lazy\" decoding=\"async\" width=\"1024\" height=\"645\" src=\"http:\/\/www.galerieartconcept.com\/wp-content\/uploads\/Visages-dartistes_050HD@PetitPalais-ParisMusees_NicolasBorel-copie-2-1024x645.jpg\" alt=\"\" class=\"wp-image-45245\" srcset=\"https:\/\/www.galerieartconcept.com\/wp-content\/uploads\/Visages-dartistes_050HD@PetitPalais-ParisMusees_NicolasBorel-copie-2-1024x645.jpg 1024w, https:\/\/www.galerieartconcept.com\/wp-content\/uploads\/Visages-dartistes_050HD@PetitPalais-ParisMusees_NicolasBorel-copie-2-300x189.jpg 300w, https:\/\/www.galerieartconcept.com\/wp-content\/uploads\/Visages-dartistes_050HD@PetitPalais-ParisMusees_NicolasBorel-copie-2-768x483.jpg 768w, https:\/\/www.galerieartconcept.com\/wp-content\/uploads\/Visages-dartistes_050HD@PetitPalais-ParisMusees_NicolasBorel-copie-2-1536x967.jpg 1536w, https:\/\/www.galerieartconcept.com\/wp-content\/uploads\/Visages-dartistes_050HD@PetitPalais-ParisMusees_NicolasBorel-copie-2-2048x1289.jpg 2048w, https:\/\/www.galerieartconcept.com\/wp-content\/uploads\/Visages-dartistes_050HD@PetitPalais-ParisMusees_NicolasBorel-copie-2-1200x755.jpg 1200w, https:\/\/www.galerieartconcept.com\/wp-content\/uploads\/Visages-dartistes_050HD@PetitPalais-ParisMusees_NicolasBorel-copie-2-1980x1246.jpg 1980w\" sizes=\"auto, (max-width: 1024px) 100vw, 1024px\" \/><figcaption class=\"wp-element-caption\">Petit Palais \/ Paris Mus\u00e9es \/ Photos : Nicolas Borel<\/figcaption><\/figure>\n\n\n\n<p>Apr\u00e8s \u00ab Tr\u00e9sors en noir et blanc \u00bb, le Petit Palais consacre une nouvelle exposition au portrait et \u00e0 l\u2019autoportrait d\u2019artiste. \u00c0 travers une riche s\u00e9lection d\u2019\u0153uvres du XIXe si\u00e8cle \u2014 peintures, sculptures, photographies, arts graphiques et d\u00e9coratifs \u2014 le mus\u00e9e revisite ses chefs-d\u2019\u0153uvre et d\u00e9voile des pi\u00e8ces rarement montr\u00e9es.<\/p>\n\n\n\n<p>En \u00e9cho, une dizaine d\u2019artistes femmes travaillant aujourd\u2019hui \u00e0 Paris interrogent le genre du portrait entre tradition et modernit\u00e9, et affirment, chacune \u00e0 leur mani\u00e8re : \u00ab je suis mon \u0153uvre \u00bb.<\/p>\n\n\n\n<p><a href=\"https:\/\/www.petitpalais.paris.fr\/expositions\/visages-d-artistes\" data-type=\"link\" data-id=\"https:\/\/www.petitpalais.paris.fr\/expositions\/visages-d-artistes\">Plus d&rsquo;informations<\/a><\/p>\n","protected":false},"excerpt":{"rendered":"<p>Apr\u00e8s \u00ab Tr\u00e9sors en noir et blanc \u00bb, le Petit Palais consacre une nouvelle exposition au portrait et \u00e0 l\u2019autoportrait d\u2019artiste. \u00c0 travers une riche s\u00e9lection d\u2019\u0153uvres du XIXe si\u00e8cle \u2014 peintures, sculptures, photographies, arts graphiques et d\u00e9coratifs \u2014 le mus\u00e9e revisite ses chefs-d\u2019\u0153uvre et d\u00e9voile des pi\u00e8ces rarement montr\u00e9es. En \u00e9cho, une dizaine d\u2019artistes [&hellip;]<\/p>\n","protected":false},"author":1,"featured_media":0,"comment_status":"open","ping_status":"open","sticky":false,"template":"","format":"standard","meta":{"footnotes":""},"categories":[9],"tags":[],"class_list":["post-44840","post","type-post","status-publish","format-standard","hentry","category-news-fr"],"_links":{"self":[{"href":"https:\/\/www.galerieartconcept.com\/fr\/wp-json\/wp\/v2\/posts\/44840","targetHints":{"allow":["GET"]}}],"collection":[{"href":"https:\/\/www.galerieartconcept.com\/fr\/wp-json\/wp\/v2\/posts"}],"about":[{"href":"https:\/\/www.galerieartconcept.com\/fr\/wp-json\/wp\/v2\/types\/post"}],"author":[{"embeddable":true,"href":"https:\/\/www.galerieartconcept.com\/fr\/wp-json\/wp\/v2\/users\/1"}],"replies":[{"embeddable":true,"href":"https:\/\/www.galerieartconcept.com\/fr\/wp-json\/wp\/v2\/comments?post=44840"}],"version-history":[{"count":4,"href":"https:\/\/www.galerieartconcept.com\/fr\/wp-json\/wp\/v2\/posts\/44840\/revisions"}],"predecessor-version":[{"id":45247,"href":"https:\/\/www.galerieartconcept.com\/fr\/wp-json\/wp\/v2\/posts\/44840\/revisions\/45247"}],"wp:attachment":[{"href":"https:\/\/www.galerieartconcept.com\/fr\/wp-json\/wp\/v2\/media?parent=44840"}],"wp:term":[{"taxonomy":"category","embeddable":true,"href":"https:\/\/www.galerieartconcept.com\/fr\/wp-json\/wp\/v2\/categories?post=44840"},{"taxonomy":"post_tag","embeddable":true,"href":"https:\/\/www.galerieartconcept.com\/fr\/wp-json\/wp\/v2\/tags?post=44840"}],"curies":[{"name":"wp","href":"https:\/\/api.w.org\/{rel}","templated":true}]}}