{"id":44467,"date":"2026-01-28T14:00:43","date_gmt":"2026-01-28T14:00:43","guid":{"rendered":"https:\/\/www.galerieartconcept.com\/?p=44467"},"modified":"2026-01-31T14:44:11","modified_gmt":"2026-01-31T14:44:11","slug":"alexandre-singh-nathalie-musteata-deux-personnes-echangeant-de-la-salive-teaser-2025-festival-schermo-dellarte-palazzo-grassi-venise-it-mars-2026","status":"publish","type":"post","link":"https:\/\/www.galerieartconcept.com\/fr\/alexandre-singh-nathalie-musteata-deux-personnes-echangeant-de-la-salive-teaser-2025-festival-schermo-dellarte-palazzo-grassi-venise-it-mars-2026\/","title":{"rendered":"Alexandre Singh, Nathalie Musteata, Deux personnes \u00e9changeant de la salive, 2025. Festival Schermo dell\u2019arte, Palazzo Grassi, Venise\/IT. Mars 2026"},"content":{"rendered":"\n<figure class=\"wp-block-embed is-type-video is-provider-vimeo wp-block-embed-vimeo wp-embed-aspect-16-9 wp-has-aspect-ratio\"><div class=\"wp-block-embed__wrapper\">\n<iframe loading=\"lazy\" title=\"DEUX PERSONNES ECHANGEANT DE LA SALIVE_Teaser_VDEF\" src=\"https:\/\/player.vimeo.com\/video\/1155076636?dnt=1&amp;app_id=122963\" width=\"580\" height=\"326\" frameborder=\"0\" allow=\"autoplay; fullscreen; picture-in-picture; clipboard-write; encrypted-media; web-share\" referrerpolicy=\"strict-origin-when-cross-origin\"><\/iframe>\n<\/div><\/figure>\n\n\n\n<ul class=\"wp-block-list\">\n<li>De :&nbsp;<a href=\"https:\/\/www.canalplus.com\/personne\/natalie-musteata\/849789\" target=\"_blank\" rel=\"noreferrer noopener\">Natalie Musteata,&nbsp;<\/a><a href=\"https:\/\/www.canalplus.com\/personne\/alexandre-singh\/849788\" target=\"_blank\" rel=\"noreferrer noopener\">Alexandre Singh<\/a><\/li>\n\n\n\n<li>Avec :&nbsp;<a href=\"https:\/\/www.canalplus.com\/personne\/zar-amir-ebrahimi\/446999\" target=\"_blank\" rel=\"noreferrer noopener\">Zar Amir Ebrahimi,&nbsp;<\/a><a href=\"https:\/\/www.canalplus.com\/personne\/luana-bajrami\/224516\" target=\"_blank\" rel=\"noreferrer noopener\">Lu\u00e0na Bajrami,&nbsp;<\/a><a href=\"https:\/\/www.canalplus.com\/personne\/vicky-krieps\/63285\" target=\"_blank\" rel=\"noreferrer noopener\">Vicky Krieps<\/a><\/li>\n\n\n\n<li>Pays :&nbsp;France,&nbsp;\u00c9tats-Unis d&rsquo;Am\u00e9rique<\/li>\n<\/ul>\n\n\n\n<p>(Prix CANAL+ et Prix Public Clermont-Ferrand 2025) <\/p>\n\n\n\n<p>Une trag\u00e9die absurde qui se d\u00e9roule dans une soci\u00e9t\u00e9 r\u00e9pressive o\u00f9 le baiser est puni de mort et o\u00f9 les gens paient en recevant des gifles au visage. Angine, une femme malheureuse, fait des achats compulsifs dans un grand magasin et se laisse captiver par une vendeuse ing\u00e9nue. Malgr\u00e9 l\u2019interdiction de l\u2019embrasser, les deux se rapprochent, \u00e9veillant les soup\u00e7ons d\u2019une coll\u00e8gue jalouse.<\/p>\n\n\n\n<p>Le film sera projet\u00e9 en mars au Palazzo Grassi dans le cadre d\u2019une s\u00e9lection de films du festival Schermo dell\u2019arte.<\/p>\n\n\n\n<p><a href=\"https:\/\/www.galerieartconcept.com\/?page_id=44454\" data-type=\"page\" data-id=\"44454\">Le film est disponible gratuitement sur CANAL +<\/a><\/p>\n","protected":false},"excerpt":{"rendered":"<p>(Prix CANAL+ et Prix Public Clermont-Ferrand 2025) Une trag\u00e9die absurde qui se d\u00e9roule dans une soci\u00e9t\u00e9 r\u00e9pressive o\u00f9 le baiser est puni de mort et o\u00f9 les gens paient en recevant des gifles au visage. Angine, une femme malheureuse, fait des achats compulsifs dans un grand magasin et se laisse captiver par une vendeuse ing\u00e9nue. [&hellip;]<\/p>\n","protected":false},"author":1,"featured_media":0,"comment_status":"open","ping_status":"open","sticky":false,"template":"","format":"standard","meta":{"footnotes":""},"categories":[9],"tags":[],"class_list":["post-44467","post","type-post","status-publish","format-standard","hentry","category-news-fr"],"_links":{"self":[{"href":"https:\/\/www.galerieartconcept.com\/fr\/wp-json\/wp\/v2\/posts\/44467","targetHints":{"allow":["GET"]}}],"collection":[{"href":"https:\/\/www.galerieartconcept.com\/fr\/wp-json\/wp\/v2\/posts"}],"about":[{"href":"https:\/\/www.galerieartconcept.com\/fr\/wp-json\/wp\/v2\/types\/post"}],"author":[{"embeddable":true,"href":"https:\/\/www.galerieartconcept.com\/fr\/wp-json\/wp\/v2\/users\/1"}],"replies":[{"embeddable":true,"href":"https:\/\/www.galerieartconcept.com\/fr\/wp-json\/wp\/v2\/comments?post=44467"}],"version-history":[{"count":4,"href":"https:\/\/www.galerieartconcept.com\/fr\/wp-json\/wp\/v2\/posts\/44467\/revisions"}],"predecessor-version":[{"id":44490,"href":"https:\/\/www.galerieartconcept.com\/fr\/wp-json\/wp\/v2\/posts\/44467\/revisions\/44490"}],"wp:attachment":[{"href":"https:\/\/www.galerieartconcept.com\/fr\/wp-json\/wp\/v2\/media?parent=44467"}],"wp:term":[{"taxonomy":"category","embeddable":true,"href":"https:\/\/www.galerieartconcept.com\/fr\/wp-json\/wp\/v2\/categories?post=44467"},{"taxonomy":"post_tag","embeddable":true,"href":"https:\/\/www.galerieartconcept.com\/fr\/wp-json\/wp\/v2\/tags?post=44467"}],"curies":[{"name":"wp","href":"https:\/\/api.w.org\/{rel}","templated":true}]}}