{"id":44133,"date":"2025-11-25T10:01:42","date_gmt":"2025-11-25T10:01:42","guid":{"rendered":"http:\/\/www.galerieartconcept.com\/?p=44133"},"modified":"2025-12-11T11:25:41","modified_gmt":"2025-12-11T11:25:41","slug":"jean-michel-sanejouand-espaces-reels-espaces-imaginaires-29-novembre-2025-17-janvier-2026","status":"publish","type":"post","link":"https:\/\/www.galerieartconcept.com\/fr\/jean-michel-sanejouand-espaces-reels-espaces-imaginaires-29-novembre-2025-17-janvier-2026\/","title":{"rendered":"Jean-Michel Sanejouand. Espaces r\u00e9els, espaces imaginaires. 29 novembre 2025 &#8211; 17 janvier 2026"},"content":{"rendered":"\n<div class=\"wp-block-file\"><a id=\"wp-block-file--media-471e2b7c-9470-4d2c-8eb2-71d458f8a909\" href=\"http:\/\/www.galerieartconcept.com\/wp-content\/uploads\/CP-FREN.pdf\">Communiqu\u00e9 de presse<\/a><a href=\"http:\/\/www.galerieartconcept.com\/wp-content\/uploads\/CP-FREN.pdf\" class=\"wp-block-file__button wp-element-button\" download aria-describedby=\"wp-block-file--media-471e2b7c-9470-4d2c-8eb2-71d458f8a909\">Download<\/a><\/div>\n\n\n\n<div style=\"height:10px\" aria-hidden=\"true\" class=\"wp-block-spacer\"><\/div>\n\n\n\n<figure class=\"wp-block-gallery has-nested-images columns-2 is-cropped wp-block-gallery-1 is-layout-flex wp-block-gallery-is-layout-flex\">\n<figure class=\"wp-block-image size-large\"><img decoding=\"async\" data-id=\"44255\" src=\"https:\/\/www.galerieartconcept.com\/wp-content\/uploads\/DSF8427.jpg\" alt=\"\" class=\"wp-image-44255\"\/><figcaption class=\"wp-element-caption\">Vue d&rsquo;exposition \/ Installation view: Jean-Michel Sanejouand. Espaces r\u00e9els, espaces imaginaires, Art : Concept, Paris, 2025 &#8211; 2026. Courtesy Succession Sanejouand et Art : Concept, Paris. Photo Objets Pointus<\/figcaption><\/figure>\n\n\n\n<figure class=\"wp-block-image size-large\"><img loading=\"lazy\" decoding=\"async\" width=\"1024\" height=\"768\" data-id=\"44250\" src=\"https:\/\/www.galerieartconcept.com\/wp-content\/uploads\/DSF8436-1024x768.jpg\" alt=\"\" class=\"wp-image-44250\" srcset=\"https:\/\/www.galerieartconcept.com\/wp-content\/uploads\/DSF8436-1024x768.jpg 1024w, https:\/\/www.galerieartconcept.com\/wp-content\/uploads\/DSF8436-300x225.jpg 300w, https:\/\/www.galerieartconcept.com\/wp-content\/uploads\/DSF8436-768x576.jpg 768w, https:\/\/www.galerieartconcept.com\/wp-content\/uploads\/DSF8436-1536x1152.jpg 1536w, https:\/\/www.galerieartconcept.com\/wp-content\/uploads\/DSF8436-2048x1536.jpg 2048w, https:\/\/www.galerieartconcept.com\/wp-content\/uploads\/DSF8436-1200x900.jpg 1200w, https:\/\/www.galerieartconcept.com\/wp-content\/uploads\/DSF8436-1980x1485.jpg 1980w\" sizes=\"auto, (max-width: 1024px) 100vw, 1024px\" \/><figcaption class=\"wp-element-caption\">Vue d&rsquo;exposition \/ Installation view: Jean-Michel Sanejouand. Espaces r\u00e9els, espaces imaginaires, Art : Concept, Paris, 2025 &#8211; 2026. Courtesy Succession Sanejouand et Art : Concept, Paris. Photo Objets Pointus<\/figcaption><\/figure>\n\n\n\n<figure class=\"wp-block-image size-large\"><img decoding=\"async\" data-id=\"44258\" src=\"https:\/\/www.galerieartconcept.com\/wp-content\/uploads\/DSF8435.jpg\" alt=\"\" class=\"wp-image-44258\"\/><figcaption class=\"wp-element-caption\">Vue d&rsquo;exposition \/ Installation view: Jean-Michel Sanejouand. Espaces r\u00e9els, espaces imaginaires, Art : Concept, Paris, 2025 &#8211; 2026. Courtesy Succession Sanejouand et Art : Concept, Paris. Photo Objets Pointus<\/figcaption><\/figure>\n\n\n\n<figure class=\"wp-block-image size-large\"><img decoding=\"async\" data-id=\"44253\" src=\"https:\/\/www.galerieartconcept.com\/wp-content\/uploads\/DSF8456.jpg\" alt=\"\" class=\"wp-image-44253\"\/><figcaption class=\"wp-element-caption\">Vue d&rsquo;exposition \/ Installation view: Jean-Michel Sanejouand. Espaces r\u00e9els, espaces imaginaires, Art : Concept, Paris, 2025 &#8211; 2026. Courtesy Succession Sanejouand et Art : Concept, Paris. Photo Objets Pointus<\/figcaption><\/figure>\n\n\n\n<figure class=\"wp-block-image size-large\"><img loading=\"lazy\" decoding=\"async\" width=\"1024\" height=\"768\" data-id=\"44242\" src=\"https:\/\/www.galerieartconcept.com\/wp-content\/uploads\/DSF8460-1024x768.jpg\" alt=\"\" class=\"wp-image-44242\" srcset=\"https:\/\/www.galerieartconcept.com\/wp-content\/uploads\/DSF8460-1024x768.jpg 1024w, https:\/\/www.galerieartconcept.com\/wp-content\/uploads\/DSF8460-300x225.jpg 300w, https:\/\/www.galerieartconcept.com\/wp-content\/uploads\/DSF8460-768x576.jpg 768w, https:\/\/www.galerieartconcept.com\/wp-content\/uploads\/DSF8460-1536x1152.jpg 1536w, https:\/\/www.galerieartconcept.com\/wp-content\/uploads\/DSF8460-2048x1536.jpg 2048w, https:\/\/www.galerieartconcept.com\/wp-content\/uploads\/DSF8460-1200x900.jpg 1200w, https:\/\/www.galerieartconcept.com\/wp-content\/uploads\/DSF8460-1980x1485.jpg 1980w\" sizes=\"auto, (max-width: 1024px) 100vw, 1024px\" \/><figcaption class=\"wp-element-caption\">Vue d&rsquo;exposition \/ Installation view: Jean-Michel Sanejouand. Espaces r\u00e9els, espaces imaginaires, Art : Concept, Paris, 2025 &#8211; 2026. Courtesy Succession Sanejouand et Art : Concept, Paris. Photo Objets Pointus<\/figcaption><\/figure>\n\n\n\n<figure class=\"wp-block-image size-large\"><img decoding=\"async\" data-id=\"44244\" src=\"https:\/\/www.galerieartconcept.com\/wp-content\/uploads\/DSF8457.jpg\" alt=\"\" class=\"wp-image-44244\"\/><figcaption class=\"wp-element-caption\">Vue d&rsquo;exposition \/ Installation view: Jean-Michel Sanejouand. Espaces r\u00e9els, espaces imaginaires, Art : Concept, Paris, 2025 &#8211; 2026. Courtesy Succession Sanejouand et Art : Concept, Paris. Photo Objets Pointus<\/figcaption><\/figure>\n\n\n\n<figure class=\"wp-block-image size-large\"><img decoding=\"async\" data-id=\"44257\" src=\"https:\/\/www.galerieartconcept.com\/wp-content\/uploads\/DSF8459.jpg\" alt=\"\" class=\"wp-image-44257\"\/><figcaption class=\"wp-element-caption\">Vue d&rsquo;exposition \/ Installation view: Jean-Michel Sanejouand. Espaces r\u00e9els, espaces imaginaires, Art : Concept, Paris, 2025 &#8211; 2026. Courtesy Succession Sanejouand et Art : Concept, Paris. Photo Objets Pointus<\/figcaption><\/figure>\n\n\n\n<figure class=\"wp-block-image size-large\"><img loading=\"lazy\" decoding=\"async\" width=\"1024\" height=\"768\" data-id=\"44261\" src=\"https:\/\/www.galerieartconcept.com\/wp-content\/uploads\/DSF8458-1-1024x768.jpg\" alt=\"\" class=\"wp-image-44261\" srcset=\"https:\/\/www.galerieartconcept.com\/wp-content\/uploads\/DSF8458-1-1024x768.jpg 1024w, https:\/\/www.galerieartconcept.com\/wp-content\/uploads\/DSF8458-1-300x225.jpg 300w, https:\/\/www.galerieartconcept.com\/wp-content\/uploads\/DSF8458-1-768x576.jpg 768w, https:\/\/www.galerieartconcept.com\/wp-content\/uploads\/DSF8458-1-1536x1152.jpg 1536w, https:\/\/www.galerieartconcept.com\/wp-content\/uploads\/DSF8458-1-2048x1536.jpg 2048w, https:\/\/www.galerieartconcept.com\/wp-content\/uploads\/DSF8458-1-1200x900.jpg 1200w, https:\/\/www.galerieartconcept.com\/wp-content\/uploads\/DSF8458-1-1980x1485.jpg 1980w\" sizes=\"auto, (max-width: 1024px) 100vw, 1024px\" \/><figcaption class=\"wp-element-caption\">Vue d&rsquo;exposition \/ Installation view: Jean-Michel Sanejouand. Espaces r\u00e9els, espaces imaginaires, Art : Concept, Paris, 2025 &#8211; 2026. Courtesy Succession Sanejouand et Art : Concept, Paris. Photo Objets Pointus<\/figcaption><\/figure>\n<\/figure>\n\n\n\n<p>Dix ans apr\u00e8s la premi\u00e8re exposition de l\u2019artiste \u00e0 la galerie, J<em>ean-Michel Sanejouand. Espaces r\u00e9els, espaces imaginaires<\/em> r\u00e9unit deux ensembles majeurs de son \u0153uvre, les Calligraphies d\u2019humeur [1968-1978] et les Espaces-Peintures [1978-1986]. Une partie des \u0153uvres montr\u00e9es \u00e0 cette occasion ont \u00e9t\u00e9 pr\u00e9sent\u00e9es lors des expositions r\u00e9trospectives de l\u2019artiste au Palais des Beaux-Arts \u00e0 Lyon en 1986 et au Centre Pompidou \u00e0 Paris en 1995. Ces deux \u00e9v\u00e9nements ont offert une reconnaissance institutionnelle d\u00e9terminante \u00e0 un parcours r\u00e9gl\u00e9e par une logique interne o\u00f9 chaque s\u00e9rie ouvre la voie \u00e0 la suivante et lui permet de rena\u00eetre sous une forme nouvelle.<\/p>\n\n\n\n<p>Tout en mettant en avant le r\u00f4le fondateur de cette p\u00e9riode [1968-1986], l\u2019exposition chez Art : Concept met \u00e9galement en lumi\u00e8re les passages, ruptures et continuit\u00e9s qui marquent la pens\u00e9e et la pratique de Jean-Michel Sanejouand. Ce dernier n\u2019a eu de cesse de r\u00e9inventer les termes de sa relation avec l\u2019espace (r\u00e9el ou imaginaire), interrogeant sa d\u00e9finition autant que son \u00ab&nbsp;organisation&nbsp;\u00bb aux moyens de diff\u00e9rents m\u00e9diums. Ses \u00ab techniques de l\u2019espace \u00bb, o\u00f9 la peinture occupe le premier plan, fonctionnent comme les r\u00e9v\u00e9lateurs de lieux dont nous peinons parfois \u00e0 percevoir les limites, engageant non seulement notre conscience, mais notre corps tout entier.<\/p>\n\n\n\n<p><a href=\"https:\/\/www.sanejouand.com\/fr\/lire\/1986-Entretien-Bernard-Lamarche-Vadel-Jean-Michel-Sanejouand.php\" data-type=\"link\" data-id=\"https:\/\/www.sanejouand.com\/fr\/lire\/1986-Entretien-Bernard-Lamarche-Vadel-Jean-Michel-Sanejouand.php\">A lire : Entretien de Pierre Restany &amp; Jean-Michel Sanejouand, 1986<\/a><\/p>\n","protected":false},"excerpt":{"rendered":"<p>Dix ans apr\u00e8s la premi\u00e8re exposition de l\u2019artiste \u00e0 la galerie, Jean-Michel Sanejouand. Espaces r\u00e9els, espaces imaginaires r\u00e9unit deux ensembles majeurs de son \u0153uvre, les Calligraphies d\u2019humeur [1968-1978] et les Espaces-Peintures [1978-1986]. Une partie des \u0153uvres montr\u00e9es \u00e0 cette occasion ont \u00e9t\u00e9 pr\u00e9sent\u00e9es lors des expositions r\u00e9trospectives de l\u2019artiste au Palais des Beaux-Arts \u00e0 Lyon [&hellip;]<\/p>\n","protected":false},"author":1,"featured_media":0,"comment_status":"open","ping_status":"open","sticky":false,"template":"","format":"standard","meta":{"footnotes":""},"categories":[10],"tags":[],"class_list":["post-44133","post","type-post","status-publish","format-standard","hentry","category-expositions"],"_links":{"self":[{"href":"https:\/\/www.galerieartconcept.com\/fr\/wp-json\/wp\/v2\/posts\/44133","targetHints":{"allow":["GET"]}}],"collection":[{"href":"https:\/\/www.galerieartconcept.com\/fr\/wp-json\/wp\/v2\/posts"}],"about":[{"href":"https:\/\/www.galerieartconcept.com\/fr\/wp-json\/wp\/v2\/types\/post"}],"author":[{"embeddable":true,"href":"https:\/\/www.galerieartconcept.com\/fr\/wp-json\/wp\/v2\/users\/1"}],"replies":[{"embeddable":true,"href":"https:\/\/www.galerieartconcept.com\/fr\/wp-json\/wp\/v2\/comments?post=44133"}],"version-history":[{"count":7,"href":"https:\/\/www.galerieartconcept.com\/fr\/wp-json\/wp\/v2\/posts\/44133\/revisions"}],"predecessor-version":[{"id":44319,"href":"https:\/\/www.galerieartconcept.com\/fr\/wp-json\/wp\/v2\/posts\/44133\/revisions\/44319"}],"wp:attachment":[{"href":"https:\/\/www.galerieartconcept.com\/fr\/wp-json\/wp\/v2\/media?parent=44133"}],"wp:term":[{"taxonomy":"category","embeddable":true,"href":"https:\/\/www.galerieartconcept.com\/fr\/wp-json\/wp\/v2\/categories?post=44133"},{"taxonomy":"post_tag","embeddable":true,"href":"https:\/\/www.galerieartconcept.com\/fr\/wp-json\/wp\/v2\/tags?post=44133"}],"curies":[{"name":"wp","href":"https:\/\/api.w.org\/{rel}","templated":true}]}}