{"id":43650,"date":"2025-09-24T15:47:43","date_gmt":"2025-09-24T15:47:43","guid":{"rendered":"https:\/\/www.galerieartconcept.com\/?p=43650"},"modified":"2026-01-08T16:49:38","modified_gmt":"2026-01-08T16:49:38","slug":"miryam-haddad-fresh-flowers-aishti-foundation-aishti-foundation-beyrouth-lb-a-partir-du-26-octobre-2026","status":"publish","type":"post","link":"https:\/\/www.galerieartconcept.com\/fr\/miryam-haddad-fresh-flowers-aishti-foundation-aishti-foundation-beyrouth-lb-a-partir-du-26-octobre-2026\/","title":{"rendered":"Miryam Haddad, Fresh Flowers, A\u00efshti Foundation, A\u00efshti Foundation, Beyrouth\/LB. A partir du 26 octobre 2025"},"content":{"rendered":"\n<figure class=\"wp-block-image size-large\"><img decoding=\"async\" src=\"https:\/\/www.galerieartconcept.com\/wp-content\/uploads\/AF_251112_0378_canonical-1024x768.jpeg\" alt=\"\" class=\"wp-image-44391\"\/><figcaption class=\"wp-element-caption\">Vue d\u2019exposition | Installation view Flesh Flowers, A\u00efshti Foundation, Beirut, 2025.<br>Courtesy the Artist and Art : Concept, Paris. Collection A\u00efshti Foundation, Beirut\/LB<br>Photo credit: Stefan Altenberger.<\/figcaption><\/figure>\n\n\n\n<figure class=\"wp-block-image size-large\"><img loading=\"lazy\" decoding=\"async\" width=\"1024\" height=\"683\" src=\"http:\/\/www.galerieartconcept.com\/wp-content\/uploads\/Miryam-Haddad-1970-HD-1024x683.jpeg\" alt=\"\" class=\"wp-image-43792\" srcset=\"https:\/\/www.galerieartconcept.com\/wp-content\/uploads\/Miryam-Haddad-1970-HD-1024x683.jpeg 1024w, https:\/\/www.galerieartconcept.com\/wp-content\/uploads\/Miryam-Haddad-1970-HD-300x200.jpeg 300w, https:\/\/www.galerieartconcept.com\/wp-content\/uploads\/Miryam-Haddad-1970-HD-768x512.jpeg 768w, https:\/\/www.galerieartconcept.com\/wp-content\/uploads\/Miryam-Haddad-1970-HD-1536x1025.jpeg 1536w, https:\/\/www.galerieartconcept.com\/wp-content\/uploads\/Miryam-Haddad-1970-HD-2048x1366.jpeg 2048w, https:\/\/www.galerieartconcept.com\/wp-content\/uploads\/Miryam-Haddad-1970-HD-1200x800.jpeg 1200w, https:\/\/www.galerieartconcept.com\/wp-content\/uploads\/Miryam-Haddad-1970-HD-1980x1321.jpeg 1980w\" sizes=\"auto, (max-width: 1024px) 100vw, 1024px\" \/><figcaption class=\"wp-element-caption\">Miryam Haddad, Au bord des regards, 2022<br>Huile sur toile \/ Oil on canvas. Diptyque \/ diptych : 250 \u00d7 300 cm (98 \u215c \u00d7 118 \u215b inches). Photo Romain Darnaud. Collection Aishti Foundation.<\/figcaption><\/figure>\n\n\n\n<p>L&rsquo;exposition Flesh Flowers rassemble les \u0153uvres de plus de soixante-dix artistes et plus de deux cents pi\u00e8ces issues de la collection de Tony et Elham Salam\u00e9. Empruntant son titre \u00e0 l&rsquo;une des \u0153uvres de Miriam Cahn, l&rsquo;exposition explore les relations complexes entre le corps et la peinture, en mettant particuli\u00e8rement l&rsquo;accent sur le travail des artistes femmes de la collection.<\/p>\n\n\n\n<p>Cette exposition marque le dixi\u00e8me anniversaire de l&rsquo;inauguration de l&rsquo;espace d&rsquo;exposition de la Fondation A\u00efshti \u00e0 Beyrouth et constitue la premi\u00e8re grande pr\u00e9sentation depuis l&rsquo;interruption des programmes de la Fondation due \u00e0 la r\u00e9cente guerre.<\/p>\n\n\n\n<p>Les \u0153uvres expos\u00e9es combinent abstraction et figuration afin de complexifier les relations entre forme et contenu, m\u00e9dium et signification, subjectivit\u00e9 et alt\u00e9rit\u00e9. \u00c0 une \u00e9poque satur\u00e9e d&rsquo;images num\u00e9riques et de donn\u00e9es d\u00e9sincarn\u00e9es, ces artistes r\u00e9affirment et remettent en question la mat\u00e9rialit\u00e9 physique de la peinture. Chaque artiste aborde la toile comme un lieu de n\u00e9gociation intense : entre l&rsquo;imm\u00e9diatet\u00e9 brute du geste et l&rsquo;\u00e9mergence de formes reconnaissables ; entre la pr\u00e9sence tangible du corps et sa repr\u00e9sentation fractur\u00e9e dans une soci\u00e9t\u00e9 hyperm\u00e9diatis\u00e9e. \u00c9crans, pixels, vecteurs et r\u00e9seaux se m\u00ealent \u00e0 anatomies, taches, traces et fluides, dans une fusion intense du charnel et du num\u00e9rique. L&rsquo;abstraction c\u00e8de alors la place \u00e0 des suggestions fugaces de chair, tandis que les \u00e9l\u00e9ments figuratifs se dissolvent dans des champs de couleur pure, de texture et d&rsquo;information.<\/p>\n\n\n\n<p><a href=\"https:\/\/www.deepl.com\/fr\/write\" data-type=\"link\" data-id=\"https:\/\/www.deepl.com\/fr\/write\">Plus d&rsquo;informations<\/a><\/p>\n","protected":false},"excerpt":{"rendered":"<p>L&rsquo;exposition Flesh Flowers rassemble les \u0153uvres de plus de soixante-dix artistes et plus de deux cents pi\u00e8ces issues de la collection de Tony et Elham Salam\u00e9. Empruntant son titre \u00e0 l&rsquo;une des \u0153uvres de Miriam Cahn, l&rsquo;exposition explore les relations complexes entre le corps et la peinture, en mettant particuli\u00e8rement l&rsquo;accent sur le travail des [&hellip;]<\/p>\n","protected":false},"author":1,"featured_media":0,"comment_status":"open","ping_status":"open","sticky":false,"template":"","format":"standard","meta":{"footnotes":""},"categories":[9],"tags":[],"class_list":["post-43650","post","type-post","status-publish","format-standard","hentry","category-news-fr"],"_links":{"self":[{"href":"https:\/\/www.galerieartconcept.com\/fr\/wp-json\/wp\/v2\/posts\/43650","targetHints":{"allow":["GET"]}}],"collection":[{"href":"https:\/\/www.galerieartconcept.com\/fr\/wp-json\/wp\/v2\/posts"}],"about":[{"href":"https:\/\/www.galerieartconcept.com\/fr\/wp-json\/wp\/v2\/types\/post"}],"author":[{"embeddable":true,"href":"https:\/\/www.galerieartconcept.com\/fr\/wp-json\/wp\/v2\/users\/1"}],"replies":[{"embeddable":true,"href":"https:\/\/www.galerieartconcept.com\/fr\/wp-json\/wp\/v2\/comments?post=43650"}],"version-history":[{"count":6,"href":"https:\/\/www.galerieartconcept.com\/fr\/wp-json\/wp\/v2\/posts\/43650\/revisions"}],"predecessor-version":[{"id":44409,"href":"https:\/\/www.galerieartconcept.com\/fr\/wp-json\/wp\/v2\/posts\/43650\/revisions\/44409"}],"wp:attachment":[{"href":"https:\/\/www.galerieartconcept.com\/fr\/wp-json\/wp\/v2\/media?parent=43650"}],"wp:term":[{"taxonomy":"category","embeddable":true,"href":"https:\/\/www.galerieartconcept.com\/fr\/wp-json\/wp\/v2\/categories?post=43650"},{"taxonomy":"post_tag","embeddable":true,"href":"https:\/\/www.galerieartconcept.com\/fr\/wp-json\/wp\/v2\/tags?post=43650"}],"curies":[{"name":"wp","href":"https:\/\/api.w.org\/{rel}","templated":true}]}}