{"id":31214,"date":"2024-05-05T14:00:45","date_gmt":"2024-05-05T14:00:45","guid":{"rendered":"http:\/\/www.galerieartconcept.com\/?p=31214"},"modified":"2024-06-05T09:01:45","modified_gmt":"2024-06-05T09:01:45","slug":"ulla-von-brandenburg-under-water-ball-visual-carlow-ir-6-juin-25-aout-2024","status":"publish","type":"post","link":"https:\/\/www.galerieartconcept.com\/fr\/ulla-von-brandenburg-under-water-ball-visual-carlow-ir-6-juin-25-aout-2024\/","title":{"rendered":"Ulla von Brandenburg, Under Water Ball, VISUAL, Carlow\/IR. 6 juin &#8211; 25 ao\u00fbt 2024"},"content":{"rendered":"\n<figure class=\"wp-block-image size-large\"><img loading=\"lazy\" decoding=\"async\" width=\"1024\" height=\"619\" src=\"http:\/\/www.galerieartconcept.com\/wp-content\/uploads\/Un-bal-sous-leau-still-3-1024x619.jpg\" alt=\"\" class=\"wp-image-31208\" srcset=\"https:\/\/www.galerieartconcept.com\/wp-content\/uploads\/Un-bal-sous-leau-still-3-1024x619.jpg 1024w, https:\/\/www.galerieartconcept.com\/wp-content\/uploads\/Un-bal-sous-leau-still-3-300x181.jpg 300w, https:\/\/www.galerieartconcept.com\/wp-content\/uploads\/Un-bal-sous-leau-still-3-768x464.jpg 768w, https:\/\/www.galerieartconcept.com\/wp-content\/uploads\/Un-bal-sous-leau-still-3-1536x929.jpg 1536w, https:\/\/www.galerieartconcept.com\/wp-content\/uploads\/Un-bal-sous-leau-still-3-1200x726.jpg 1200w, https:\/\/www.galerieartconcept.com\/wp-content\/uploads\/Un-bal-sous-leau-still-3.jpg 1786w\" sizes=\"auto, (max-width: 1024px) 100vw, 1024px\" \/><figcaption>Ulla von Brandenburg, <em class=\"\">Un bal sous l\u2019eau<\/em>\u00a0(photogramme), 2023. Film Super-16 mm transf\u00e9r\u00e9 sur HD vid\u00e9o, couleur, son, 26:25 min<\/figcaption><\/figure>\n\n\n\n<p>Au cours des 20 derni\u00e8res ann\u00e9es, Ulla von Brandenburg a d\u00e9velopp\u00e9 une pratique m\u00ealant peinture, textiles, films et performances. <\/p>\n\n\n\n<p><em>Under Water Ball<\/em> (<em>Un bal sous l&rsquo;eau<\/em>) est sa premi\u00e8re exposition en Irlande depuis 15 ans et la plus grande exposition de son travail dans le pays \u00e0 ce jour.<br>L&rsquo;exposition consiste en une installation immersive sp\u00e9cifique au site, compos\u00e9e d&rsquo;\u0153uvres textiles et sculpturales \u00e0 grande \u00e9chelle, et comprend la premi\u00e8re europ\u00e9enne du dernier film de von Brandenburg, co-command\u00e9 par VISUAL (<em>Un bal sous l&rsquo;eau<\/em>, 2023).<\/p>\n\n\n\n<p><strong>Performances<\/strong><\/p>\n\n\n\n<p>Pour marquer l&rsquo;ouverture de l&rsquo;exposition, Ulla von Brandenburg pr\u00e9sentera <em>A Colour Form Instead<\/em>, une s\u00e9rie de performances command\u00e9es pour activer l&rsquo;exposition, avec ses collaborateurs habituels Benoit Resillot, Giuseppe Molino et Julia Mosse, et des collaborateurs irlandais Aoibhinn O&rsquo;Dea, Eoghan McIntyre, Mayumi Nakabayashi, Sarah Joan K, Stephane Bena Hanly et Venus Patel.<br><em>A Colour Form Instead <\/em>se d\u00e9roule du 06 au 08 juin 2024 dans le cadre du Carlow Arts Festival aux horaires indiqu\u00e9s ci-dessous. La participation est gratuite et la r\u00e9servation n&rsquo;est pas n\u00e9cessaire.<\/p>\n\n\n\n<p>Le film <em>Un bal sous l\u2019eau<\/em> (2023) est une commande de la National Gallery of Victoria, Melbourne.<br>Il a obtenu le soutien du FRAC Picardie, Amiens et du VISUAL Centre for Contemporary Art, Carlow.<\/p>\n\n\n\n<p><a href=\"https:\/\/visualcarlow.ie\/whats-on\/under-water-ball\">Plus d&rsquo;informations<\/a><\/p>\n","protected":false},"excerpt":{"rendered":"<p>Au cours des 20 derni\u00e8res ann\u00e9es, Ulla von Brandenburg a d\u00e9velopp\u00e9 une pratique m\u00ealant peinture, textiles, films et performances. Under Water Ball (Un bal sous l&rsquo;eau) est sa premi\u00e8re exposition en Irlande depuis 15 ans et la plus grande exposition de son travail dans le pays \u00e0 ce jour.L&rsquo;exposition consiste en une installation immersive sp\u00e9cifique [&hellip;]<\/p>\n","protected":false},"author":1,"featured_media":0,"comment_status":"open","ping_status":"open","sticky":false,"template":"","format":"standard","meta":{"footnotes":""},"categories":[9],"tags":[],"class_list":["post-31214","post","type-post","status-publish","format-standard","hentry","category-news-fr"],"_links":{"self":[{"href":"https:\/\/www.galerieartconcept.com\/fr\/wp-json\/wp\/v2\/posts\/31214","targetHints":{"allow":["GET"]}}],"collection":[{"href":"https:\/\/www.galerieartconcept.com\/fr\/wp-json\/wp\/v2\/posts"}],"about":[{"href":"https:\/\/www.galerieartconcept.com\/fr\/wp-json\/wp\/v2\/types\/post"}],"author":[{"embeddable":true,"href":"https:\/\/www.galerieartconcept.com\/fr\/wp-json\/wp\/v2\/users\/1"}],"replies":[{"embeddable":true,"href":"https:\/\/www.galerieartconcept.com\/fr\/wp-json\/wp\/v2\/comments?post=31214"}],"version-history":[{"count":1,"href":"https:\/\/www.galerieartconcept.com\/fr\/wp-json\/wp\/v2\/posts\/31214\/revisions"}],"predecessor-version":[{"id":31215,"href":"https:\/\/www.galerieartconcept.com\/fr\/wp-json\/wp\/v2\/posts\/31214\/revisions\/31215"}],"wp:attachment":[{"href":"https:\/\/www.galerieartconcept.com\/fr\/wp-json\/wp\/v2\/media?parent=31214"}],"wp:term":[{"taxonomy":"category","embeddable":true,"href":"https:\/\/www.galerieartconcept.com\/fr\/wp-json\/wp\/v2\/categories?post=31214"},{"taxonomy":"post_tag","embeddable":true,"href":"https:\/\/www.galerieartconcept.com\/fr\/wp-json\/wp\/v2\/tags?post=31214"}],"curies":[{"name":"wp","href":"https:\/\/api.w.org\/{rel}","templated":true}]}}