{"id":31196,"date":"2024-05-05T14:28:10","date_gmt":"2024-05-05T14:28:10","guid":{"rendered":"http:\/\/www.galerieartconcept.com\/michel-blazy-la-cantine-centre-international-dart-et-du-paysage-ile-de-vassiviere-fr-opening-june-7-2024\/"},"modified":"2024-05-31T14:33:09","modified_gmt":"2024-05-31T14:33:09","slug":"michel-blazy-la-cantine-centre-international-dart-et-du-paysage-ile-de-vassiviere-fr-opening-june-7-2024","status":"publish","type":"post","link":"https:\/\/www.galerieartconcept.com\/fr\/michel-blazy-la-cantine-centre-international-dart-et-du-paysage-ile-de-vassiviere-fr-opening-june-7-2024\/","title":{"rendered":"Michel Blazy, La Cantine, Centre International d&rsquo;Art et du Paysage &#8211; Ile de Vassivi\u00e8re\/FR. Inauguration 7 juin 2024"},"content":{"rendered":"\n<figure class=\"wp-block-image size-large\"><img loading=\"lazy\" decoding=\"async\" width=\"1024\" height=\"768\" src=\"http:\/\/www.galerieartconcept.com\/wp-content\/uploads\/05-1024x768.jpg\" alt=\"\" class=\"wp-image-31189\" srcset=\"https:\/\/www.galerieartconcept.com\/wp-content\/uploads\/05-1024x768.jpg 1024w, https:\/\/www.galerieartconcept.com\/wp-content\/uploads\/05-300x225.jpg 300w, https:\/\/www.galerieartconcept.com\/wp-content\/uploads\/05-768x576.jpg 768w, https:\/\/www.galerieartconcept.com\/wp-content\/uploads\/05-1536x1152.jpg 1536w, https:\/\/www.galerieartconcept.com\/wp-content\/uploads\/05-2048x1536.jpg 2048w, https:\/\/www.galerieartconcept.com\/wp-content\/uploads\/05-1200x900.jpg 1200w, https:\/\/www.galerieartconcept.com\/wp-content\/uploads\/05-1980x1485.jpg 1980w\" sizes=\"auto, (max-width: 1024px) 100vw, 1024px\" \/><figcaption>Michel Blazy, La Cantine, 2023 \u00a9 CIAPV<\/figcaption><\/figure>\n\n\n\n<p>L\u2019ancien centre de vacances du Chamet,&nbsp;\u00e0 Faux-la-Montagne dans la Creuse, est abandonn\u00e9 depuis la fin des ann\u00e9es 2000.&nbsp;En 2018, il est investi par un&nbsp;groupe de&nbsp;chercheur-euse-s ind\u00e9pendant-e-s&nbsp;qui y installent, cr\u00e9ent et construisent&nbsp;un lieu de recherche et d\u2019\u00e9tude.<\/p>\n\n\n\n<p>Le groupe fait appel au CIAPV en 2019 pour les accompagner dans la commande d\u2019une \u0153uvre qui interroge la reprise de lieux de civilisations par de\u00a0nouvelles formes de vie. Choisi pour r\u00e9pondre \u00e0 cette commande, l\u2019artiste Michel Blazy y d\u00e9veloppe <em>La Cantine<\/em>, un jardin d\u2019anticipation dans l\u2019ancien\u00a0r\u00e9fectoire du site. Il y traite cette ruine comme un \u00eatre vivant avec son propre temps, pour en observer les mouvements et les \u00e9changes avec les\u00a0autres esp\u00e8ces. Elle devient un nouveau milieu nourricier sans domination humaine, un espace de symbiose et de r\u00e9conciliation entre l\u2019artefact et\u00a0l\u2019organique, entre l\u2019humain,\u00a0le v\u00e9g\u00e9tal et l\u2019animal.<\/p>\n\n\n\n<p>Commande artistique r\u00e9alis\u00e9e dans le cadre de l\u2019action Nouveaux commanditaires, Lac du Chamet, Plateau de Millevaches.<\/p>\n\n\n\n<p>Avec le soutien de la Fondation Daniel et Nina Carasso, la Fondation de France et des b\u00e9n\u00e9voles ayant particip\u00e9 \u00e0 la production de l\u2019\u0153uvre.<\/p>\n\n\n\n<p><a href=\"https:\/\/www.ciapiledevassiviere.com\/item\/1397\" data-type=\"URL\" data-id=\"https:\/\/www.ciapiledevassiviere.com\/item\/1397\">Plus d&rsquo;informations<\/a><\/p>\n\n\n\n<p><\/p>\n","protected":false},"excerpt":{"rendered":"<p>L\u2019ancien centre de vacances du Chamet,&nbsp;\u00e0 Faux-la-Montagne dans la Creuse, est abandonn\u00e9 depuis la fin des ann\u00e9es 2000.&nbsp;En 2018, il est investi par un&nbsp;groupe de&nbsp;chercheur-euse-s ind\u00e9pendant-e-s&nbsp;qui y installent, cr\u00e9ent et construisent&nbsp;un lieu de recherche et d\u2019\u00e9tude. Le groupe fait appel au CIAPV en 2019 pour les accompagner dans la commande d\u2019une \u0153uvre qui interroge la [&hellip;]<\/p>\n","protected":false},"author":1,"featured_media":0,"comment_status":"open","ping_status":"open","sticky":false,"template":"","format":"standard","meta":{"footnotes":""},"categories":[9],"tags":[],"class_list":["post-31196","post","type-post","status-publish","format-standard","hentry","category-news-fr"],"_links":{"self":[{"href":"https:\/\/www.galerieartconcept.com\/fr\/wp-json\/wp\/v2\/posts\/31196","targetHints":{"allow":["GET"]}}],"collection":[{"href":"https:\/\/www.galerieartconcept.com\/fr\/wp-json\/wp\/v2\/posts"}],"about":[{"href":"https:\/\/www.galerieartconcept.com\/fr\/wp-json\/wp\/v2\/types\/post"}],"author":[{"embeddable":true,"href":"https:\/\/www.galerieartconcept.com\/fr\/wp-json\/wp\/v2\/users\/1"}],"replies":[{"embeddable":true,"href":"https:\/\/www.galerieartconcept.com\/fr\/wp-json\/wp\/v2\/comments?post=31196"}],"version-history":[{"count":4,"href":"https:\/\/www.galerieartconcept.com\/fr\/wp-json\/wp\/v2\/posts\/31196\/revisions"}],"predecessor-version":[{"id":31201,"href":"https:\/\/www.galerieartconcept.com\/fr\/wp-json\/wp\/v2\/posts\/31196\/revisions\/31201"}],"wp:attachment":[{"href":"https:\/\/www.galerieartconcept.com\/fr\/wp-json\/wp\/v2\/media?parent=31196"}],"wp:term":[{"taxonomy":"category","embeddable":true,"href":"https:\/\/www.galerieartconcept.com\/fr\/wp-json\/wp\/v2\/categories?post=31196"},{"taxonomy":"post_tag","embeddable":true,"href":"https:\/\/www.galerieartconcept.com\/fr\/wp-json\/wp\/v2\/tags?post=31196"}],"curies":[{"name":"wp","href":"https:\/\/api.w.org\/{rel}","templated":true}]}}