{"id":30637,"date":"2024-04-16T11:00:34","date_gmt":"2024-04-16T11:00:34","guid":{"rendered":"http:\/\/www.galerieartconcept.com\/roman-signer-the-collection-a-sports-meeting-fondation-louis-vuitton-paris-fr-may-4-september-9-2024\/"},"modified":"2024-06-24T08:41:03","modified_gmt":"2024-06-24T08:41:03","slug":"roman-signer-the-collection-a-sports-meeting-fondation-louis-vuitton-paris-fr-may-4-september-9-2024","status":"publish","type":"post","link":"https:\/\/www.galerieartconcept.com\/fr\/roman-signer-the-collection-a-sports-meeting-fondation-louis-vuitton-paris-fr-may-4-september-9-2024\/","title":{"rendered":"Roman Signer, La collection, Rendez-vous avec le sport, Fondation Louis Vuitton, Paris\/FR. 4 mai &#8211;  9 septembre 2024"},"content":{"rendered":"\n<p><\/p>\n\n\n\n<figure class=\"wp-block-image size-large\"><img decoding=\"async\" src=\"http:\/\/www.galerieartconcept.com\/wp-content\/uploads\/209534FLV2-792x1024.jpg\" alt=\"\" class=\"wp-image-30633\"\/><figcaption><br>Roman Signer<br>Installation mit Kajaks [Installation avec \/ with kayaks], 2003 Kayaks<br>410 \u00d7 30 \u00d7 60 cm (x11)<br>Fondation Louis Vuitton, Paris<br>Vue d&rsquo;installation de l&rsquo;exposition <em>La Collection, Rendez-vous avec le sport<\/em>, galerie 11, niveau 2, exposition pr\u00e9sent\u00e9e du 4 mai au 9 septembre 2024 \u00e0 la Fondation Louis Vuitton, Paris.<\/figcaption><\/figure>\n\n\n\n<p>En r\u00e9sonance avec le passage de la flamme olympique, la Fondation pr\u00e9sente,&nbsp;\u00ab <em>La Collection, Rendez-vous avec le sport&nbsp;\u00bb<\/em>.&nbsp;<\/p>\n\n\n\n<p>Un choix d\u2019\u0153uvres de la Collection est expos\u00e9 \u00e0 cette occasion au deuxi\u00e8me niveau du b\u00e2timent. Dans leur polyphonie, elles proposent un regard po\u00e9tique et d\u00e9cal\u00e9 autour de la th\u00e9matique du sport. Sont ainsi r\u00e9unis, de la Galerie 9 \u00e0 la Galerie 11, les travaux de cinq artistes fran\u00e7ais et internationaux.<\/p>\n\n\n\n<p>Artistes : Jean-Michel Basquiat, Andreas Gursky, Omar Victor Diop, Abraham Poincheval, Roman Signer<\/p>\n\n\n\n<p><a href=\"https:\/\/www.fondationlouisvuitton.fr\/fr\/collection\/accrochages\/la-collection-rendez-vous-avec-le-sport\" data-type=\"URL\" data-id=\"https:\/\/www.fondationlouisvuitton.fr\/fr\/collection\/accrochages\/la-collection-rendez-vous-avec-le-sport\">Plus d&rsquo;informations<\/a><\/p>\n","protected":false},"excerpt":{"rendered":"<p>En r\u00e9sonance avec le passage de la flamme olympique, la Fondation pr\u00e9sente,&nbsp;\u00ab La Collection, Rendez-vous avec le sport&nbsp;\u00bb.&nbsp; Un choix d\u2019\u0153uvres de la Collection est expos\u00e9 \u00e0 cette occasion au deuxi\u00e8me niveau du b\u00e2timent. Dans leur polyphonie, elles proposent un regard po\u00e9tique et d\u00e9cal\u00e9 autour de la th\u00e9matique du sport. Sont ainsi r\u00e9unis, de la [&hellip;]<\/p>\n","protected":false},"author":1,"featured_media":0,"comment_status":"open","ping_status":"open","sticky":false,"template":"","format":"standard","meta":{"footnotes":""},"categories":[9],"tags":[],"class_list":["post-30637","post","type-post","status-publish","format-standard","hentry","category-news-fr"],"_links":{"self":[{"href":"https:\/\/www.galerieartconcept.com\/fr\/wp-json\/wp\/v2\/posts\/30637","targetHints":{"allow":["GET"]}}],"collection":[{"href":"https:\/\/www.galerieartconcept.com\/fr\/wp-json\/wp\/v2\/posts"}],"about":[{"href":"https:\/\/www.galerieartconcept.com\/fr\/wp-json\/wp\/v2\/types\/post"}],"author":[{"embeddable":true,"href":"https:\/\/www.galerieartconcept.com\/fr\/wp-json\/wp\/v2\/users\/1"}],"replies":[{"embeddable":true,"href":"https:\/\/www.galerieartconcept.com\/fr\/wp-json\/wp\/v2\/comments?post=30637"}],"version-history":[{"count":8,"href":"https:\/\/www.galerieartconcept.com\/fr\/wp-json\/wp\/v2\/posts\/30637\/revisions"}],"predecessor-version":[{"id":31670,"href":"https:\/\/www.galerieartconcept.com\/fr\/wp-json\/wp\/v2\/posts\/30637\/revisions\/31670"}],"wp:attachment":[{"href":"https:\/\/www.galerieartconcept.com\/fr\/wp-json\/wp\/v2\/media?parent=30637"}],"wp:term":[{"taxonomy":"category","embeddable":true,"href":"https:\/\/www.galerieartconcept.com\/fr\/wp-json\/wp\/v2\/categories?post=30637"},{"taxonomy":"post_tag","embeddable":true,"href":"https:\/\/www.galerieartconcept.com\/fr\/wp-json\/wp\/v2\/tags?post=30637"}],"curies":[{"name":"wp","href":"https:\/\/api.w.org\/{rel}","templated":true}]}}