{"id":30608,"date":"2024-04-18T14:45:10","date_gmt":"2024-04-18T14:45:10","guid":{"rendered":"http:\/\/www.galerieartconcept.com\/inauguration-jeremy-deller-ask-the-animals-and-they-will-teach-you-hangar-y-meudon-fr-may-15-september-22-2024\/"},"modified":"2025-01-24T10:54:22","modified_gmt":"2025-01-24T10:54:22","slug":"inauguration-jeremy-deller-ask-the-animals-and-they-will-teach-you-hangar-y-meudon-fr-may-15-september-22-2024","status":"publish","type":"post","link":"https:\/\/www.galerieartconcept.com\/fr\/inauguration-jeremy-deller-ask-the-animals-and-they-will-teach-you-hangar-y-meudon-fr-may-15-september-22-2024\/","title":{"rendered":"Inauguration : Jeremy Deller, Ask the Animals, and They Will Teach You, Hangar Y, Meudon\/FR. 15 mai 2024 &#8211; septembre 2025"},"content":{"rendered":"\n<figure class=\"wp-block-image size-large\"><img loading=\"lazy\" decoding=\"async\" width=\"1024\" height=\"768\" src=\"http:\/\/www.galerieartconcept.com\/wp-content\/uploads\/JD-ASK2-1024x768.jpeg\" alt=\"\" class=\"wp-image-30610\" srcset=\"https:\/\/www.galerieartconcept.com\/wp-content\/uploads\/JD-ASK2-1024x768.jpeg 1024w, https:\/\/www.galerieartconcept.com\/wp-content\/uploads\/JD-ASK2-300x225.jpeg 300w, https:\/\/www.galerieartconcept.com\/wp-content\/uploads\/JD-ASK2-768x576.jpeg 768w, https:\/\/www.galerieartconcept.com\/wp-content\/uploads\/JD-ASK2-1536x1152.jpeg 1536w, https:\/\/www.galerieartconcept.com\/wp-content\/uploads\/JD-ASK2-1200x900.jpeg 1200w, https:\/\/www.galerieartconcept.com\/wp-content\/uploads\/JD-ASK2.jpeg 1600w\" sizes=\"auto, (max-width: 1024px) 100vw, 1024px\" \/><figcaption>Jeremy Deller<em>, Ask the Animals, and They Will Teach You<\/em>, 2021. Polyester, 300 x 800 x 150 cm.<br>Courtesy de l\u2019artiste ; Art Concept (Paris) ; The Moderne Institute\/Toby Webster Ltd. (Glasgow)<br>Collection priv\u00e9e Fr\u00e9d\u00e9ric Jousset. Photo: Hangar Y, 2024<\/figcaption><\/figure>\n\n\n\n<p>Art : Concept a le plaisir d&rsquo;annoncer l&rsquo;inauguration de l&rsquo;\u0153uvre de Jeremy Deller<em>, Ask the Animals, and They Will<\/em><strong><em> <\/em><\/strong><em>Teach You<\/em>, mercredi 15 mai 2024, de 17h \u00e0 21h, \u00e0 l&rsquo;occasion du vernissage de l&rsquo;exposition \u00ab <a rel=\"noreferrer noopener\" href=\"https:\/\/hangar-y.com\/evenement\/exposition-rayon-jouets-jusquau-22-septembre\/\" target=\"_blank\">Rayon Jouets<\/a> \u00bb au Hangar Y, Meudon\/FR.<\/p>\n\n\n\n<p>\u00c0 la fois sculpture et toboggan pour enfants,&nbsp;<em>Ask the Animals, and They Will Teach You<\/em>, propose une alternative \u00e0 la tradition des monuments publics qui c\u00e9l\u00e8brent des \u00e9v\u00e9nements historiques ou des personnes \u00e9lev\u00e9es au rang de \u00ab h\u00e9ros \u00bb. Ici, Jeremy Deller rend hommage \u00e0 l\u2019une des plus anciennes cr\u00e9atures du monde, le cam\u00e9l\u00e9on, qui vivrait sur Terre depuis soixante millions d\u2019ann\u00e9es, si l\u2019on en croit l\u2019inscription situ\u00e9e \u00e0 la base de la sculpture. Aujourd\u2019hui menac\u00e9 d\u2019extinction, le cam\u00e9l\u00e9on est utilis\u00e9 ici pour contester l\u2019id\u00e9e selon laquelle l\u2019art dans les espaces publics n\u2019a d\u2019autre vocation que de remplir une fonction d\u00e9corative ou comm\u00e9morative. En invitant les enfants \u00e0 glisser sur la langue du reptile, le monument devient ludique et les invite \u00e0 s\u2019approprier l\u2019espace par le jeu.<\/p>\n\n\n\n<p><a href=\"https:\/\/hangar-y.com\/en\/poi\/jeremy-deller-ask-the-animals-and-they-will-teach-you\/\" data-type=\"URL\" data-id=\"https:\/\/hangar-y.com\/en\/poi\/jeremy-deller-ask-the-animals-and-they-will-teach-you\/\">Plus d&rsquo;informations<\/a><\/p>\n","protected":false},"excerpt":{"rendered":"<p>Art : Concept a le plaisir d&rsquo;annoncer l&rsquo;inauguration de l&rsquo;\u0153uvre de Jeremy Deller, Ask the Animals, and They Will Teach You, mercredi 15 mai 2024, de 17h \u00e0 21h, \u00e0 l&rsquo;occasion du vernissage de l&rsquo;exposition \u00ab Rayon Jouets \u00bb au Hangar Y, Meudon\/FR. \u00c0 la fois sculpture et toboggan pour enfants,&nbsp;Ask the Animals, and They [&hellip;]<\/p>\n","protected":false},"author":1,"featured_media":0,"comment_status":"open","ping_status":"open","sticky":false,"template":"","format":"standard","meta":{"footnotes":""},"categories":[9],"tags":[],"class_list":["post-30608","post","type-post","status-publish","format-standard","hentry","category-news-fr"],"_links":{"self":[{"href":"https:\/\/www.galerieartconcept.com\/fr\/wp-json\/wp\/v2\/posts\/30608","targetHints":{"allow":["GET"]}}],"collection":[{"href":"https:\/\/www.galerieartconcept.com\/fr\/wp-json\/wp\/v2\/posts"}],"about":[{"href":"https:\/\/www.galerieartconcept.com\/fr\/wp-json\/wp\/v2\/types\/post"}],"author":[{"embeddable":true,"href":"https:\/\/www.galerieartconcept.com\/fr\/wp-json\/wp\/v2\/users\/1"}],"replies":[{"embeddable":true,"href":"https:\/\/www.galerieartconcept.com\/fr\/wp-json\/wp\/v2\/comments?post=30608"}],"version-history":[{"count":8,"href":"https:\/\/www.galerieartconcept.com\/fr\/wp-json\/wp\/v2\/posts\/30608\/revisions"}],"predecessor-version":[{"id":37644,"href":"https:\/\/www.galerieartconcept.com\/fr\/wp-json\/wp\/v2\/posts\/30608\/revisions\/37644"}],"wp:attachment":[{"href":"https:\/\/www.galerieartconcept.com\/fr\/wp-json\/wp\/v2\/media?parent=30608"}],"wp:term":[{"taxonomy":"category","embeddable":true,"href":"https:\/\/www.galerieartconcept.com\/fr\/wp-json\/wp\/v2\/categories?post=30608"},{"taxonomy":"post_tag","embeddable":true,"href":"https:\/\/www.galerieartconcept.com\/fr\/wp-json\/wp\/v2\/tags?post=30608"}],"curies":[{"name":"wp","href":"https:\/\/api.w.org\/{rel}","templated":true}]}}