{"id":28256,"date":"2023-09-01T13:58:47","date_gmt":"2023-09-01T13:58:47","guid":{"rendered":"http:\/\/www.galerieartconcept.com\/?p=28256"},"modified":"2023-12-14T12:18:02","modified_gmt":"2023-12-14T12:18:02","slug":"ulla-von-brandenburg-one-sequence-spaces-retiro-park-palacio-de-velazquez-madrid-es-1-decembre-2023-10-mars-2024","status":"publish","type":"post","link":"https:\/\/www.galerieartconcept.com\/fr\/ulla-von-brandenburg-one-sequence-spaces-retiro-park-palacio-de-velazquez-madrid-es-1-decembre-2023-10-mars-2024\/","title":{"rendered":"Ulla von Brandenburg, One-Sequence Spaces, Retiro Park, Palacio de Vel\u00e1zquez, Madrid\/ES. 1 d\u00e9cembre 2023 &#8211; 10 mars 2024"},"content":{"rendered":"\n<figure class=\"wp-block-image size-large\"><img loading=\"lazy\" decoding=\"async\" width=\"1024\" height=\"683\" src=\"http:\/\/www.galerieartconcept.com\/wp-content\/uploads\/UVB-2023-performance-palaciodeVelazquez-32-1024x683.jpg\" alt=\"\" class=\"wp-image-28611\" srcset=\"https:\/\/www.galerieartconcept.com\/wp-content\/uploads\/UVB-2023-performance-palaciodeVelazquez-32-1024x683.jpg 1024w, https:\/\/www.galerieartconcept.com\/wp-content\/uploads\/UVB-2023-performance-palaciodeVelazquez-32-300x200.jpg 300w, https:\/\/www.galerieartconcept.com\/wp-content\/uploads\/UVB-2023-performance-palaciodeVelazquez-32-768x512.jpg 768w, https:\/\/www.galerieartconcept.com\/wp-content\/uploads\/UVB-2023-performance-palaciodeVelazquez-32-1536x1024.jpg 1536w, https:\/\/www.galerieartconcept.com\/wp-content\/uploads\/UVB-2023-performance-palaciodeVelazquez-32-2048x1365.jpg 2048w, https:\/\/www.galerieartconcept.com\/wp-content\/uploads\/UVB-2023-performance-palaciodeVelazquez-32-1200x800.jpg 1200w, https:\/\/www.galerieartconcept.com\/wp-content\/uploads\/UVB-2023-performance-palaciodeVelazquez-32-1980x1320.jpg 1980w\" sizes=\"auto, (max-width: 1024px) 100vw, 1024px\" \/><\/figure>\n\n\n\n<figure class=\"wp-block-image size-large\"><img loading=\"lazy\" decoding=\"async\" width=\"1024\" height=\"683\" src=\"http:\/\/www.galerieartconcept.com\/wp-content\/uploads\/UVB-2023-performance-palaciodeVelazquez-78-1024x683.jpg\" alt=\"\" class=\"wp-image-28613\" srcset=\"https:\/\/www.galerieartconcept.com\/wp-content\/uploads\/UVB-2023-performance-palaciodeVelazquez-78-1024x683.jpg 1024w, https:\/\/www.galerieartconcept.com\/wp-content\/uploads\/UVB-2023-performance-palaciodeVelazquez-78-300x200.jpg 300w, https:\/\/www.galerieartconcept.com\/wp-content\/uploads\/UVB-2023-performance-palaciodeVelazquez-78-768x512.jpg 768w, https:\/\/www.galerieartconcept.com\/wp-content\/uploads\/UVB-2023-performance-palaciodeVelazquez-78-1536x1024.jpg 1536w, https:\/\/www.galerieartconcept.com\/wp-content\/uploads\/UVB-2023-performance-palaciodeVelazquez-78-2048x1365.jpg 2048w, https:\/\/www.galerieartconcept.com\/wp-content\/uploads\/UVB-2023-performance-palaciodeVelazquez-78-1200x800.jpg 1200w, https:\/\/www.galerieartconcept.com\/wp-content\/uploads\/UVB-2023-performance-palaciodeVelazquez-78-1980x1320.jpg 1980w\" sizes=\"auto, (max-width: 1024px) 100vw, 1024px\" \/><\/figure>\n\n\n\n<figure class=\"wp-block-image size-large\"><img loading=\"lazy\" decoding=\"async\" width=\"1024\" height=\"495\" src=\"http:\/\/www.galerieartconcept.com\/wp-content\/uploads\/UVB-2023-performance-palaciodeVelazquez-214-1024x495.jpg\" alt=\"\" class=\"wp-image-28621\" srcset=\"https:\/\/www.galerieartconcept.com\/wp-content\/uploads\/UVB-2023-performance-palaciodeVelazquez-214-1024x495.jpg 1024w, https:\/\/www.galerieartconcept.com\/wp-content\/uploads\/UVB-2023-performance-palaciodeVelazquez-214-300x145.jpg 300w, https:\/\/www.galerieartconcept.com\/wp-content\/uploads\/UVB-2023-performance-palaciodeVelazquez-214-768x371.jpg 768w, https:\/\/www.galerieartconcept.com\/wp-content\/uploads\/UVB-2023-performance-palaciodeVelazquez-214-1536x742.jpg 1536w, https:\/\/www.galerieartconcept.com\/wp-content\/uploads\/UVB-2023-performance-palaciodeVelazquez-214-2048x989.jpg 2048w, https:\/\/www.galerieartconcept.com\/wp-content\/uploads\/UVB-2023-performance-palaciodeVelazquez-214-1200x580.jpg 1200w, https:\/\/www.galerieartconcept.com\/wp-content\/uploads\/UVB-2023-performance-palaciodeVelazquez-214-1980x956.jpg 1980w\" sizes=\"auto, (max-width: 1024px) 100vw, 1024px\" \/><\/figure>\n\n\n\n<figure class=\"wp-block-image size-large\"><img loading=\"lazy\" decoding=\"async\" width=\"1024\" height=\"683\" src=\"http:\/\/www.galerieartconcept.com\/wp-content\/uploads\/UVB-2023-performance-palaciodeVelazquez-194-1024x683.jpg\" alt=\"\" class=\"wp-image-28619\" srcset=\"https:\/\/www.galerieartconcept.com\/wp-content\/uploads\/UVB-2023-performance-palaciodeVelazquez-194-1024x683.jpg 1024w, https:\/\/www.galerieartconcept.com\/wp-content\/uploads\/UVB-2023-performance-palaciodeVelazquez-194-300x200.jpg 300w, https:\/\/www.galerieartconcept.com\/wp-content\/uploads\/UVB-2023-performance-palaciodeVelazquez-194-768x512.jpg 768w, https:\/\/www.galerieartconcept.com\/wp-content\/uploads\/UVB-2023-performance-palaciodeVelazquez-194-1536x1024.jpg 1536w, https:\/\/www.galerieartconcept.com\/wp-content\/uploads\/UVB-2023-performance-palaciodeVelazquez-194-2048x1365.jpg 2048w, https:\/\/www.galerieartconcept.com\/wp-content\/uploads\/UVB-2023-performance-palaciodeVelazquez-194-1200x800.jpg 1200w, https:\/\/www.galerieartconcept.com\/wp-content\/uploads\/UVB-2023-performance-palaciodeVelazquez-194-1980x1320.jpg 1980w\" sizes=\"auto, (max-width: 1024px) 100vw, 1024px\" \/><\/figure>\n\n\n\n<figure class=\"wp-block-image size-large\"><img loading=\"lazy\" decoding=\"async\" width=\"1024\" height=\"570\" src=\"http:\/\/www.galerieartconcept.com\/wp-content\/uploads\/UVB-2023-performance-palaciodeVelazquez-264-1024x570.jpg\" alt=\"\" class=\"wp-image-28623\" srcset=\"https:\/\/www.galerieartconcept.com\/wp-content\/uploads\/UVB-2023-performance-palaciodeVelazquez-264-1024x570.jpg 1024w, https:\/\/www.galerieartconcept.com\/wp-content\/uploads\/UVB-2023-performance-palaciodeVelazquez-264-300x167.jpg 300w, https:\/\/www.galerieartconcept.com\/wp-content\/uploads\/UVB-2023-performance-palaciodeVelazquez-264-768x428.jpg 768w, https:\/\/www.galerieartconcept.com\/wp-content\/uploads\/UVB-2023-performance-palaciodeVelazquez-264-1536x856.jpg 1536w, https:\/\/www.galerieartconcept.com\/wp-content\/uploads\/UVB-2023-performance-palaciodeVelazquez-264-2048x1141.jpg 2048w, https:\/\/www.galerieartconcept.com\/wp-content\/uploads\/UVB-2023-performance-palaciodeVelazquez-264-1200x668.jpg 1200w, https:\/\/www.galerieartconcept.com\/wp-content\/uploads\/UVB-2023-performance-palaciodeVelazquez-264-1980x1103.jpg 1980w\" sizes=\"auto, (max-width: 1024px) 100vw, 1024px\" \/><\/figure>\n\n\n\n<figure class=\"wp-block-image size-large\"><img loading=\"lazy\" decoding=\"async\" width=\"1024\" height=\"683\" src=\"http:\/\/www.galerieartconcept.com\/wp-content\/uploads\/UVB-2023-performance-palaciodeVelazquez-253-1024x683.jpg\" alt=\"\" class=\"wp-image-28626\" srcset=\"https:\/\/www.galerieartconcept.com\/wp-content\/uploads\/UVB-2023-performance-palaciodeVelazquez-253-1024x683.jpg 1024w, https:\/\/www.galerieartconcept.com\/wp-content\/uploads\/UVB-2023-performance-palaciodeVelazquez-253-300x200.jpg 300w, https:\/\/www.galerieartconcept.com\/wp-content\/uploads\/UVB-2023-performance-palaciodeVelazquez-253-768x512.jpg 768w, https:\/\/www.galerieartconcept.com\/wp-content\/uploads\/UVB-2023-performance-palaciodeVelazquez-253-1536x1024.jpg 1536w, https:\/\/www.galerieartconcept.com\/wp-content\/uploads\/UVB-2023-performance-palaciodeVelazquez-253-2048x1365.jpg 2048w, https:\/\/www.galerieartconcept.com\/wp-content\/uploads\/UVB-2023-performance-palaciodeVelazquez-253-1200x800.jpg 1200w, https:\/\/www.galerieartconcept.com\/wp-content\/uploads\/UVB-2023-performance-palaciodeVelazquez-253-1980x1320.jpg 1980w\" sizes=\"auto, (max-width: 1024px) 100vw, 1024px\" \/><\/figure>\n\n\n\n<figure class=\"wp-block-image size-large\"><img loading=\"lazy\" decoding=\"async\" width=\"1024\" height=\"683\" src=\"http:\/\/www.galerieartconcept.com\/wp-content\/uploads\/UVB-2023-performance-palaciodeVelazquez-362-1024x683.jpg\" alt=\"\" class=\"wp-image-28629\" srcset=\"https:\/\/www.galerieartconcept.com\/wp-content\/uploads\/UVB-2023-performance-palaciodeVelazquez-362-1024x683.jpg 1024w, https:\/\/www.galerieartconcept.com\/wp-content\/uploads\/UVB-2023-performance-palaciodeVelazquez-362-300x200.jpg 300w, https:\/\/www.galerieartconcept.com\/wp-content\/uploads\/UVB-2023-performance-palaciodeVelazquez-362-768x512.jpg 768w, https:\/\/www.galerieartconcept.com\/wp-content\/uploads\/UVB-2023-performance-palaciodeVelazquez-362-1536x1024.jpg 1536w, https:\/\/www.galerieartconcept.com\/wp-content\/uploads\/UVB-2023-performance-palaciodeVelazquez-362-2048x1365.jpg 2048w, https:\/\/www.galerieartconcept.com\/wp-content\/uploads\/UVB-2023-performance-palaciodeVelazquez-362-1200x800.jpg 1200w, https:\/\/www.galerieartconcept.com\/wp-content\/uploads\/UVB-2023-performance-palaciodeVelazquez-362-1980x1320.jpg 1980w\" sizes=\"auto, (max-width: 1024px) 100vw, 1024px\" \/><figcaption>Vues de l&rsquo;exposition \/ Installation views Ulla von Brandenburg. <em>One-Sequence Spaces<\/em>, <em>Palacio de Vel\u00e1zquez<\/em> \/ Museo Reina Sof\u00eda, Madrid\/ES. Courtesy the Museo Reina Sof\u00eda and the photographers: Rom\u00e1n Lores \/ Joaqu\u00edn Cort\u00e9s.<\/figcaption><\/figure>\n\n\n\n<p>Le travail de l&rsquo;artiste Ulla von Brandenburg (Karlsruhe, Allemagne, 1974) est marqu\u00e9 par sa formation de sc\u00e9nographe et un bref passage dans le monde du th\u00e9\u00e2tre, deux pierres angulaires de son \u0153uvre. La vari\u00e9t\u00e9 des supports et des techniques &#8211; installations, films, peintures murales, performances &#8211; repr\u00e9sente un contr\u00f4le m\u00e9ticuleux du langage sc\u00e9nique auquel l&rsquo;artiste associe d&rsquo;autres centres d&rsquo;int\u00e9r\u00eat tels que la psychanalyse, la magie et les rituels \u00e9sot\u00e9riques pour \u00e9tudier les structures sociales et proposer de nouvelles alternatives.<\/p>\n\n\n\n<p>Les installations de Von Brandenburg donnent naissance \u00e0 des espaces subjectifs qui plongent le spectateur dans des lieux suspendus, \u00e0 cheval entre la r\u00e9alit\u00e9 et la fiction. L&rsquo;artiste r\u00e9invente le quatri\u00e8me mur, autrefois infranchissable, en utilisant souvent des rideaux et des draperies qui, au lieu d&rsquo;\u00e9tablir une ligne de d\u00e9marcation avec les visiteurs, les encouragent \u00e0 participer \u00e0 l&rsquo;\u0153uvre et \u00e0 faire partie de la sc\u00e8ne. Elle d\u00e9fend ainsi une conception de l&rsquo;art beaucoup plus perm\u00e9able et moins hi\u00e9rarchique, qui encourage l&rsquo;\u00e9change entre le spectateur et l&rsquo;acteur. De plus, son attirance pour la couleur souligne l&rsquo;influence de Wolfgang von Goethe, dont les th\u00e9ories conf\u00e9raient une qualit\u00e9 \u00e9motionnelle et ph\u00e9nom\u00e9nologique aux couleurs, r\u00e9futant la th\u00e9orie d&rsquo;Isaac Newton et son affirmation qu&rsquo;elles n&rsquo;\u00e9taient que de la physique.<\/p>\n\n\n\n<p>Le Palacio de Vel\u00e1zquez, dans le parc du Retiro, devient le contexte id\u00e9al pour une nouvelle installation de l&rsquo;artiste, o\u00f9 les visiteurs s&rsquo;enfoncent sciemment dans l&rsquo;espace et activent une mise en sc\u00e8ne qui entrem\u00eale l&rsquo;individuel et le collectif, nous rappelant que la vie est un th\u00e9\u00e2tre dans lequel chacun choisit le r\u00f4le qu&rsquo;il souhaite jouer. \u00c0 cette occasion, l&rsquo;artiste int\u00e8gre \u00e0 la structure de l&rsquo;exposition une s\u00e9lection de ses films, dont la plupart sont enregistr\u00e9s en un seul long plan, afin d&rsquo;encourager les spectateurs \u00e0 se d\u00e9placer dans cette nouvelle mise en sc\u00e8ne d&rsquo;espaces et d&rsquo;histoires qui se chevauchent.<\/p>\n\n\n\n<p><a href=\"https:\/\/www.museoreinasofia.es\/en\/exhibitions\/ulla-von-brandenburg\" data-type=\"URL\" data-id=\"https:\/\/www.museoreinasofia.es\/en\/exhibitions\/ulla-von-brandenburg\">Plus d&rsquo;informations<\/a><\/p>\n","protected":false},"excerpt":{"rendered":"<p>Le travail de l&rsquo;artiste Ulla von Brandenburg (Karlsruhe, Allemagne, 1974) est marqu\u00e9 par sa formation de sc\u00e9nographe et un bref passage dans le monde du th\u00e9\u00e2tre, deux pierres angulaires de son \u0153uvre. La vari\u00e9t\u00e9 des supports et des techniques &#8211; installations, films, peintures murales, performances &#8211; repr\u00e9sente un contr\u00f4le m\u00e9ticuleux du langage sc\u00e9nique auquel l&rsquo;artiste [&hellip;]<\/p>\n","protected":false},"author":1,"featured_media":0,"comment_status":"open","ping_status":"open","sticky":false,"template":"","format":"standard","meta":{"footnotes":""},"categories":[9],"tags":[],"class_list":["post-28256","post","type-post","status-publish","format-standard","hentry","category-news-fr"],"_links":{"self":[{"href":"https:\/\/www.galerieartconcept.com\/fr\/wp-json\/wp\/v2\/posts\/28256","targetHints":{"allow":["GET"]}}],"collection":[{"href":"https:\/\/www.galerieartconcept.com\/fr\/wp-json\/wp\/v2\/posts"}],"about":[{"href":"https:\/\/www.galerieartconcept.com\/fr\/wp-json\/wp\/v2\/types\/post"}],"author":[{"embeddable":true,"href":"https:\/\/www.galerieartconcept.com\/fr\/wp-json\/wp\/v2\/users\/1"}],"replies":[{"embeddable":true,"href":"https:\/\/www.galerieartconcept.com\/fr\/wp-json\/wp\/v2\/comments?post=28256"}],"version-history":[{"count":8,"href":"https:\/\/www.galerieartconcept.com\/fr\/wp-json\/wp\/v2\/posts\/28256\/revisions"}],"predecessor-version":[{"id":28631,"href":"https:\/\/www.galerieartconcept.com\/fr\/wp-json\/wp\/v2\/posts\/28256\/revisions\/28631"}],"wp:attachment":[{"href":"https:\/\/www.galerieartconcept.com\/fr\/wp-json\/wp\/v2\/media?parent=28256"}],"wp:term":[{"taxonomy":"category","embeddable":true,"href":"https:\/\/www.galerieartconcept.com\/fr\/wp-json\/wp\/v2\/categories?post=28256"},{"taxonomy":"post_tag","embeddable":true,"href":"https:\/\/www.galerieartconcept.com\/fr\/wp-json\/wp\/v2\/tags?post=28256"}],"curies":[{"name":"wp","href":"https:\/\/api.w.org\/{rel}","templated":true}]}}