{"id":27566,"date":"2023-07-16T14:53:08","date_gmt":"2023-07-16T14:53:08","guid":{"rendered":"http:\/\/www.galerieartconcept.com\/?p=27566"},"modified":"2023-10-03T13:55:19","modified_gmt":"2023-10-03T13:55:19","slug":"jean-luc-blanc-ulla-von-brandenburg-nina-childress-jeremy-deller-ridiculously-yours-art-awkwardness-and-enthusiasm-neue-galerie-graz-aus-13-octobre-2023-25-fevrier-2024","status":"publish","type":"post","link":"https:\/\/www.galerieartconcept.com\/fr\/jean-luc-blanc-ulla-von-brandenburg-nina-childress-jeremy-deller-ridiculously-yours-art-awkwardness-and-enthusiasm-neue-galerie-graz-aus-13-octobre-2023-25-fevrier-2024\/","title":{"rendered":"Jean-Luc Blanc, Ulla von Brandenburg, Nina Childress, Jeremy Deller, Ridiculously Yours! Art, Awkwardness and Enthusiasm, Neue Galerie Graz\/AUS, 13 octobre 2023 &#8211; 25 f\u00e9vrier 2024"},"content":{"rendered":"\n<p>Dans le modernisme depuis le XIXe si\u00e8cle et dans les avant-gardes classiques du d\u00e9but du XXe si\u00e8cle, une dialectique tr\u00e8s sp\u00e9cifique est \u00e0 l&rsquo;\u0153uvre : d&rsquo;une part, il y a des innovations audacieuses, une n\u00e9gation radicale et des dogmes esth\u00e9tiques ; d&rsquo;autre part, il y a une certaine forme de rire qui constitue la base de ce projet d&rsquo;exposition. Il s&rsquo;agit d&rsquo;un rire qui s&rsquo;amuse et qui, en m\u00eame temps, sans vouloir scandaliser, sape tout conservatisme, toute bigoterie, toute morale et, surtout, tout dogmatisme d&rsquo;avant-garde.<\/p>\n\n\n\n<p>Cette exposition flirte avec l&rsquo;humour du d\u00e9sastre, du mauvais go\u00fbt, de l&rsquo;approche camp, de la culture trash, de la science-fiction, de l&rsquo;horreur et du porno, du bricolage du punk, de l&rsquo;art dit \u00ab\u00a0outsider\u00a0\u00bb, de l&rsquo;immaturit\u00e9, de l&rsquo;idiotie, de l&rsquo;intuition et, bien s\u00fbr, de la passion et de l&rsquo;enthousiasme.<\/p>\n\n\n\n<p><a href=\"https:\/\/www.museum-joanneum.at\/en\/neue-galerie-graz\/exhibitions\/exhibitions\/events\/event\/11962\/seriously\" data-type=\"URL\" data-id=\"https:\/\/www.museum-joanneum.at\/en\/neue-galerie-graz\/exhibitions\/exhibitions\/events\/event\/11962\/seriously\">Plus d&rsquo;informations<\/a> <\/p>\n","protected":false},"excerpt":{"rendered":"<p>Dans le modernisme depuis le XIXe si\u00e8cle et dans les avant-gardes classiques du d\u00e9but du XXe si\u00e8cle, une dialectique tr\u00e8s sp\u00e9cifique est \u00e0 l&rsquo;\u0153uvre : d&rsquo;une part, il y a des innovations audacieuses, une n\u00e9gation radicale et des dogmes esth\u00e9tiques ; d&rsquo;autre part, il y a une certaine forme de rire qui constitue la base [&hellip;]<\/p>\n","protected":false},"author":1,"featured_media":0,"comment_status":"open","ping_status":"open","sticky":false,"template":"","format":"standard","meta":{"footnotes":""},"categories":[9],"tags":[],"class_list":["post-27566","post","type-post","status-publish","format-standard","hentry","category-news-fr"],"_links":{"self":[{"href":"https:\/\/www.galerieartconcept.com\/fr\/wp-json\/wp\/v2\/posts\/27566","targetHints":{"allow":["GET"]}}],"collection":[{"href":"https:\/\/www.galerieartconcept.com\/fr\/wp-json\/wp\/v2\/posts"}],"about":[{"href":"https:\/\/www.galerieartconcept.com\/fr\/wp-json\/wp\/v2\/types\/post"}],"author":[{"embeddable":true,"href":"https:\/\/www.galerieartconcept.com\/fr\/wp-json\/wp\/v2\/users\/1"}],"replies":[{"embeddable":true,"href":"https:\/\/www.galerieartconcept.com\/fr\/wp-json\/wp\/v2\/comments?post=27566"}],"version-history":[{"count":5,"href":"https:\/\/www.galerieartconcept.com\/fr\/wp-json\/wp\/v2\/posts\/27566\/revisions"}],"predecessor-version":[{"id":27571,"href":"https:\/\/www.galerieartconcept.com\/fr\/wp-json\/wp\/v2\/posts\/27566\/revisions\/27571"}],"wp:attachment":[{"href":"https:\/\/www.galerieartconcept.com\/fr\/wp-json\/wp\/v2\/media?parent=27566"}],"wp:term":[{"taxonomy":"category","embeddable":true,"href":"https:\/\/www.galerieartconcept.com\/fr\/wp-json\/wp\/v2\/categories?post=27566"},{"taxonomy":"post_tag","embeddable":true,"href":"https:\/\/www.galerieartconcept.com\/fr\/wp-json\/wp\/v2\/tags?post=27566"}],"curies":[{"name":"wp","href":"https:\/\/api.w.org\/{rel}","templated":true}]}}