{"id":26851,"date":"2023-01-20T11:52:08","date_gmt":"2023-01-20T11:52:08","guid":{"rendered":"http:\/\/www.galerieartconcept.com\/caroline-achaintre-richard-fauguet-vidya-gastaldon-lamour-la-mer-les-femmes-festival-darchitecture-interieure-de-la-villa-noailles-design-parade-toulon-2023-toulon-fr-june\/"},"modified":"2023-07-07T10:48:40","modified_gmt":"2023-07-07T10:48:40","slug":"caroline-achaintre-richard-fauguet-vidya-gastaldon-lamour-la-mer-les-femmes-festival-darchitecture-interieure-de-la-villa-noailles-design-parade-toulon-2023-toulon-fr-june","status":"publish","type":"post","link":"https:\/\/www.galerieartconcept.com\/fr\/caroline-achaintre-richard-fauguet-vidya-gastaldon-lamour-la-mer-les-femmes-festival-darchitecture-interieure-de-la-villa-noailles-design-parade-toulon-2023-toulon-fr-june\/","title":{"rendered":"Caroline Achaintre, Richard Fauguet, Vidya Gastaldon, L\u2019Amour, la Mer, les Femmes. Festival d\u2019Architecture Int\u00e9rieure de la Villa Noailles, Design Parade Toulon 2023, Toulon\/FR.  26 juin &#8211; 5 novembre 2023"},"content":{"rendered":"\n<figure class=\"wp-block-image size-large\"><img loading=\"lazy\" decoding=\"async\" width=\"683\" height=\"1024\" src=\"http:\/\/www.galerieartconcept.com\/wp-content\/uploads\/Aline-Asmar-dAmman-Lamour-la-mer-les-femmes-Luc-Bertrand-23-683x1024.jpg\" alt=\"\" class=\"wp-image-26842\" srcset=\"https:\/\/www.galerieartconcept.com\/wp-content\/uploads\/Aline-Asmar-dAmman-Lamour-la-mer-les-femmes-Luc-Bertrand-23-683x1024.jpg 683w, https:\/\/www.galerieartconcept.com\/wp-content\/uploads\/Aline-Asmar-dAmman-Lamour-la-mer-les-femmes-Luc-Bertrand-23-200x300.jpg 200w, https:\/\/www.galerieartconcept.com\/wp-content\/uploads\/Aline-Asmar-dAmman-Lamour-la-mer-les-femmes-Luc-Bertrand-23-768x1152.jpg 768w, https:\/\/www.galerieartconcept.com\/wp-content\/uploads\/Aline-Asmar-dAmman-Lamour-la-mer-les-femmes-Luc-Bertrand-23-1024x1536.jpg 1024w, https:\/\/www.galerieartconcept.com\/wp-content\/uploads\/Aline-Asmar-dAmman-Lamour-la-mer-les-femmes-Luc-Bertrand-23-1365x2048.jpg 1365w, https:\/\/www.galerieartconcept.com\/wp-content\/uploads\/Aline-Asmar-dAmman-Lamour-la-mer-les-femmes-Luc-Bertrand-23-1200x1800.jpg 1200w, https:\/\/www.galerieartconcept.com\/wp-content\/uploads\/Aline-Asmar-dAmman-Lamour-la-mer-les-femmes-Luc-Bertrand-23-1980x2970.jpg 1980w, https:\/\/www.galerieartconcept.com\/wp-content\/uploads\/Aline-Asmar-dAmman-Lamour-la-mer-les-femmes-Luc-Bertrand-23-scaled.jpg 1707w\" sizes=\"auto, (max-width: 683px) 100vw, 683px\" \/><\/figure>\n\n\n\n<figure class=\"wp-block-image size-large\"><img loading=\"lazy\" decoding=\"async\" width=\"683\" height=\"1024\" src=\"http:\/\/www.galerieartconcept.com\/wp-content\/uploads\/Aline-Asmar-dAmman-Lamour-la-mer-les-femmes-Luc-Bertrand-8-683x1024.jpg\" alt=\"\" class=\"wp-image-26838\" srcset=\"https:\/\/www.galerieartconcept.com\/wp-content\/uploads\/Aline-Asmar-dAmman-Lamour-la-mer-les-femmes-Luc-Bertrand-8-683x1024.jpg 683w, https:\/\/www.galerieartconcept.com\/wp-content\/uploads\/Aline-Asmar-dAmman-Lamour-la-mer-les-femmes-Luc-Bertrand-8-200x300.jpg 200w, https:\/\/www.galerieartconcept.com\/wp-content\/uploads\/Aline-Asmar-dAmman-Lamour-la-mer-les-femmes-Luc-Bertrand-8-768x1152.jpg 768w, https:\/\/www.galerieartconcept.com\/wp-content\/uploads\/Aline-Asmar-dAmman-Lamour-la-mer-les-femmes-Luc-Bertrand-8-1024x1536.jpg 1024w, https:\/\/www.galerieartconcept.com\/wp-content\/uploads\/Aline-Asmar-dAmman-Lamour-la-mer-les-femmes-Luc-Bertrand-8-1365x2048.jpg 1365w, https:\/\/www.galerieartconcept.com\/wp-content\/uploads\/Aline-Asmar-dAmman-Lamour-la-mer-les-femmes-Luc-Bertrand-8-1200x1800.jpg 1200w, https:\/\/www.galerieartconcept.com\/wp-content\/uploads\/Aline-Asmar-dAmman-Lamour-la-mer-les-femmes-Luc-Bertrand-8-1980x2970.jpg 1980w, https:\/\/www.galerieartconcept.com\/wp-content\/uploads\/Aline-Asmar-dAmman-Lamour-la-mer-les-femmes-Luc-Bertrand-8-scaled.jpg 1707w\" sizes=\"auto, (max-width: 683px) 100vw, 683px\" \/><\/figure>\n\n\n\n<figure class=\"wp-block-image size-large\"><img loading=\"lazy\" decoding=\"async\" width=\"683\" height=\"1024\" src=\"http:\/\/www.galerieartconcept.com\/wp-content\/uploads\/Aline-Asmar-dAmman-Lamour-la-mer-les-femmes-Luc-Bertrand-17-1-683x1024.jpg\" alt=\"\" class=\"wp-image-26844\" srcset=\"https:\/\/www.galerieartconcept.com\/wp-content\/uploads\/Aline-Asmar-dAmman-Lamour-la-mer-les-femmes-Luc-Bertrand-17-1-683x1024.jpg 683w, https:\/\/www.galerieartconcept.com\/wp-content\/uploads\/Aline-Asmar-dAmman-Lamour-la-mer-les-femmes-Luc-Bertrand-17-1-200x300.jpg 200w, https:\/\/www.galerieartconcept.com\/wp-content\/uploads\/Aline-Asmar-dAmman-Lamour-la-mer-les-femmes-Luc-Bertrand-17-1-768x1152.jpg 768w, https:\/\/www.galerieartconcept.com\/wp-content\/uploads\/Aline-Asmar-dAmman-Lamour-la-mer-les-femmes-Luc-Bertrand-17-1-1024x1536.jpg 1024w, https:\/\/www.galerieartconcept.com\/wp-content\/uploads\/Aline-Asmar-dAmman-Lamour-la-mer-les-femmes-Luc-Bertrand-17-1-1365x2048.jpg 1365w, https:\/\/www.galerieartconcept.com\/wp-content\/uploads\/Aline-Asmar-dAmman-Lamour-la-mer-les-femmes-Luc-Bertrand-17-1-1200x1800.jpg 1200w, https:\/\/www.galerieartconcept.com\/wp-content\/uploads\/Aline-Asmar-dAmman-Lamour-la-mer-les-femmes-Luc-Bertrand-17-1-1980x2970.jpg 1980w, https:\/\/www.galerieartconcept.com\/wp-content\/uploads\/Aline-Asmar-dAmman-Lamour-la-mer-les-femmes-Luc-Bertrand-17-1-scaled.jpg 1707w\" sizes=\"auto, (max-width: 683px) 100vw, 683px\" \/><\/figure>\n\n\n\n<p>Dialogue entre des espaces pens\u00e9es par Aline Asmar d\u2019Amman et des \u0153uvres d\u2019art choisies avec H\u00e9l\u00e8ne Nguyen Ban, fondatrice de l&rsquo;application Docent.<\/p>\n\n\n\n<p>Les sc\u00e8nes p\u00e9trifi\u00e9es de Bianca Bondi, le paravent peint \u00e0 la main de Shu Hao, les visages coll\u00e9s des Siamoises de Richard Fauguet, les dessins oc\u00e9aniques de Vidya Gastaldon, la c\u00e9ramique d\u00e9vor\u00e9e de Caroline Achaintre et l\u2019improbable D\u00e9jeuner sous l\u2019herbe de Th\u00e9o Mercier amplifient l\u2019excitation et la joie du dialogue avec l\u2019espace.<\/p>\n\n\n\n<p><a href=\"https:\/\/villanoailles.com\/festivals\/design-parade-toulon-7e-festival-international-d-architecture-d-interieur\/l-amour-la-mer-les-femmes\">Plus d&rsquo;informations<\/a><\/p>\n","protected":false},"excerpt":{"rendered":"<p>Dialogue entre des espaces pens\u00e9es par Aline Asmar d\u2019Amman et des \u0153uvres d\u2019art choisies avec H\u00e9l\u00e8ne Nguyen Ban, fondatrice de l&rsquo;application Docent. Les sc\u00e8nes p\u00e9trifi\u00e9es de Bianca Bondi, le paravent peint \u00e0 la main de Shu Hao, les visages coll\u00e9s des Siamoises de Richard Fauguet, les dessins oc\u00e9aniques de Vidya Gastaldon, la c\u00e9ramique d\u00e9vor\u00e9e de [&hellip;]<\/p>\n","protected":false},"author":1,"featured_media":0,"comment_status":"open","ping_status":"open","sticky":false,"template":"","format":"standard","meta":{"footnotes":""},"categories":[9],"tags":[],"class_list":["post-26851","post","type-post","status-publish","format-standard","hentry","category-news-fr"],"_links":{"self":[{"href":"https:\/\/www.galerieartconcept.com\/fr\/wp-json\/wp\/v2\/posts\/26851","targetHints":{"allow":["GET"]}}],"collection":[{"href":"https:\/\/www.galerieartconcept.com\/fr\/wp-json\/wp\/v2\/posts"}],"about":[{"href":"https:\/\/www.galerieartconcept.com\/fr\/wp-json\/wp\/v2\/types\/post"}],"author":[{"embeddable":true,"href":"https:\/\/www.galerieartconcept.com\/fr\/wp-json\/wp\/v2\/users\/1"}],"replies":[{"embeddable":true,"href":"https:\/\/www.galerieartconcept.com\/fr\/wp-json\/wp\/v2\/comments?post=26851"}],"version-history":[{"count":2,"href":"https:\/\/www.galerieartconcept.com\/fr\/wp-json\/wp\/v2\/posts\/26851\/revisions"}],"predecessor-version":[{"id":26853,"href":"https:\/\/www.galerieartconcept.com\/fr\/wp-json\/wp\/v2\/posts\/26851\/revisions\/26853"}],"wp:attachment":[{"href":"https:\/\/www.galerieartconcept.com\/fr\/wp-json\/wp\/v2\/media?parent=26851"}],"wp:term":[{"taxonomy":"category","embeddable":true,"href":"https:\/\/www.galerieartconcept.com\/fr\/wp-json\/wp\/v2\/categories?post=26851"},{"taxonomy":"post_tag","embeddable":true,"href":"https:\/\/www.galerieartconcept.com\/fr\/wp-json\/wp\/v2\/tags?post=26851"}],"curies":[{"name":"wp","href":"https:\/\/api.w.org\/{rel}","templated":true}]}}