{"id":26726,"date":"2023-01-20T11:55:46","date_gmt":"2023-01-20T11:55:46","guid":{"rendered":"http:\/\/www.galerieartconcept.com\/?p=26726"},"modified":"2024-06-24T12:52:06","modified_gmt":"2024-06-24T12:52:06","slug":"jean-luc-blanc-didactic-poetry-kirchgasse-gallery-steckborn-ch-1-juillet-23-septembre-2023","status":"publish","type":"post","link":"https:\/\/www.galerieartconcept.com\/fr\/jean-luc-blanc-didactic-poetry-kirchgasse-gallery-steckborn-ch-1-juillet-23-septembre-2023\/","title":{"rendered":"Jean-Luc Blanc, Didactic Poetry, Kirchgasse gallery, Steckborn\/CH. 1 juillet &#8211; 23 septembre 2023"},"content":{"rendered":"\n<figure class=\"wp-block-image size-large is-resized\"><img loading=\"lazy\" decoding=\"async\" src=\"http:\/\/www.galerieartconcept.com\/wp-content\/uploads\/JLB-2018-Sans-titre-e\u0301crire-a\u0300-table-avec-enfant-Alien-2-725x1024.jpeg\" alt=\"\" class=\"wp-image-26720\" width=\"725\" height=\"1024\" srcset=\"https:\/\/www.galerieartconcept.com\/wp-content\/uploads\/JLB-2018-Sans-titre-e\u0301crire-a\u0300-table-avec-enfant-Alien-2-725x1024.jpeg 725w, https:\/\/www.galerieartconcept.com\/wp-content\/uploads\/JLB-2018-Sans-titre-e\u0301crire-a\u0300-table-avec-enfant-Alien-2-213x300.jpeg 213w, https:\/\/www.galerieartconcept.com\/wp-content\/uploads\/JLB-2018-Sans-titre-e\u0301crire-a\u0300-table-avec-enfant-Alien-2-768x1084.jpeg 768w, https:\/\/www.galerieartconcept.com\/wp-content\/uploads\/JLB-2018-Sans-titre-e\u0301crire-a\u0300-table-avec-enfant-Alien-2-1088x1536.jpeg 1088w, https:\/\/www.galerieartconcept.com\/wp-content\/uploads\/JLB-2018-Sans-titre-e\u0301crire-a\u0300-table-avec-enfant-Alien-2-1451x2048.jpeg 1451w, https:\/\/www.galerieartconcept.com\/wp-content\/uploads\/JLB-2018-Sans-titre-e\u0301crire-a\u0300-table-avec-enfant-Alien-2-1200x1694.jpeg 1200w, https:\/\/www.galerieartconcept.com\/wp-content\/uploads\/JLB-2018-Sans-titre-e\u0301crire-a\u0300-table-avec-enfant-Alien-2-1980x2795.jpeg 1980w, https:\/\/www.galerieartconcept.com\/wp-content\/uploads\/JLB-2018-Sans-titre-e\u0301crire-a\u0300-table-avec-enfant-Alien-2-scaled.jpeg 1814w\" sizes=\"auto, (max-width: 725px) 100vw, 725px\" \/><figcaption>Jean-Luc Blanc, Sans titre (e\u0301crire a\u0300 table avec enfant Alien), 2018. Crayon sur papier \/ Pencil on paper. 29,7 x 21 cm. Courtesy the Artist and Art : Concept, Paris.<\/figcaption><\/figure>\n\n\n\n<figure class=\"wp-block-image size-large is-resized\"><img loading=\"lazy\" decoding=\"async\" src=\"http:\/\/www.galerieartconcept.com\/wp-content\/uploads\/KG_Didactic-Poetry_2023_Installation-View_13-1024x767.jpg\" alt=\"\" class=\"wp-image-26863\" width=\"725\" height=\"543\" srcset=\"https:\/\/www.galerieartconcept.com\/wp-content\/uploads\/KG_Didactic-Poetry_2023_Installation-View_13-1024x767.jpg 1024w, https:\/\/www.galerieartconcept.com\/wp-content\/uploads\/KG_Didactic-Poetry_2023_Installation-View_13-300x225.jpg 300w, https:\/\/www.galerieartconcept.com\/wp-content\/uploads\/KG_Didactic-Poetry_2023_Installation-View_13-768x576.jpg 768w, https:\/\/www.galerieartconcept.com\/wp-content\/uploads\/KG_Didactic-Poetry_2023_Installation-View_13-1536x1151.jpg 1536w, https:\/\/www.galerieartconcept.com\/wp-content\/uploads\/KG_Didactic-Poetry_2023_Installation-View_13-2048x1535.jpg 2048w, https:\/\/www.galerieartconcept.com\/wp-content\/uploads\/KG_Didactic-Poetry_2023_Installation-View_13-1200x899.jpg 1200w, https:\/\/www.galerieartconcept.com\/wp-content\/uploads\/KG_Didactic-Poetry_2023_Installation-View_13-1980x1484.jpg 1980w\" sizes=\"auto, (max-width: 725px) 100vw, 725px\" \/><figcaption>Kirchgasse Gallery, Didactic Poetry, Installation View, 2023 \/ Photo: Cedric Mussano \/ Courtesy: The artist and Kirchgasse Gallery<\/figcaption><\/figure>\n\n\n\n<p>Avec Virgina Ariu, Jean-Luc Blanc, Andrea Celeste La Forgia &amp; Max Fletcher, Costanza Candeloro, Thomas Hesse, Elza Javakhishvili, Peter Kamm, Sarah Lehnerer, Birgit Megerle, Angelbert Metoyer, Mathis Pf\u00e4ffli, Matthias Sohr, Megan Francis Sullivan, Anna Zacharoff<\/p>\n\n\n\n<p>1er verset : L&rsquo;ouverture de la galerie<br>2\u00e8me couplet : L&rsquo;expos\u00e9 en salle de classe<br>3\u00e8me couplet : La visite du studio<br>4\u00e8me couplet : Le d\u00eener au salon<\/p>\n\n\n\n<p>L&rsquo;exposition Didactic Poetry rassemble des \u0153uvres en papier dispos\u00e9es en petits groupes par 15 artistes. Leur narration prend forme \u00e0 l&rsquo;intersection de la didactique et de la po\u00e9sie. Dans leurs pratiques, les artistes poursuivent et d\u00e9montrent une critique relationnelle, une sensibilit\u00e9 pr\u00e9cise et une notion fine de cette dynamique charg\u00e9e. Les \u0153uvres refl\u00e8tent diff\u00e9rents concepts et compr\u00e9hensions de la p\u00e9dagogie, du travail, de la po\u00e9sie et de la galerie.<\/p>\n\n\n\n<p>Dans la dynamique de la didactique et de la po\u00e9sie, il existe des apories qui g\u00e9n\u00e8rent des potentiels discursifs et sociaux. Le genre ancien de la po\u00e9sie didactique (en allemand : Lehrgedicht) est associ\u00e9 \u00e0 un haut degr\u00e9 d&rsquo;autor\u00e9flexion m\u00e9tapo\u00e9tique. L&rsquo;exposition pose la question de savoir dans quelle mesure le potentiel didactique inh\u00e9rent aux \u0153uvres permet de comprendre les intentions po\u00e9tiques des artistes et celles des \u0153uvres elles-m\u00eames.<\/p>\n\n\n\n<p>Les diff\u00e9rents contextes mettent en \u00e9vidence les conditions dans lesquelles diff\u00e9rents modes d&rsquo;engagement ont lieu, ce qui permet de modifier le statut des \u0153uvres et les r\u00f4les des acteurs impliqu\u00e9s. Dans ce contexte, les conceptualisations, les positions et les conditions des \u0153uvres d&rsquo;art sont examin\u00e9es, dans la mesure o\u00f9 elles sont capables de g\u00e9n\u00e9rer leurs propres discours, mais sont \u00e9galement disponibles en tant qu&rsquo;outils p\u00e9dagogiques appliqu\u00e9s.<\/p>\n\n\n\n<p>La question de savoir comment une galerie peut contribuer \u00e0 des projets \u00e9ducatifs impliquant des pratiques p\u00e9dagogiques, un engagement social et un enrichissement intellectuel sera juxtapos\u00e9e et int\u00e9gr\u00e9e \u00e0 l&rsquo;\u00e9ventail habituel des t\u00e2ches de la galerie le 1er juillet. Nous vous invitons chaleureusement.<\/p>\n\n\n\n<p><a href=\"https:\/\/www.kirchgasse.com\/didactic-poetry-preview\/\" data-type=\"URL\" data-id=\"https:\/\/www.kirchgasse.com\/didactic-poetry-preview\/\">Plus d&rsquo;informations<\/a><\/p>\n","protected":false},"excerpt":{"rendered":"<p>Avec Virgina Ariu, Jean-Luc Blanc, Andrea Celeste La Forgia &amp; Max Fletcher, Costanza Candeloro, Thomas Hesse, Elza Javakhishvili, Peter Kamm, Sarah Lehnerer, Birgit Megerle, Angelbert Metoyer, Mathis Pf\u00e4ffli, Matthias Sohr, Megan Francis Sullivan, Anna Zacharoff 1er verset : L&rsquo;ouverture de la galerie2\u00e8me couplet : L&rsquo;expos\u00e9 en salle de classe3\u00e8me couplet : La visite du studio4\u00e8me [&hellip;]<\/p>\n","protected":false},"author":1,"featured_media":0,"comment_status":"open","ping_status":"open","sticky":false,"template":"","format":"standard","meta":{"footnotes":""},"categories":[9],"tags":[],"class_list":["post-26726","post","type-post","status-publish","format-standard","hentry","category-news-fr"],"_links":{"self":[{"href":"https:\/\/www.galerieartconcept.com\/fr\/wp-json\/wp\/v2\/posts\/26726","targetHints":{"allow":["GET"]}}],"collection":[{"href":"https:\/\/www.galerieartconcept.com\/fr\/wp-json\/wp\/v2\/posts"}],"about":[{"href":"https:\/\/www.galerieartconcept.com\/fr\/wp-json\/wp\/v2\/types\/post"}],"author":[{"embeddable":true,"href":"https:\/\/www.galerieartconcept.com\/fr\/wp-json\/wp\/v2\/users\/1"}],"replies":[{"embeddable":true,"href":"https:\/\/www.galerieartconcept.com\/fr\/wp-json\/wp\/v2\/comments?post=26726"}],"version-history":[{"count":9,"href":"https:\/\/www.galerieartconcept.com\/fr\/wp-json\/wp\/v2\/posts\/26726\/revisions"}],"predecessor-version":[{"id":26871,"href":"https:\/\/www.galerieartconcept.com\/fr\/wp-json\/wp\/v2\/posts\/26726\/revisions\/26871"}],"wp:attachment":[{"href":"https:\/\/www.galerieartconcept.com\/fr\/wp-json\/wp\/v2\/media?parent=26726"}],"wp:term":[{"taxonomy":"category","embeddable":true,"href":"https:\/\/www.galerieartconcept.com\/fr\/wp-json\/wp\/v2\/categories?post=26726"},{"taxonomy":"post_tag","embeddable":true,"href":"https:\/\/www.galerieartconcept.com\/fr\/wp-json\/wp\/v2\/tags?post=26726"}],"curies":[{"name":"wp","href":"https:\/\/api.w.org\/{rel}","templated":true}]}}