{"id":26234,"date":"2023-01-20T13:20:54","date_gmt":"2023-01-20T13:20:54","guid":{"rendered":"http:\/\/www.galerieartconcept.com\/?p=26234"},"modified":"2024-06-24T09:30:58","modified_gmt":"2024-06-24T09:30:58","slug":"ulla-von-brandenburg-biennale-internationale-du-son-valais-ch-16-septembre-29-octobre-2023","status":"publish","type":"post","link":"https:\/\/www.galerieartconcept.com\/fr\/ulla-von-brandenburg-biennale-internationale-du-son-valais-ch-16-septembre-29-octobre-2023\/","title":{"rendered":"Ulla von Brandenburg, Biennale internationale du son, Valais\/CH. 16 septembre &#8211; 29 octobre 2023"},"content":{"rendered":"\n<figure class=\"wp-block-image size-large\"><img loading=\"lazy\" decoding=\"async\" width=\"1024\" height=\"616\" src=\"http:\/\/www.galerieartconcept.com\/wp-content\/uploads\/UVB-2020-Lemilieuestbleu-still-5-1024x616.jpg\" alt=\"\" class=\"wp-image-26224\" srcset=\"https:\/\/www.galerieartconcept.com\/wp-content\/uploads\/UVB-2020-Lemilieuestbleu-still-5-1024x616.jpg 1024w, https:\/\/www.galerieartconcept.com\/wp-content\/uploads\/UVB-2020-Lemilieuestbleu-still-5-300x181.jpg 300w, https:\/\/www.galerieartconcept.com\/wp-content\/uploads\/UVB-2020-Lemilieuestbleu-still-5-768x462.jpg 768w, https:\/\/www.galerieartconcept.com\/wp-content\/uploads\/UVB-2020-Lemilieuestbleu-still-5-1536x925.jpg 1536w, https:\/\/www.galerieartconcept.com\/wp-content\/uploads\/UVB-2020-Lemilieuestbleu-still-5-1200x722.jpg 1200w, https:\/\/www.galerieartconcept.com\/wp-content\/uploads\/UVB-2020-Lemilieuestbleu-still-5.jpg 1794w\" sizes=\"auto, (max-width: 1024px) 100vw, 1024px\" \/><\/figure>\n\n\n\n<figure class=\"wp-block-image size-large\"><img loading=\"lazy\" decoding=\"async\" width=\"1024\" height=\"616\" src=\"http:\/\/www.galerieartconcept.com\/wp-content\/uploads\/UVB-2020-Lemilieuestbleu-still-10-1024x616.jpg\" alt=\"\" class=\"wp-image-26226\" srcset=\"https:\/\/www.galerieartconcept.com\/wp-content\/uploads\/UVB-2020-Lemilieuestbleu-still-10-1024x616.jpg 1024w, https:\/\/www.galerieartconcept.com\/wp-content\/uploads\/UVB-2020-Lemilieuestbleu-still-10-300x181.jpg 300w, https:\/\/www.galerieartconcept.com\/wp-content\/uploads\/UVB-2020-Lemilieuestbleu-still-10-768x462.jpg 768w, https:\/\/www.galerieartconcept.com\/wp-content\/uploads\/UVB-2020-Lemilieuestbleu-still-10-1536x925.jpg 1536w, https:\/\/www.galerieartconcept.com\/wp-content\/uploads\/UVB-2020-Lemilieuestbleu-still-10-1200x722.jpg 1200w, https:\/\/www.galerieartconcept.com\/wp-content\/uploads\/UVB-2020-Lemilieuestbleu-still-10.jpg 1794w\" sizes=\"auto, (max-width: 1024px) 100vw, 1024px\" \/><\/figure>\n\n\n\n<figure class=\"wp-block-image size-large is-resized\"><img loading=\"lazy\" decoding=\"async\" src=\"http:\/\/www.galerieartconcept.com\/wp-content\/uploads\/UVB-2020-Lemilieuestbleu-still-14-1024x618.jpg\" alt=\"\" class=\"wp-image-26228\" width=\"610\" height=\"368\" srcset=\"https:\/\/www.galerieartconcept.com\/wp-content\/uploads\/UVB-2020-Lemilieuestbleu-still-14-1024x618.jpg 1024w, https:\/\/www.galerieartconcept.com\/wp-content\/uploads\/UVB-2020-Lemilieuestbleu-still-14-300x181.jpg 300w, https:\/\/www.galerieartconcept.com\/wp-content\/uploads\/UVB-2020-Lemilieuestbleu-still-14-768x463.jpg 768w, https:\/\/www.galerieartconcept.com\/wp-content\/uploads\/UVB-2020-Lemilieuestbleu-still-14-1536x927.jpg 1536w, https:\/\/www.galerieartconcept.com\/wp-content\/uploads\/UVB-2020-Lemilieuestbleu-still-14-1200x724.jpg 1200w, https:\/\/www.galerieartconcept.com\/wp-content\/uploads\/UVB-2020-Lemilieuestbleu-still-14.jpg 1790w\" sizes=\"auto, (max-width: 610px) 100vw, 610px\" \/><figcaption>Ulla von Brandenburg, Le milieu est bleu, 2020. <br>Super 16 mm film transferred to HD video, color, sound, 23\u201943\u201d<br>Courtesy of the artist and Art : Concept (Paris); Meyer Riegger (Berlin\/Karlsruhe\/Basel); Pilar Corrias Gallery (London); Produzentengalerie (Hamburg)<br>In partnership with the Palais de Tokyo, Paris, le Th\u00e9\u00e2tre du Peuple, Bussang, the CND Centre National de la Danse, Pantin and the Op\u00e9ra National de Paris. <a href=\"http:\/\/www.galerieartconcept.com\/wp-content\/uploads\/Ulla-von-Brandenburg-Le-Milieu-est-bleu-text.pdf\" data-type=\"URL\" data-id=\"http:\/\/www.galerieartconcept.com\/wp-content\/uploads\/Ulla-von-Brandenburg-Le-Milieu-est-bleu-text.pdf\">Full credits<\/a>. <\/figcaption><\/figure>\n\n\n\n<p>Dans le but de \u00ab\u00a0cr\u00e9er et organiser une manifestation d&rsquo;art contemporain d&rsquo;envergure internationale, o\u00f9 le son &#8211; sous toutes ses formes &#8211; constitue le c\u0153ur de l&rsquo;\u00e9v\u00e9nement\u00a0\u00bb, cette biennale r\u00e9unit des installations sonores et des \u0153uvres silencieuses dans lesquelles le son est induit, ainsi qu&rsquo;une s\u00e9rie d&rsquo;\u00e9v\u00e9nements (performances sonores, concerts, discussions publiques, etc.) \u00e0 travers diff\u00e9rents lieux, villes et villages (Sion, Martigny, Lo\u00e8che, Sierre\u2026). La biennale de l&rsquo;art contemporain de Sion est une manifestation d&rsquo;art contemporain d&rsquo;envergure internationale, o\u00f9 le son &#8211; sous toutes ses formes &#8211; constitue le c\u0153ur de l&rsquo;\u00e9v\u00e9nement.<\/p>\n\n\n\n<p>Dans le cadre de l&rsquo;exposition Echos d&rsquo;une collection. \u0152uvres du Frac Franche-Comt\u00e9 (commissariat assur\u00e9 par Sylvie Zavatta, directrice du Frac, en collaboration avec Christophe Fellay, artiste et enseignant \u00e0 l&rsquo;EDHEA, Jean-Paul Felley, directeur de l&rsquo;EDHEA) du 16 septembre au 29 octobre 2023 \u00e0 Martigny (Suisse) seront pr\u00e9sent\u00e9es les \u0153uvres suivantes d&rsquo;Ulla von Brandenburg : The Record (2005-2014) et Le milieu est bleu (2020), qui font partie de la Collection du Frac Franche-Comt\u00e9.<\/p>\n\n\n\n<p><br>Dans le cadre de l&rsquo;exposition \u00c9chos d&rsquo;une collection.<\/p>\n\n\n\n<p><\/p>\n\n\n\n<p><a href=\"https:\/\/www.biennaleson.ch\/\" data-type=\"URL\" data-id=\"https:\/\/www.biennaleson.ch\/\">Plus d&rsquo;informations<\/a><\/p>\n","protected":false},"excerpt":{"rendered":"<p>Dans le but de \u00ab\u00a0cr\u00e9er et organiser une manifestation d&rsquo;art contemporain d&rsquo;envergure internationale, o\u00f9 le son &#8211; sous toutes ses formes &#8211; constitue le c\u0153ur de l&rsquo;\u00e9v\u00e9nement\u00a0\u00bb, cette biennale r\u00e9unit des installations sonores et des \u0153uvres silencieuses dans lesquelles le son est induit, ainsi qu&rsquo;une s\u00e9rie d&rsquo;\u00e9v\u00e9nements (performances sonores, concerts, discussions publiques, etc.) \u00e0 travers [&hellip;]<\/p>\n","protected":false},"author":1,"featured_media":0,"comment_status":"open","ping_status":"open","sticky":false,"template":"","format":"standard","meta":{"footnotes":""},"categories":[9],"tags":[],"class_list":["post-26234","post","type-post","status-publish","format-standard","hentry","category-news-fr"],"_links":{"self":[{"href":"https:\/\/www.galerieartconcept.com\/fr\/wp-json\/wp\/v2\/posts\/26234","targetHints":{"allow":["GET"]}}],"collection":[{"href":"https:\/\/www.galerieartconcept.com\/fr\/wp-json\/wp\/v2\/posts"}],"about":[{"href":"https:\/\/www.galerieartconcept.com\/fr\/wp-json\/wp\/v2\/types\/post"}],"author":[{"embeddable":true,"href":"https:\/\/www.galerieartconcept.com\/fr\/wp-json\/wp\/v2\/users\/1"}],"replies":[{"embeddable":true,"href":"https:\/\/www.galerieartconcept.com\/fr\/wp-json\/wp\/v2\/comments?post=26234"}],"version-history":[{"count":4,"href":"https:\/\/www.galerieartconcept.com\/fr\/wp-json\/wp\/v2\/posts\/26234\/revisions"}],"predecessor-version":[{"id":26238,"href":"https:\/\/www.galerieartconcept.com\/fr\/wp-json\/wp\/v2\/posts\/26234\/revisions\/26238"}],"wp:attachment":[{"href":"https:\/\/www.galerieartconcept.com\/fr\/wp-json\/wp\/v2\/media?parent=26234"}],"wp:term":[{"taxonomy":"category","embeddable":true,"href":"https:\/\/www.galerieartconcept.com\/fr\/wp-json\/wp\/v2\/categories?post=26234"},{"taxonomy":"post_tag","embeddable":true,"href":"https:\/\/www.galerieartconcept.com\/fr\/wp-json\/wp\/v2\/tags?post=26234"}],"curies":[{"name":"wp","href":"https:\/\/api.w.org\/{rel}","templated":true}]}}