{"id":24030,"date":"2023-01-19T13:59:52","date_gmt":"2023-01-19T13:59:52","guid":{"rendered":"http:\/\/www.galerieartconcept.com\/?p=24030"},"modified":"2023-02-22T13:14:38","modified_gmt":"2023-02-22T13:14:38","slug":"caroline-achaintre-roadrunner-neues-museum-staatliches-museum-fur-kunst-und-design-nurnberg-de-12-fevrier-11-juin-2023","status":"publish","type":"post","link":"https:\/\/www.galerieartconcept.com\/fr\/caroline-achaintre-roadrunner-neues-museum-staatliches-museum-fur-kunst-und-design-nurnberg-de-12-fevrier-11-juin-2023\/","title":{"rendered":"Caroline Achaintre, Roadrunner, Neues Museum \u2013 Staatliches Museum f\u00fcr Kunst und Design N\u00fcrnberg\/DE , 12 f\u00e9vrier &#8211; 11 juin 2023"},"content":{"rendered":"\n<figure class=\"wp-block-image size-large\"><img loading=\"lazy\" decoding=\"async\" width=\"1024\" height=\"683\" src=\"http:\/\/www.galerieartconcept.com\/wp-content\/uploads\/CA-2022-Raod-Runner-1024x683.jpg\" alt=\"\" class=\"wp-image-24017\" srcset=\"https:\/\/www.galerieartconcept.com\/wp-content\/uploads\/CA-2022-Raod-Runner-1024x683.jpg 1024w, https:\/\/www.galerieartconcept.com\/wp-content\/uploads\/CA-2022-Raod-Runner-300x200.jpg 300w, https:\/\/www.galerieartconcept.com\/wp-content\/uploads\/CA-2022-Raod-Runner-768x512.jpg 768w, https:\/\/www.galerieartconcept.com\/wp-content\/uploads\/CA-2022-Raod-Runner-1536x1024.jpg 1536w, https:\/\/www.galerieartconcept.com\/wp-content\/uploads\/CA-2022-Raod-Runner-2048x1365.jpg 2048w, https:\/\/www.galerieartconcept.com\/wp-content\/uploads\/CA-2022-Raod-Runner-1200x800.jpg 1200w, https:\/\/www.galerieartconcept.com\/wp-content\/uploads\/CA-2022-Raod-Runner-1980x1320.jpg 1980w\" sizes=\"auto, (max-width: 1024px) 100vw, 1024px\" \/><\/figure>\n\n\n\n<p>L&rsquo;exposition au Neues Museum N\u00fcrnberg a lieu en m\u00eame temps que l&rsquo;exposition Caroline Achaintre. Doppelganger au Mus\u00e9e Lothar Fischer \u00e0 Neumarkt (12 f\u00e9vrier &#8211; 11 juin 2023).<\/p>\n\n\n\n<p><a href=\"https:\/\/www.museen-in-bayern.de\/das-museumsportal\/ausstellungen\/ausstellung.html?tx_landesstelle_searchmuseum%5Baid%5D=10307&amp;tx_landesstelle_searchmuseum%5Bmid%5D=1059&amp;tx_landesstelle_searchmuseum%5BsearchPage%5D=540&amp;tx_landesstelle_searchmuseum%5Baction%5D=showShowroom&amp;tx_landesstelle_searchmuseum%5Bcontroller%5D=Search&amp;cHash=816f046ed2fec3650228f9079b77669e\" data-type=\"URL\" data-id=\"https:\/\/www.museen-in-bayern.de\/das-museumsportal\/ausstellungen\/ausstellung.html?tx_landesstelle_searchmuseum%5Baid%5D=10307&amp;tx_landesstelle_searchmuseum%5Bmid%5D=1059&amp;tx_landesstelle_searchmuseum%5BsearchPage%5D=540&amp;tx_landesstelle_searchmuseum%5Baction%5D=showShowroom&amp;tx_landesstelle_searchmuseum%5Bcontroller%5D=Search&amp;cHash=816f046ed2fec3650228f9079b77669e\">Plus d&rsquo;informations<\/a><\/p>\n","protected":false},"excerpt":{"rendered":"<p>L&rsquo;exposition au Neues Museum N\u00fcrnberg a lieu en m\u00eame temps que l&rsquo;exposition Caroline Achaintre. Doppelganger au Mus\u00e9e Lothar Fischer \u00e0 Neumarkt (12 f\u00e9vrier &#8211; 11 juin 2023). Plus d&rsquo;informations<\/p>\n","protected":false},"author":1,"featured_media":0,"comment_status":"open","ping_status":"open","sticky":false,"template":"","format":"standard","meta":{"footnotes":""},"categories":[9],"tags":[],"class_list":["post-24030","post","type-post","status-publish","format-standard","hentry","category-news-fr"],"_links":{"self":[{"href":"https:\/\/www.galerieartconcept.com\/fr\/wp-json\/wp\/v2\/posts\/24030","targetHints":{"allow":["GET"]}}],"collection":[{"href":"https:\/\/www.galerieartconcept.com\/fr\/wp-json\/wp\/v2\/posts"}],"about":[{"href":"https:\/\/www.galerieartconcept.com\/fr\/wp-json\/wp\/v2\/types\/post"}],"author":[{"embeddable":true,"href":"https:\/\/www.galerieartconcept.com\/fr\/wp-json\/wp\/v2\/users\/1"}],"replies":[{"embeddable":true,"href":"https:\/\/www.galerieartconcept.com\/fr\/wp-json\/wp\/v2\/comments?post=24030"}],"version-history":[{"count":2,"href":"https:\/\/www.galerieartconcept.com\/fr\/wp-json\/wp\/v2\/posts\/24030\/revisions"}],"predecessor-version":[{"id":24032,"href":"https:\/\/www.galerieartconcept.com\/fr\/wp-json\/wp\/v2\/posts\/24030\/revisions\/24032"}],"wp:attachment":[{"href":"https:\/\/www.galerieartconcept.com\/fr\/wp-json\/wp\/v2\/media?parent=24030"}],"wp:term":[{"taxonomy":"category","embeddable":true,"href":"https:\/\/www.galerieartconcept.com\/fr\/wp-json\/wp\/v2\/categories?post=24030"},{"taxonomy":"post_tag","embeddable":true,"href":"https:\/\/www.galerieartconcept.com\/fr\/wp-json\/wp\/v2\/tags?post=24030"}],"curies":[{"name":"wp","href":"https:\/\/api.w.org\/{rel}","templated":true}]}}