{"id":22664,"date":"2023-01-20T10:34:45","date_gmt":"2023-01-20T10:34:45","guid":{"rendered":"http:\/\/www.galerieartconcept.com\/?p=22664"},"modified":"2023-06-07T15:29:54","modified_gmt":"2023-06-07T15:29:54","slug":"jeremy-deller-%e2%80%8bart-is-magic-retrospective-jeremy-deller-la-criee-centre-dart-contemporain-rennes-fr-10-juin-10-septembre-2023","status":"publish","type":"post","link":"https:\/\/www.galerieartconcept.com\/fr\/jeremy-deller-%e2%80%8bart-is-magic-retrospective-jeremy-deller-la-criee-centre-dart-contemporain-rennes-fr-10-juin-10-septembre-2023\/","title":{"rendered":"Jeremy Deller, \u200bArt is Magic, r\u00e9trospective Jeremy Deller, La Cri\u00e9e Centre d&rsquo;art contemporain, Rennes\/FR, 10 juin &#8211; 10 septembre 2023"},"content":{"rendered":"\n<p>Dans le cadre du rendez-vous estival d\u2019art contemporain Exporama, le Mus\u00e9e des beaux-arts, La Cri\u00e9e centre d\u2019art contemporain et le Frac Bretagne s\u2019unissent pour la premi\u00e8re r\u00e9trospective consacr\u00e9e \u00e0 l\u2019artiste britannique Jeremy Deller dans une institution publique fran\u00e7aise.<\/p>\n\n\n\n<p><a href=\"https:\/\/www.la-criee.org\/fr\/\" data-type=\"URL\" data-id=\"https:\/\/www.la-criee.org\/fr\/\">Plus d&rsquo;informations<\/a><\/p>\n","protected":false},"excerpt":{"rendered":"<p>Dans le cadre du rendez-vous estival d\u2019art contemporain Exporama, le Mus\u00e9e des beaux-arts, La Cri\u00e9e centre d\u2019art contemporain et le Frac Bretagne s\u2019unissent pour la premi\u00e8re r\u00e9trospective consacr\u00e9e \u00e0 l\u2019artiste britannique Jeremy Deller dans une institution publique fran\u00e7aise. Plus d&rsquo;informations<\/p>\n","protected":false},"author":1,"featured_media":0,"comment_status":"open","ping_status":"open","sticky":false,"template":"","format":"standard","meta":{"footnotes":""},"categories":[9],"tags":[],"class_list":["post-22664","post","type-post","status-publish","format-standard","hentry","category-news-fr"],"_links":{"self":[{"href":"https:\/\/www.galerieartconcept.com\/fr\/wp-json\/wp\/v2\/posts\/22664","targetHints":{"allow":["GET"]}}],"collection":[{"href":"https:\/\/www.galerieartconcept.com\/fr\/wp-json\/wp\/v2\/posts"}],"about":[{"href":"https:\/\/www.galerieartconcept.com\/fr\/wp-json\/wp\/v2\/types\/post"}],"author":[{"embeddable":true,"href":"https:\/\/www.galerieartconcept.com\/fr\/wp-json\/wp\/v2\/users\/1"}],"replies":[{"embeddable":true,"href":"https:\/\/www.galerieartconcept.com\/fr\/wp-json\/wp\/v2\/comments?post=22664"}],"version-history":[{"count":3,"href":"https:\/\/www.galerieartconcept.com\/fr\/wp-json\/wp\/v2\/posts\/22664\/revisions"}],"predecessor-version":[{"id":22667,"href":"https:\/\/www.galerieartconcept.com\/fr\/wp-json\/wp\/v2\/posts\/22664\/revisions\/22667"}],"wp:attachment":[{"href":"https:\/\/www.galerieartconcept.com\/fr\/wp-json\/wp\/v2\/media?parent=22664"}],"wp:term":[{"taxonomy":"category","embeddable":true,"href":"https:\/\/www.galerieartconcept.com\/fr\/wp-json\/wp\/v2\/categories?post=22664"},{"taxonomy":"post_tag","embeddable":true,"href":"https:\/\/www.galerieartconcept.com\/fr\/wp-json\/wp\/v2\/tags?post=22664"}],"curies":[{"name":"wp","href":"https:\/\/api.w.org\/{rel}","templated":true}]}}