{"id":22621,"date":"2023-01-20T10:12:18","date_gmt":"2023-01-20T10:12:18","guid":{"rendered":"http:\/\/www.galerieartconcept.com\/?p=22621"},"modified":"2023-01-20T10:14:54","modified_gmt":"2023-01-20T10:14:54","slug":"jean-luc-blanc-nina-childress-jeremy-deller-ridiculously-yours-art-awkwardness-and-enthusiasm-deichtorhallen-hamburg-hamburg-de-13-mai-27-aout-2023","status":"publish","type":"post","link":"https:\/\/www.galerieartconcept.com\/fr\/jean-luc-blanc-nina-childress-jeremy-deller-ridiculously-yours-art-awkwardness-and-enthusiasm-deichtorhallen-hamburg-hamburg-de-13-mai-27-aout-2023\/","title":{"rendered":"Jean-Luc Blanc, Nina Childress, Jeremy Deller. Ridiculously Yours?! Art, Awkwardness and Enthusiasm, Deichtorhallen Hamburg\/DE, 13 mai &#8211;  27 ao\u00fbt 2023"},"content":{"rendered":"\n<figure class=\"wp-block-gallery columns-3 is-cropped wp-block-gallery-1 is-layout-flex wp-block-gallery-is-layout-flex\"><ul class=\"blocks-gallery-grid\"><li class=\"blocks-gallery-item\"><figure><img loading=\"lazy\" decoding=\"async\" width=\"1024\" height=\"683\" src=\"http:\/\/www.galerieartconcept.com\/wp-content\/uploads\/B-032_M5A2509-1024x683.jpg\" alt=\"\" data-id=\"22627\" class=\"wp-image-22627\" srcset=\"https:\/\/www.galerieartconcept.com\/wp-content\/uploads\/B-032_M5A2509-1024x683.jpg 1024w, https:\/\/www.galerieartconcept.com\/wp-content\/uploads\/B-032_M5A2509-300x200.jpg 300w, https:\/\/www.galerieartconcept.com\/wp-content\/uploads\/B-032_M5A2509-768x512.jpg 768w, https:\/\/www.galerieartconcept.com\/wp-content\/uploads\/B-032_M5A2509-1536x1024.jpg 1536w, https:\/\/www.galerieartconcept.com\/wp-content\/uploads\/B-032_M5A2509-2048x1365.jpg 2048w, https:\/\/www.galerieartconcept.com\/wp-content\/uploads\/B-032_M5A2509-1200x800.jpg 1200w, https:\/\/www.galerieartconcept.com\/wp-content\/uploads\/B-032_M5A2509-1980x1320.jpg 1980w\" sizes=\"auto, (max-width: 1024px) 100vw, 1024px\" \/><\/figure><\/li><li class=\"blocks-gallery-item\"><figure><img loading=\"lazy\" decoding=\"async\" width=\"1024\" height=\"683\" src=\"http:\/\/www.galerieartconcept.com\/wp-content\/uploads\/F-022_M5A3100-1024x683.jpg\" alt=\"\" data-id=\"22629\" data-link=\"http:\/\/www.galerieartconcept.com\/fr\/?attachment_id=22629\" class=\"wp-image-22629\" srcset=\"https:\/\/www.galerieartconcept.com\/wp-content\/uploads\/F-022_M5A3100-1024x683.jpg 1024w, https:\/\/www.galerieartconcept.com\/wp-content\/uploads\/F-022_M5A3100-300x200.jpg 300w, https:\/\/www.galerieartconcept.com\/wp-content\/uploads\/F-022_M5A3100-768x512.jpg 768w, https:\/\/www.galerieartconcept.com\/wp-content\/uploads\/F-022_M5A3100-1536x1024.jpg 1536w, https:\/\/www.galerieartconcept.com\/wp-content\/uploads\/F-022_M5A3100-2048x1365.jpg 2048w, https:\/\/www.galerieartconcept.com\/wp-content\/uploads\/F-022_M5A3100-1200x800.jpg 1200w, https:\/\/www.galerieartconcept.com\/wp-content\/uploads\/F-022_M5A3100-1980x1320.jpg 1980w\" sizes=\"auto, (max-width: 1024px) 100vw, 1024px\" \/><\/figure><\/li><li class=\"blocks-gallery-item\"><figure><img loading=\"lazy\" decoding=\"async\" width=\"1024\" height=\"683\" src=\"http:\/\/www.galerieartconcept.com\/wp-content\/uploads\/D-013_M5A3978-2-1024x683.jpg\" alt=\"\" data-id=\"22631\" data-full-url=\"http:\/\/www.galerieartconcept.com\/wp-content\/uploads\/D-013_M5A3978-2-scaled.jpg\" data-link=\"http:\/\/www.galerieartconcept.com\/fr\/?attachment_id=22631\" class=\"wp-image-22631\" srcset=\"https:\/\/www.galerieartconcept.com\/wp-content\/uploads\/D-013_M5A3978-2-1024x683.jpg 1024w, https:\/\/www.galerieartconcept.com\/wp-content\/uploads\/D-013_M5A3978-2-300x200.jpg 300w, https:\/\/www.galerieartconcept.com\/wp-content\/uploads\/D-013_M5A3978-2-768x512.jpg 768w, https:\/\/www.galerieartconcept.com\/wp-content\/uploads\/D-013_M5A3978-2-1536x1024.jpg 1536w, https:\/\/www.galerieartconcept.com\/wp-content\/uploads\/D-013_M5A3978-2-2048x1365.jpg 2048w, https:\/\/www.galerieartconcept.com\/wp-content\/uploads\/D-013_M5A3978-2-1200x800.jpg 1200w, https:\/\/www.galerieartconcept.com\/wp-content\/uploads\/D-013_M5A3978-2-1980x1320.jpg 1980w\" sizes=\"auto, (max-width: 1024px) 100vw, 1024px\" \/><\/figure><\/li><\/ul><figcaption class=\"blocks-gallery-caption\">Vue d&rsquo;expositions \/ Installation views Ridiculously Yours! Art, Awkwardness and Enthusiasm. Photo: Mick Vincenz, 2022 \u00a9 Kunst- und Ausstellungshalle der Bundesrepublik Deutschland GmbH<\/figcaption><\/figure>\n\n\n\n<p>S\u00e9rieuse et extr\u00eamement comique, l&rsquo;exposition <em>Ridiculement v\u00f4tre !<\/em> met en lumi\u00e8re l&rsquo;enthousiasme maladroit qui irrigue l&rsquo;art moderne et contemporain, qui n&rsquo;a pas peur de la b\u00eatise ou du d\u00e9raisonnable. Ce parcours comprend des \u0153uvres d&rsquo;une centaine d&rsquo;artistes du monde entier et s&rsquo;\u00e9tend du 18e si\u00e8cle \u00e0 nos jours.<\/p>\n\n\n\n<p><a href=\"https:\/\/www.deichtorhallen.de\/en\/ausstellung\/ernsthaft\" data-type=\"URL\" data-id=\"https:\/\/www.deichtorhallen.de\/en\/ausstellung\/ernsthaft\">Plus d&rsquo;informations <\/a><\/p>\n","protected":false},"excerpt":{"rendered":"<p>S\u00e9rieuse et extr\u00eamement comique, l&rsquo;exposition Ridiculement v\u00f4tre ! met en lumi\u00e8re l&rsquo;enthousiasme maladroit qui irrigue l&rsquo;art moderne et contemporain, qui n&rsquo;a pas peur de la b\u00eatise ou du d\u00e9raisonnable. Ce parcours comprend des \u0153uvres d&rsquo;une centaine d&rsquo;artistes du monde entier et s&rsquo;\u00e9tend du 18e si\u00e8cle \u00e0 nos jours. Plus d&rsquo;informations<\/p>\n","protected":false},"author":1,"featured_media":0,"comment_status":"open","ping_status":"open","sticky":false,"template":"","format":"standard","meta":{"footnotes":""},"categories":[9],"tags":[],"class_list":["post-22621","post","type-post","status-publish","format-standard","hentry","category-news-fr"],"_links":{"self":[{"href":"https:\/\/www.galerieartconcept.com\/fr\/wp-json\/wp\/v2\/posts\/22621","targetHints":{"allow":["GET"]}}],"collection":[{"href":"https:\/\/www.galerieartconcept.com\/fr\/wp-json\/wp\/v2\/posts"}],"about":[{"href":"https:\/\/www.galerieartconcept.com\/fr\/wp-json\/wp\/v2\/types\/post"}],"author":[{"embeddable":true,"href":"https:\/\/www.galerieartconcept.com\/fr\/wp-json\/wp\/v2\/users\/1"}],"replies":[{"embeddable":true,"href":"https:\/\/www.galerieartconcept.com\/fr\/wp-json\/wp\/v2\/comments?post=22621"}],"version-history":[{"count":10,"href":"https:\/\/www.galerieartconcept.com\/fr\/wp-json\/wp\/v2\/posts\/22621\/revisions"}],"predecessor-version":[{"id":22638,"href":"https:\/\/www.galerieartconcept.com\/fr\/wp-json\/wp\/v2\/posts\/22621\/revisions\/22638"}],"wp:attachment":[{"href":"https:\/\/www.galerieartconcept.com\/fr\/wp-json\/wp\/v2\/media?parent=22621"}],"wp:term":[{"taxonomy":"category","embeddable":true,"href":"https:\/\/www.galerieartconcept.com\/fr\/wp-json\/wp\/v2\/categories?post=22621"},{"taxonomy":"post_tag","embeddable":true,"href":"https:\/\/www.galerieartconcept.com\/fr\/wp-json\/wp\/v2\/tags?post=22621"}],"curies":[{"name":"wp","href":"https:\/\/api.w.org\/{rel}","templated":true}]}}