{"id":22612,"date":"2023-01-20T10:00:41","date_gmt":"2023-01-20T10:00:41","guid":{"rendered":"http:\/\/www.galerieartconcept.com\/?p=22612"},"modified":"2023-07-06T10:12:23","modified_gmt":"2023-07-06T10:12:23","slug":"geert-goiris-vandehove-centre-for-architecture-and-art-ghent-university-be-20-avril-27-mai-2023","status":"publish","type":"post","link":"https:\/\/www.galerieartconcept.com\/fr\/geert-goiris-vandehove-centre-for-architecture-and-art-ghent-university-be-20-avril-27-mai-2023\/","title":{"rendered":"Geert Goiris, Vandehove, Centre for Architecture and Art \u2013 Ghent University\/BE.  24 avril &#8211; 17 juin 2023"},"content":{"rendered":"\n<p>La biblioth\u00e8que de l&rsquo;universit\u00e9 de Gand et sa c\u00e9l\u00e8bre tour des livres (Boekentoren), con\u00e7ue par Henry van de Velde dans les ann\u00e9es 1930, a r\u00e9cemment rouvert ses portes apr\u00e8s un long processus de restauration. Bien qu&rsquo;elle c\u00e9l\u00e8bre ce moment festif, cette exposition ne se concentre pas tant sur le b\u00e2timent lui-m\u00eame que sur sa riche imagerie. Au fil des ans, des photographes de renom tels que Lucien Herv\u00e9 et Candida H\u00f6fer ont photographi\u00e9 la tour de la biblioth\u00e8que, tandis que des artistes tels que Jan De Cock et Anne Teresa De Keersmaeker ont r\u00e9alis\u00e9 des installations ou des spectacles de danse dans le b\u00e2timent, document\u00e9s \u00e0 l&rsquo;aide de photographies et de films.<\/p>\n\n\n\n<p>En juxtaposant plusieurs images du m\u00eame b\u00e2timent, cette exposition aborde diff\u00e9rents mod\u00e8les de repr\u00e9sentation architecturale : des photographies architecturales modernistes typiques d&rsquo;Emile Sergysels des ann\u00e9es 1930 aux explorations r\u00e9centes d&rsquo;Aglaia Konrad. En outre, l&rsquo;exposition associe la photographie d&rsquo;architecture \u00e0 une myriade d&rsquo;autres pratiques artistiques et photographiques telles que la photographie documentaire, la photographie de rue, les photos de mode, le photojournalisme, la photographie amateur, la peinture, la vid\u00e9o, et cetera &#8211; avec, bien s\u00fbr, la Tour du Livre comme fil conducteur.<\/p>\n\n\n\n<p>Avec des \u0153uvres de Dirk Braeckman, Kristien Daem, Jan De Cock, Walter De Mulder, Carl De Keyzer, Geert Goiris, Lucien Herv\u00e9, Candida H\u00f6fer, Jan Kempenaers, Aglaia Konrad, Marie-Jo Lafontaine, Agnes Maes, Paul Robbrecht, Fran\u00e7ois Schuiten, Emile Sergysels et Walter Vorjohann, entre autres.<\/p>\n\n\n\n<p><a href=\"https:\/\/www.ugent.be\/vandenhove\/en\" data-type=\"URL\" data-id=\"https:\/\/www.ugent.be\/vandenhove\/en\">Pl<\/a><a href=\"https:\/\/www.ugent.be\/vandenhove\/en\/exhibitions\/book-tower-images\" data-type=\"URL\" data-id=\"https:\/\/www.ugent.be\/vandenhove\/en\/exhibitions\/book-tower-images\">us d&rsquo;information<\/a><\/p>\n","protected":false},"excerpt":{"rendered":"<p>La biblioth\u00e8que de l&rsquo;universit\u00e9 de Gand et sa c\u00e9l\u00e8bre tour des livres (Boekentoren), con\u00e7ue par Henry van de Velde dans les ann\u00e9es 1930, a r\u00e9cemment rouvert ses portes apr\u00e8s un long processus de restauration. Bien qu&rsquo;elle c\u00e9l\u00e8bre ce moment festif, cette exposition ne se concentre pas tant sur le b\u00e2timent lui-m\u00eame que sur sa riche [&hellip;]<\/p>\n","protected":false},"author":1,"featured_media":0,"comment_status":"open","ping_status":"open","sticky":false,"template":"","format":"standard","meta":{"footnotes":""},"categories":[9],"tags":[],"class_list":["post-22612","post","type-post","status-publish","format-standard","hentry","category-news-fr"],"_links":{"self":[{"href":"https:\/\/www.galerieartconcept.com\/fr\/wp-json\/wp\/v2\/posts\/22612","targetHints":{"allow":["GET"]}}],"collection":[{"href":"https:\/\/www.galerieartconcept.com\/fr\/wp-json\/wp\/v2\/posts"}],"about":[{"href":"https:\/\/www.galerieartconcept.com\/fr\/wp-json\/wp\/v2\/types\/post"}],"author":[{"embeddable":true,"href":"https:\/\/www.galerieartconcept.com\/fr\/wp-json\/wp\/v2\/users\/1"}],"replies":[{"embeddable":true,"href":"https:\/\/www.galerieartconcept.com\/fr\/wp-json\/wp\/v2\/comments?post=22612"}],"version-history":[{"count":9,"href":"https:\/\/www.galerieartconcept.com\/fr\/wp-json\/wp\/v2\/posts\/22612\/revisions"}],"predecessor-version":[{"id":26816,"href":"https:\/\/www.galerieartconcept.com\/fr\/wp-json\/wp\/v2\/posts\/22612\/revisions\/26816"}],"wp:attachment":[{"href":"https:\/\/www.galerieartconcept.com\/fr\/wp-json\/wp\/v2\/media?parent=22612"}],"wp:term":[{"taxonomy":"category","embeddable":true,"href":"https:\/\/www.galerieartconcept.com\/fr\/wp-json\/wp\/v2\/categories?post=22612"},{"taxonomy":"post_tag","embeddable":true,"href":"https:\/\/www.galerieartconcept.com\/fr\/wp-json\/wp\/v2\/tags?post=22612"}],"curies":[{"name":"wp","href":"https:\/\/api.w.org\/{rel}","templated":true}]}}