{"id":22459,"date":"2023-01-19T10:45:45","date_gmt":"2023-01-19T10:45:45","guid":{"rendered":"http:\/\/www.galerieartconcept.com\/?p=22459"},"modified":"2023-01-19T10:59:02","modified_gmt":"2023-01-19T10:59:02","slug":"nina-childress-esprit-pop-es-tu-la-plongee-dans-les-annees-pop-les-franciscaines-deauville-fr-28-janvier-25-juin-2023","status":"publish","type":"post","link":"https:\/\/www.galerieartconcept.com\/fr\/nina-childress-esprit-pop-es-tu-la-plongee-dans-les-annees-pop-les-franciscaines-deauville-fr-28-janvier-25-juin-2023\/","title":{"rendered":"Nina Childress, Esprit POP, es-tu l\u00e0 ? PLONG\u00c9E DANS LES ANN\u00c9ES POP, Les Franciscaines, Deauville\/FR, 28 janvier &#8211; 25 juin 2023"},"content":{"rendered":"\n<figure class=\"wp-block-image size-large\"><img loading=\"lazy\" decoding=\"async\" width=\"768\" height=\"1024\" src=\"http:\/\/www.galerieartconcept.com\/wp-content\/uploads\/NC-768x1024.jpg\" alt=\"\" class=\"wp-image-22454\" srcset=\"https:\/\/www.galerieartconcept.com\/wp-content\/uploads\/NC-768x1024.jpg 768w, https:\/\/www.galerieartconcept.com\/wp-content\/uploads\/NC-225x300.jpg 225w, https:\/\/www.galerieartconcept.com\/wp-content\/uploads\/NC-1152x1536.jpg 1152w, https:\/\/www.galerieartconcept.com\/wp-content\/uploads\/NC-1536x2048.jpg 1536w, https:\/\/www.galerieartconcept.com\/wp-content\/uploads\/NC-1200x1600.jpg 1200w, https:\/\/www.galerieartconcept.com\/wp-content\/uploads\/NC-1980x2641.jpg 1980w, https:\/\/www.galerieartconcept.com\/wp-content\/uploads\/NC-scaled.jpg 1920w\" sizes=\"auto, (max-width: 768px) 100vw, 768px\" \/><figcaption>Nina Childress, Portrait de Sylvie Vartan, 1986. Acrylique, huile, collage sur toile, encadr\u00e9 \/ Acrylic, oil, collage on canvas, framed. 40 \u00d7 60 cm (15 \u00be \u00d7 23 \u215d inches)<\/figcaption><\/figure>\n\n\n\n<p>Une r\u00e9flexion sur ce que les ann\u00e9es soixante, ann\u00e9es pop, ont apport\u00e9 et continuent d\u2019inspirer sur le plan esth\u00e9tique.<br>Un regard est pos\u00e9 soixante ans apr\u00e8s, sur cette soci\u00e9t\u00e9 dite, parfois avec ironie, \u00ab&nbsp;heureuse&nbsp;\u00bb, pour mieux comprendre ce qui pourrait faire d\u00e9faut \u00e0 la n\u00f4tre.<\/p>\n\n\n\n<p>Andy Warhol, Roy Lichtenstein, dialoguent avec William Klein, David La Chapelle et Nina Childress.<\/p>\n\n\n\n<p><a href=\"https:\/\/lesfranciscaines.fr\/fr\/programmation\/esprit-pop-es-tu-la\" data-type=\"URL\" data-id=\"https:\/\/lesfranciscaines.fr\/fr\/programmation\/esprit-pop-es-tu-la\">Plus d&rsquo;informations<\/a><\/p>\n","protected":false},"excerpt":{"rendered":"<p>Une r\u00e9flexion sur ce que les ann\u00e9es soixante, ann\u00e9es pop, ont apport\u00e9 et continuent d\u2019inspirer sur le plan esth\u00e9tique.Un regard est pos\u00e9 soixante ans apr\u00e8s, sur cette soci\u00e9t\u00e9 dite, parfois avec ironie, \u00ab&nbsp;heureuse&nbsp;\u00bb, pour mieux comprendre ce qui pourrait faire d\u00e9faut \u00e0 la n\u00f4tre. Andy Warhol, Roy Lichtenstein, dialoguent avec William Klein, David La Chapelle [&hellip;]<\/p>\n","protected":false},"author":1,"featured_media":0,"comment_status":"open","ping_status":"open","sticky":false,"template":"","format":"standard","meta":{"footnotes":""},"categories":[9],"tags":[],"class_list":["post-22459","post","type-post","status-publish","format-standard","hentry","category-news-fr"],"_links":{"self":[{"href":"https:\/\/www.galerieartconcept.com\/fr\/wp-json\/wp\/v2\/posts\/22459","targetHints":{"allow":["GET"]}}],"collection":[{"href":"https:\/\/www.galerieartconcept.com\/fr\/wp-json\/wp\/v2\/posts"}],"about":[{"href":"https:\/\/www.galerieartconcept.com\/fr\/wp-json\/wp\/v2\/types\/post"}],"author":[{"embeddable":true,"href":"https:\/\/www.galerieartconcept.com\/fr\/wp-json\/wp\/v2\/users\/1"}],"replies":[{"embeddable":true,"href":"https:\/\/www.galerieartconcept.com\/fr\/wp-json\/wp\/v2\/comments?post=22459"}],"version-history":[{"count":5,"href":"https:\/\/www.galerieartconcept.com\/fr\/wp-json\/wp\/v2\/posts\/22459\/revisions"}],"predecessor-version":[{"id":22479,"href":"https:\/\/www.galerieartconcept.com\/fr\/wp-json\/wp\/v2\/posts\/22459\/revisions\/22479"}],"wp:attachment":[{"href":"https:\/\/www.galerieartconcept.com\/fr\/wp-json\/wp\/v2\/media?parent=22459"}],"wp:term":[{"taxonomy":"category","embeddable":true,"href":"https:\/\/www.galerieartconcept.com\/fr\/wp-json\/wp\/v2\/categories?post=22459"},{"taxonomy":"post_tag","embeddable":true,"href":"https:\/\/www.galerieartconcept.com\/fr\/wp-json\/wp\/v2\/tags?post=22459"}],"curies":[{"name":"wp","href":"https:\/\/api.w.org\/{rel}","templated":true}]}}