{"id":20697,"date":"2022-12-01T15:00:16","date_gmt":"2022-12-01T15:00:16","guid":{"rendered":"http:\/\/www.galerieartconcept.com\/?p=20697"},"modified":"2022-12-01T15:00:16","modified_gmt":"2022-12-01T15:00:16","slug":"michel-blazy-noel-en-septembre-montpeyroux-occitanie-inauguration-4-decembre-2022","status":"publish","type":"post","link":"https:\/\/www.galerieartconcept.com\/fr\/michel-blazy-noel-en-septembre-montpeyroux-occitanie-inauguration-4-decembre-2022\/","title":{"rendered":"Michel Blazy, No\u00ebl en septembre, Montpeyroux (Occitanie). Inauguration 4 d\u00e9cembre 2022"},"content":{"rendered":"\n<figure class=\"wp-block-image size-large\"><img loading=\"lazy\" decoding=\"async\" width=\"714\" height=\"1024\" src=\"http:\/\/www.galerieartconcept.com\/wp-content\/uploads\/Michel_Blazy_NOEL_EN_SEPTEMBRE-714x1024.jpg\" alt=\"\" class=\"wp-image-20692\" srcset=\"https:\/\/www.galerieartconcept.com\/wp-content\/uploads\/Michel_Blazy_NOEL_EN_SEPTEMBRE-714x1024.jpg 714w, https:\/\/www.galerieartconcept.com\/wp-content\/uploads\/Michel_Blazy_NOEL_EN_SEPTEMBRE-209x300.jpg 209w, https:\/\/www.galerieartconcept.com\/wp-content\/uploads\/Michel_Blazy_NOEL_EN_SEPTEMBRE-768x1102.jpg 768w, https:\/\/www.galerieartconcept.com\/wp-content\/uploads\/Michel_Blazy_NOEL_EN_SEPTEMBRE-1071x1536.jpg 1071w, https:\/\/www.galerieartconcept.com\/wp-content\/uploads\/Michel_Blazy_NOEL_EN_SEPTEMBRE-1200x1721.jpg 1200w, https:\/\/www.galerieartconcept.com\/wp-content\/uploads\/Michel_Blazy_NOEL_EN_SEPTEMBRE.jpg 1280w\" sizes=\"auto, (max-width: 714px) 100vw, 714px\" \/><\/figure>\n\n\n\n<p>Michel Blazy inaugure son \u0153uvre \u2018No\u00ebl en septembre\u2019 (2022) le 4 d\u00e9cembre 2022 \u00e0 Montpeyroux (Occitanie). Temporaire et r\u00e9activable, elle fait partie du programme de commande d\u2019\u0153uvres pour l\u2019espace public lanc\u00e9 par le Cnap, \u00e0 l&rsquo;initiative du minist\u00e8re de la Culture, et en partenariat avec des collectivit\u00e9s territoriales.&nbsp;<\/p>\n\n\n\n<p>Avec No\u00ebl en septembre, Michel Blazy propose \u00e0 tous les habitants de la collectivit\u00e9 de d\u00e9corer un sapin et de le conserver apr\u00e8s les f\u00eates, inventant ainsi un \u00ab rituel de survie de l\u2019esprit de No\u00ebl \u00bb. Les graines de haricots plant\u00e9s au pied du sapin produiront des pousses qui s\u2019\u00e9panouiront sur l\u2019arbre comme des guirlandes d\u00e9coratives ; apr\u00e8s leur r\u00e9colte, les haricots seront transform\u00e9s en cr\u00e8me et d\u00e9gust\u00e9s collectivement.&nbsp;<\/p>\n\n\n\n<p><em>No\u00ebl en Septembre <\/em>est une commande du Centre national des arts plastiques en partenariat avec le village de Montpeyroux et l&rsquo;association Les Champs d&rsquo;Utopies.<\/p>\n\n\n\n<p><a href=\"https:\/\/www.cnap.fr\/inauguration-de-noel-en-septembre-par-michel-blazy-montpeyroux\" data-type=\"URL\" data-id=\"https:\/\/www.cnap.fr\/inauguration-de-noel-en-septembre-par-michel-blazy-montpeyroux\">Plus d&rsquo;informations<\/a><\/p>\n","protected":false},"excerpt":{"rendered":"<p>Michel Blazy inaugure son \u0153uvre \u2018No\u00ebl en septembre\u2019 (2022) le 4 d\u00e9cembre 2022 \u00e0 Montpeyroux (Occitanie). Temporaire et r\u00e9activable, elle fait partie du programme de commande d\u2019\u0153uvres pour l\u2019espace public lanc\u00e9 par le Cnap, \u00e0 l&rsquo;initiative du minist\u00e8re de la Culture, et en partenariat avec des collectivit\u00e9s territoriales.&nbsp; Avec No\u00ebl en septembre, Michel Blazy propose [&hellip;]<\/p>\n","protected":false},"author":1,"featured_media":0,"comment_status":"open","ping_status":"open","sticky":false,"template":"","format":"standard","meta":{"footnotes":""},"categories":[9],"tags":[],"class_list":["post-20697","post","type-post","status-publish","format-standard","hentry","category-news-fr"],"_links":{"self":[{"href":"https:\/\/www.galerieartconcept.com\/fr\/wp-json\/wp\/v2\/posts\/20697","targetHints":{"allow":["GET"]}}],"collection":[{"href":"https:\/\/www.galerieartconcept.com\/fr\/wp-json\/wp\/v2\/posts"}],"about":[{"href":"https:\/\/www.galerieartconcept.com\/fr\/wp-json\/wp\/v2\/types\/post"}],"author":[{"embeddable":true,"href":"https:\/\/www.galerieartconcept.com\/fr\/wp-json\/wp\/v2\/users\/1"}],"replies":[{"embeddable":true,"href":"https:\/\/www.galerieartconcept.com\/fr\/wp-json\/wp\/v2\/comments?post=20697"}],"version-history":[{"count":4,"href":"https:\/\/www.galerieartconcept.com\/fr\/wp-json\/wp\/v2\/posts\/20697\/revisions"}],"predecessor-version":[{"id":20701,"href":"https:\/\/www.galerieartconcept.com\/fr\/wp-json\/wp\/v2\/posts\/20697\/revisions\/20701"}],"wp:attachment":[{"href":"https:\/\/www.galerieartconcept.com\/fr\/wp-json\/wp\/v2\/media?parent=20697"}],"wp:term":[{"taxonomy":"category","embeddable":true,"href":"https:\/\/www.galerieartconcept.com\/fr\/wp-json\/wp\/v2\/categories?post=20697"},{"taxonomy":"post_tag","embeddable":true,"href":"https:\/\/www.galerieartconcept.com\/fr\/wp-json\/wp\/v2\/tags?post=20697"}],"curies":[{"name":"wp","href":"https:\/\/api.w.org\/{rel}","templated":true}]}}