{"id":20596,"date":"2022-11-13T18:00:51","date_gmt":"2022-11-13T18:00:51","guid":{"rendered":"http:\/\/www.galerieartconcept.com\/ulla-von-brandenburg-le-parti-pris-des-choses-centre-photographique-rouen-normandie-november-17-2022-march-18-2023\/"},"modified":"2022-11-17T16:38:32","modified_gmt":"2022-11-17T16:38:32","slug":"ulla-von-brandenburg-le-parti-pris-des-choses-centre-photographique-rouen-normandie-november-17-2022-march-18-2023","status":"publish","type":"post","link":"https:\/\/www.galerieartconcept.com\/fr\/ulla-von-brandenburg-le-parti-pris-des-choses-centre-photographique-rouen-normandie-november-17-2022-march-18-2023\/","title":{"rendered":"Ulla von Brandenburg, Le parti pris des choses, Centre Photographique Rouen Normandie. 19 novembre 2022 &#8211; 18 mars 2023"},"content":{"rendered":"\n<figure class=\"wp-block-embed is-type-video is-provider-vimeo wp-block-embed-vimeo wp-embed-aspect-16-9 wp-has-aspect-ratio\"><div class=\"wp-block-embed__wrapper\">\n<iframe loading=\"lazy\" title=\"UVB-2009-The Objects.mp4\" src=\"https:\/\/player.vimeo.com\/video\/772079616?dnt=1&amp;app_id=122963\" width=\"580\" height=\"326\" frameborder=\"0\" allow=\"autoplay; fullscreen; picture-in-picture; clipboard-write\"><\/iframe>\n<\/div><figcaption>Ulla von Brandenburg, The Objects, 2009. Film super 16 mm n&amp;b transf\u00e9r\u00e9 sur HD &amp; dvd blu-ray, sans son, en boucle. 4 min 45 sec. Edition of 5 plus II AP. Courtesy de l&rsquo;artiste et Art : Concept (Paris) ; Meyer Riegger (Berlin\/Karlsruhe) ; Pilar Corrias Gallery (London); Produzentengalerie Hamburg (Hambourg).<\/figcaption><\/figure>\n\n\n\n<p>Dans l\u2019atelier, entre les murs de leur maison-studio, les artistes r\u00e9uni.es ici prennent pour objets cuill\u00e8res, patates, brosses \u00e0 dents jusqu\u2019\u00e0 l\u2019indispensable t\u00e9l\u00e9phone portable : toutes choses opportun\u00e9ment banales. En leur compagnie, les artistes entreprennent de \u00ab d\u00e9saffubler \u00bb leur m\u00e9dium, qu\u2019il soit photographie ou vid\u00e9o. \u00ab Rien n\u2019est plus r\u00e9jouissant, d\u00e9clarait encore Francis Ponge[auteur du Parti pris des choses (1942)], que la constante insurrection des choses contre les images qu\u2019on leur impose. Les choses n\u2019acceptent pas de rester sages comme des images. \u00bb<\/p>\n\n\n\n<p>R\u00e9alis\u00e9 \u00e0 Paris \u00e0 l\u2019automne 2009, The Objects est un film noir et blanc o\u00f9 Ulla von Brandenburg explore \u00e0 nouveau le th\u00e8me du tableau vivant. Dans cette vid\u00e9o, l\u2019artiste rejette la pr\u00e9sence de l\u2019humain, qui dispara\u00eet totalement pour laisser sa place \u00e0 des objets ; objets du quotidien ou usuels qui prennent vie peu \u00e0 peu \u00e0 l\u2019approche de la cam\u00e9ra.<\/p>\n\n\n\n<p><a href=\"https:\/\/centrephotographique.com\/202211180800-vernissage-le-parti-pris-des-choses\/\" data-type=\"URL\" data-id=\"https:\/\/centrephotographique.com\/202211180800-vernissage-le-parti-pris-des-choses\/\">Plus d&rsquo;informations<\/a><\/p>\n","protected":false},"excerpt":{"rendered":"<p>Dans l\u2019atelier, entre les murs de leur maison-studio, les artistes r\u00e9uni.es ici prennent pour objets cuill\u00e8res, patates, brosses \u00e0 dents jusqu\u2019\u00e0 l\u2019indispensable t\u00e9l\u00e9phone portable : toutes choses opportun\u00e9ment banales. En leur compagnie, les artistes entreprennent de \u00ab d\u00e9saffubler \u00bb leur m\u00e9dium, qu\u2019il soit photographie ou vid\u00e9o. \u00ab Rien n\u2019est plus r\u00e9jouissant, d\u00e9clarait encore Francis Ponge[auteur [&hellip;]<\/p>\n","protected":false},"author":1,"featured_media":0,"comment_status":"open","ping_status":"open","sticky":false,"template":"","format":"standard","meta":{"footnotes":""},"categories":[9],"tags":[],"class_list":["post-20596","post","type-post","status-publish","format-standard","hentry","category-news-fr"],"_links":{"self":[{"href":"https:\/\/www.galerieartconcept.com\/fr\/wp-json\/wp\/v2\/posts\/20596","targetHints":{"allow":["GET"]}}],"collection":[{"href":"https:\/\/www.galerieartconcept.com\/fr\/wp-json\/wp\/v2\/posts"}],"about":[{"href":"https:\/\/www.galerieartconcept.com\/fr\/wp-json\/wp\/v2\/types\/post"}],"author":[{"embeddable":true,"href":"https:\/\/www.galerieartconcept.com\/fr\/wp-json\/wp\/v2\/users\/1"}],"replies":[{"embeddable":true,"href":"https:\/\/www.galerieartconcept.com\/fr\/wp-json\/wp\/v2\/comments?post=20596"}],"version-history":[{"count":4,"href":"https:\/\/www.galerieartconcept.com\/fr\/wp-json\/wp\/v2\/posts\/20596\/revisions"}],"predecessor-version":[{"id":20605,"href":"https:\/\/www.galerieartconcept.com\/fr\/wp-json\/wp\/v2\/posts\/20596\/revisions\/20605"}],"wp:attachment":[{"href":"https:\/\/www.galerieartconcept.com\/fr\/wp-json\/wp\/v2\/media?parent=20596"}],"wp:term":[{"taxonomy":"category","embeddable":true,"href":"https:\/\/www.galerieartconcept.com\/fr\/wp-json\/wp\/v2\/categories?post=20596"},{"taxonomy":"post_tag","embeddable":true,"href":"https:\/\/www.galerieartconcept.com\/fr\/wp-json\/wp\/v2\/tags?post=20596"}],"curies":[{"name":"wp","href":"https:\/\/api.w.org\/{rel}","templated":true}]}}