{"id":19816,"date":"2022-05-20T14:43:53","date_gmt":"2022-05-20T14:43:53","guid":{"rendered":"http:\/\/www.galerieartconcept.com\/?p=19816"},"modified":"2024-06-24T15:39:24","modified_gmt":"2024-06-24T15:39:24","slug":"ulla-von-brandenburg-masque-et-surtout-secret-le-safran-amiens-9-septembre-20-octobre-2022","status":"publish","type":"post","link":"https:\/\/www.galerieartconcept.com\/fr\/ulla-von-brandenburg-masque-et-surtout-secret-le-safran-amiens-9-septembre-20-octobre-2022\/","title":{"rendered":"Ulla von Brandenburg, Masqu\u00e9 et surtout secret, Le Safran, Amiens, 9 septembre &#8211; 20 octobre 2022"},"content":{"rendered":"\n<figure class=\"wp-block-image size-large\"><img loading=\"lazy\" decoding=\"async\" width=\"1024\" height=\"683\" src=\"https:\/\/www.galerieartconcept.com\/wp-content\/uploads\/UVB-2022-Safran-Amiens-12-1024x683.jpg\" alt=\"\" class=\"wp-image-31783\" srcset=\"https:\/\/www.galerieartconcept.com\/wp-content\/uploads\/UVB-2022-Safran-Amiens-12-1024x683.jpg 1024w, https:\/\/www.galerieartconcept.com\/wp-content\/uploads\/UVB-2022-Safran-Amiens-12-300x200.jpg 300w, https:\/\/www.galerieartconcept.com\/wp-content\/uploads\/UVB-2022-Safran-Amiens-12-768x512.jpg 768w, https:\/\/www.galerieartconcept.com\/wp-content\/uploads\/UVB-2022-Safran-Amiens-12-1536x1024.jpg 1536w, https:\/\/www.galerieartconcept.com\/wp-content\/uploads\/UVB-2022-Safran-Amiens-12-2048x1365.jpg 2048w, https:\/\/www.galerieartconcept.com\/wp-content\/uploads\/UVB-2022-Safran-Amiens-12-1200x800.jpg 1200w, https:\/\/www.galerieartconcept.com\/wp-content\/uploads\/UVB-2022-Safran-Amiens-12-1980x1320.jpg 1980w\" sizes=\"auto, (max-width: 1024px) 100vw, 1024px\" \/><figcaption><strong>Vue d\u2019exposition Ulla von Brandenburg \u2013 Masqu\u00e9 et surtout secret, Le Safran \u2013 Sc\u00e8ne conventionn\u00e9e, Amiens, 2022. Photos \u00a9 Le Safran<\/strong><\/figcaption><\/figure>\n\n\n\n<p>Le Safran sc\u00e8ne conventionn\u00e9e, Amiens<br>Les \u0153uvres sur papier d\u2019Ulla von Brandenburg sont probablement la dimension la moins connue de sa cr\u00e9ation.<br>Le Safran mettra en avant les aquarelles de l\u2019artiste au c\u0153ur d\u2019une exp\u00e9rience spatiale immersive dans laquelle dialogueront couleurs picturales et couleurs textiles.<\/p>\n\n\n\n<p><a href=\"https:\/\/www.amiens.fr\/Vivre-a-Amiens\/Culture-Patrimoine\/Etablissements-culturels\/Le-Safran\" data-type=\"URL\" data-id=\"https:\/\/www.amiens.fr\/Vivre-a-Amiens\/Culture-Patrimoine\/Etablissements-culturels\/Le-Safran\">P<\/a><a href=\"https:\/\/www.amiens.fr\/Liens-utiles\/JDA\/Les-plus-du-JDA\/archives\/2022\/L-art-theatral-d-Ulla-von-Brandenburg\" data-type=\"URL\" data-id=\"https:\/\/www.amiens.fr\/Liens-utiles\/JDA\/Les-plus-du-JDA\/archives\/2022\/L-art-theatral-d-Ulla-von-Brandenburg\">lus d&rsquo;informations<\/a><\/p>\n","protected":false},"excerpt":{"rendered":"<p>Le Safran sc\u00e8ne conventionn\u00e9e, AmiensLes \u0153uvres sur papier d\u2019Ulla von Brandenburg sont probablement la dimension la moins connue de sa cr\u00e9ation.Le Safran mettra en avant les aquarelles de l\u2019artiste au c\u0153ur d\u2019une exp\u00e9rience spatiale immersive dans laquelle dialogueront couleurs picturales et couleurs textiles. Plus d&rsquo;informations<\/p>\n","protected":false},"author":1,"featured_media":0,"comment_status":"open","ping_status":"open","sticky":false,"template":"","format":"standard","meta":{"footnotes":""},"categories":[9],"tags":[],"class_list":["post-19816","post","type-post","status-publish","format-standard","hentry","category-news-fr"],"_links":{"self":[{"href":"https:\/\/www.galerieartconcept.com\/fr\/wp-json\/wp\/v2\/posts\/19816","targetHints":{"allow":["GET"]}}],"collection":[{"href":"https:\/\/www.galerieartconcept.com\/fr\/wp-json\/wp\/v2\/posts"}],"about":[{"href":"https:\/\/www.galerieartconcept.com\/fr\/wp-json\/wp\/v2\/types\/post"}],"author":[{"embeddable":true,"href":"https:\/\/www.galerieartconcept.com\/fr\/wp-json\/wp\/v2\/users\/1"}],"replies":[{"embeddable":true,"href":"https:\/\/www.galerieartconcept.com\/fr\/wp-json\/wp\/v2\/comments?post=19816"}],"version-history":[{"count":6,"href":"https:\/\/www.galerieartconcept.com\/fr\/wp-json\/wp\/v2\/posts\/19816\/revisions"}],"predecessor-version":[{"id":31785,"href":"https:\/\/www.galerieartconcept.com\/fr\/wp-json\/wp\/v2\/posts\/19816\/revisions\/31785"}],"wp:attachment":[{"href":"https:\/\/www.galerieartconcept.com\/fr\/wp-json\/wp\/v2\/media?parent=19816"}],"wp:term":[{"taxonomy":"category","embeddable":true,"href":"https:\/\/www.galerieartconcept.com\/fr\/wp-json\/wp\/v2\/categories?post=19816"},{"taxonomy":"post_tag","embeddable":true,"href":"https:\/\/www.galerieartconcept.com\/fr\/wp-json\/wp\/v2\/tags?post=19816"}],"curies":[{"name":"wp","href":"https:\/\/api.w.org\/{rel}","templated":true}]}}