{"id":19663,"date":"2022-08-30T01:00:03","date_gmt":"2022-08-30T01:00:03","guid":{"rendered":"http:\/\/www.galerieartconcept.com\/?p=19663"},"modified":"2024-06-24T14:44:16","modified_gmt":"2024-06-24T14:44:16","slug":"jeremy-deller-warning-graphic-content-the-civic-barnsley-1-octobre-1-decembre-2022","status":"publish","type":"post","link":"https:\/\/www.galerieartconcept.com\/fr\/jeremy-deller-warning-graphic-content-the-civic-barnsley-1-octobre-1-decembre-2022\/","title":{"rendered":"Jeremy Deller, Warning Graphic Content, The Civic, Barnsley, 21 octobre 2022 &#8211; 14 janvier 2023"},"content":{"rendered":"\n<figure class=\"wp-block-embed is-type-video is-provider-youtube wp-block-embed-youtube wp-embed-aspect-16-9 wp-has-aspect-ratio\"><div class=\"wp-block-embed__wrapper\">\n<iframe loading=\"lazy\" title=\"Warning Graphic Content by Jeremy Deller launches at The Civic Barnsley\" width=\"580\" height=\"326\" src=\"https:\/\/www.youtube.com\/embed\/ScXb4stiNnc?feature=oembed\" frameborder=\"0\" allow=\"accelerometer; autoplay; clipboard-write; encrypted-media; gyroscope; picture-in-picture; web-share\" referrerpolicy=\"strict-origin-when-cross-origin\" allowfullscreen><\/iframe>\n<\/div><\/figure>\n\n\n\n<p>Cet automne, le Civic \u00e0 Barnsley a le plaisir d&rsquo;accueillir l&rsquo;exposition itin\u00e9rante <em>Warning Graphic Content<\/em>, organis\u00e9e par le Modern Institute de Glasgow et Art : Concept \u00e0 Paris. L&rsquo;exposition rassemble toutes les \u0153uvres imprim\u00e9es et les affiches de Jeremy Deller de 1993 \u00e0 2021.<\/p>\n\n\n\n<p>L&rsquo;exposition est une r\u00e9trospective et un compte-rendu chronologique de la pens\u00e9e de Deller, une manifestation visuelle de ses int\u00e9r\u00eats et de son plaidoyer continus &#8211; et changeants. Alliant le po\u00e9tique au pol\u00e9mique, les affiches et panneaux de Jeremy Deller ont pris une dimension plus urgente, voire politique, au fil des ans.<\/p>\n\n\n\n<p><a href=\"https:\/\/barnsleycivic.co.uk\/gallery\/\" data-type=\"URL\" data-id=\"https:\/\/barnsleycivic.co.uk\/gallery\/\">Plus d&rsquo;informations<\/a><\/p>\n","protected":false},"excerpt":{"rendered":"<p>Cet automne, le Civic \u00e0 Barnsley a le plaisir d&rsquo;accueillir l&rsquo;exposition itin\u00e9rante Warning Graphic Content, organis\u00e9e par le Modern Institute de Glasgow et Art : Concept \u00e0 Paris. L&rsquo;exposition rassemble toutes les \u0153uvres imprim\u00e9es et les affiches de Jeremy Deller de 1993 \u00e0 2021. L&rsquo;exposition est une r\u00e9trospective et un compte-rendu chronologique de la pens\u00e9e [&hellip;]<\/p>\n","protected":false},"author":1,"featured_media":0,"comment_status":"open","ping_status":"open","sticky":false,"template":"","format":"standard","meta":{"footnotes":""},"categories":[9],"tags":[],"class_list":["post-19663","post","type-post","status-publish","format-standard","hentry","category-news-fr"],"_links":{"self":[{"href":"https:\/\/www.galerieartconcept.com\/fr\/wp-json\/wp\/v2\/posts\/19663","targetHints":{"allow":["GET"]}}],"collection":[{"href":"https:\/\/www.galerieartconcept.com\/fr\/wp-json\/wp\/v2\/posts"}],"about":[{"href":"https:\/\/www.galerieartconcept.com\/fr\/wp-json\/wp\/v2\/types\/post"}],"author":[{"embeddable":true,"href":"https:\/\/www.galerieartconcept.com\/fr\/wp-json\/wp\/v2\/users\/1"}],"replies":[{"embeddable":true,"href":"https:\/\/www.galerieartconcept.com\/fr\/wp-json\/wp\/v2\/comments?post=19663"}],"version-history":[{"count":11,"href":"https:\/\/www.galerieartconcept.com\/fr\/wp-json\/wp\/v2\/posts\/19663\/revisions"}],"predecessor-version":[{"id":31751,"href":"https:\/\/www.galerieartconcept.com\/fr\/wp-json\/wp\/v2\/posts\/19663\/revisions\/31751"}],"wp:attachment":[{"href":"https:\/\/www.galerieartconcept.com\/fr\/wp-json\/wp\/v2\/media?parent=19663"}],"wp:term":[{"taxonomy":"category","embeddable":true,"href":"https:\/\/www.galerieartconcept.com\/fr\/wp-json\/wp\/v2\/categories?post=19663"},{"taxonomy":"post_tag","embeddable":true,"href":"https:\/\/www.galerieartconcept.com\/fr\/wp-json\/wp\/v2\/tags?post=19663"}],"curies":[{"name":"wp","href":"https:\/\/api.w.org\/{rel}","templated":true}]}}