{"id":19562,"date":"2022-05-20T14:14:36","date_gmt":"2022-05-20T14:14:36","guid":{"rendered":"http:\/\/www.galerieartconcept.com\/?p=19562"},"modified":"2024-06-24T15:51:07","modified_gmt":"2024-06-24T15:51:07","slug":"jakob-kassay-youhu-kieselbach-galeria-july-15-2022-august-12-2022","status":"publish","type":"post","link":"https:\/\/www.galerieartconcept.com\/fr\/jakob-kassay-youhu-kieselbach-galeria-july-15-2022-august-12-2022\/","title":{"rendered":"Jakob Kassay, Youhu, Kieselbach Gal\u00e9ria, , Budapest\/HUN, 15 juillet &#8211; 12 ao\u00fbt 2022"},"content":{"rendered":"\n<figure class=\"wp-block-image size-full\"><img loading=\"lazy\" decoding=\"async\" width=\"945\" height=\"632\" src=\"http:\/\/www.galerieartconcept.com\/wp-content\/uploads\/Capture-de\u0301cran-2024-06-24-a\u0300-17.46.19.png\" alt=\"\" class=\"wp-image-31794\" srcset=\"https:\/\/www.galerieartconcept.com\/wp-content\/uploads\/Capture-de\u0301cran-2024-06-24-a\u0300-17.46.19.png 945w, https:\/\/www.galerieartconcept.com\/wp-content\/uploads\/Capture-de\u0301cran-2024-06-24-a\u0300-17.46.19-300x201.png 300w, https:\/\/www.galerieartconcept.com\/wp-content\/uploads\/Capture-de\u0301cran-2024-06-24-a\u0300-17.46.19-768x514.png 768w\" sizes=\"auto, (max-width: 945px) 100vw, 945px\" \/><figcaption>Vue d&rsquo;exposition \/ installation view Youhu, <meta charset=\"utf-8\">2022, Kieselbach Gal\u00e9ria, Budapest\/HUN<\/figcaption><\/figure>\n\n\n\n<p><strong>Youhu est une exposition collective unique des meilleurs artistes hongrois de la g\u00e9n\u00e9ration Y, pr\u00e9sent\u00e9e \u00e0 la galerie Kieselbach. Ce sont ces jeunes qui ont \u00e9crit l&rsquo;histoire de l&rsquo;art de la derni\u00e8re d\u00e9cennie.<\/strong><\/p>\n\n\n\n<p>Une exposition collective d&rsquo;art dans la galerie Kieselbach.<\/p>\n\n\n\n<p>LES ARTISTES ET LES COLLECTIFS : Zs\u00f3fi Barab\u00e1s, R\u00f3bert Batyk\u00f3, D\u00e1niel Bern\u00e1th, Szilvia Bolla, L\u0151rinc Borsos, Szabolcs Boz\u00f3, J\u00f3zsef Csat\u00f3, Andr\u00e1s Cs\u00e9falvay, \u00c1d\u00e1m Dallos, M\u00e1t\u00e9 Dobokay, EJTECH, S\u00e1ri Ember, M\u00e1ty\u00e1s Erm\u00e9nyi, \u00c1kos Ezer, M\u00e1rk Fridvalszki, Kitti Gosztola, Andrea \u00c9va Gy\u0151ri, Hollow, M\u00f3nika K\u00e1r\u00e1ndi, Jacob Kassay, Josef Kristofoletti, Zs\u00f3fia Keresztes, Botond Keresztesi, Judit Kis, Csaba Kis R\u00f3ka, Adrian Kiss, G\u00e1bor Krist\u00f3f, \u00c1ron K\u00fatv\u00f6lgyi-Szab\u00f3, Bence Magyarlaki, Mira Dalma Makai, Tam\u00e1s Melkovics, Zsuzsa Moizer, Zsolt Moln\u00e1r, M\u00e1rton Nemes, G\u00e1bor Pint\u00e9r, P\u00e9ter Puklus, Andi Schmied, Rita S\u00fcveges, Menyh\u00e9rt Szab\u00f3, Borb\u00e1la Sz\u00e1nt\u00f3, Gerg\u0151 Szinyova, Kata Tranker, \u00c1d\u00e1m Ulbert<\/p>\n\n\n\n<p>LES CURATEURS : Zita S\u00e1rv\u00e1ri &amp; G\u00e1bor Rieder<\/p>\n\n\n\n<p>LE LIEU : Galerie Kieselbach<\/p>\n\n\n\n<p>15 juillet &#8211; 12 ao\u00fbt 2022 (du lundi au vendredi)<\/p>\n\n\n\n<p><a href=\"https:\/\/www.kieselbach.hu\/exhibition\/youhu-kiallitas-en-118\" data-type=\"URL\" data-id=\"https:\/\/www.kieselbach.hu\/exhibition\/youhu-kiallitas-en-118\">Plus d&rsquo;informations<\/a><\/p>\n","protected":false},"excerpt":{"rendered":"<p>Youhu est une exposition collective unique des meilleurs artistes hongrois de la g\u00e9n\u00e9ration Y, pr\u00e9sent\u00e9e \u00e0 la galerie Kieselbach. Ce sont ces jeunes qui ont \u00e9crit l&rsquo;histoire de l&rsquo;art de la derni\u00e8re d\u00e9cennie. Une exposition collective d&rsquo;art dans la galerie Kieselbach. LES ARTISTES ET LES COLLECTIFS : Zs\u00f3fi Barab\u00e1s, R\u00f3bert Batyk\u00f3, D\u00e1niel Bern\u00e1th, Szilvia Bolla, [&hellip;]<\/p>\n","protected":false},"author":1,"featured_media":0,"comment_status":"open","ping_status":"open","sticky":true,"template":"","format":"standard","meta":{"footnotes":""},"categories":[9],"tags":[],"class_list":["post-19562","post","type-post","status-publish","format-standard","hentry","category-news-fr"],"_links":{"self":[{"href":"https:\/\/www.galerieartconcept.com\/fr\/wp-json\/wp\/v2\/posts\/19562","targetHints":{"allow":["GET"]}}],"collection":[{"href":"https:\/\/www.galerieartconcept.com\/fr\/wp-json\/wp\/v2\/posts"}],"about":[{"href":"https:\/\/www.galerieartconcept.com\/fr\/wp-json\/wp\/v2\/types\/post"}],"author":[{"embeddable":true,"href":"https:\/\/www.galerieartconcept.com\/fr\/wp-json\/wp\/v2\/users\/1"}],"replies":[{"embeddable":true,"href":"https:\/\/www.galerieartconcept.com\/fr\/wp-json\/wp\/v2\/comments?post=19562"}],"version-history":[{"count":10,"href":"https:\/\/www.galerieartconcept.com\/fr\/wp-json\/wp\/v2\/posts\/19562\/revisions"}],"predecessor-version":[{"id":31805,"href":"https:\/\/www.galerieartconcept.com\/fr\/wp-json\/wp\/v2\/posts\/19562\/revisions\/31805"}],"wp:attachment":[{"href":"https:\/\/www.galerieartconcept.com\/fr\/wp-json\/wp\/v2\/media?parent=19562"}],"wp:term":[{"taxonomy":"category","embeddable":true,"href":"https:\/\/www.galerieartconcept.com\/fr\/wp-json\/wp\/v2\/categories?post=19562"},{"taxonomy":"post_tag","embeddable":true,"href":"https:\/\/www.galerieartconcept.com\/fr\/wp-json\/wp\/v2\/tags?post=19562"}],"curies":[{"name":"wp","href":"https:\/\/api.w.org\/{rel}","templated":true}]}}