{"id":19513,"date":"2022-03-28T08:39:27","date_gmt":"2022-03-28T08:39:27","guid":{"rendered":"http:\/\/www.galerieartconcept.com\/?p=19513"},"modified":"2022-07-20T15:54:40","modified_gmt":"2022-07-20T15:54:40","slug":"tania-perez-cordova-shifting-the-silence-moma-san-francisco-ca-us-9-avril-5-septembre-2022","status":"publish","type":"post","link":"https:\/\/www.galerieartconcept.com\/fr\/tania-perez-cordova-shifting-the-silence-moma-san-francisco-ca-us-9-avril-5-septembre-2022\/","title":{"rendered":"Tania P\u00e9rez C\u00f3rdova, Shifting the Silence, MOMA San Francisco, CA\/US, 9 avril &#8211; 5 septembre, 2022"},"content":{"rendered":"\n<figure class=\"wp-block-image size-full\"><img loading=\"lazy\" decoding=\"async\" width=\"768\" height=\"622\" src=\"http:\/\/www.galerieartconcept.com\/wp-content\/uploads\/x2021.4069.01_01_P02-Large-JPEG_5x7-768x622-1.jpg\" alt=\"\" class=\"wp-image-19509\" srcset=\"https:\/\/www.galerieartconcept.com\/wp-content\/uploads\/x2021.4069.01_01_P02-Large-JPEG_5x7-768x622-1.jpg 768w, https:\/\/www.galerieartconcept.com\/wp-content\/uploads\/x2021.4069.01_01_P02-Large-JPEG_5x7-768x622-1-300x243.jpg 300w\" sizes=\"auto, (max-width: 768px) 100vw, 768px\" \/><figcaption>Tania P\u00e9rez C\u00f3rdova, Images 4, 2017, collection SFMOMA; Shawn and Brook Byers Fund for Women Artists \u00a9 Tania P\u00e9rez C\u00f3rdova<\/figcaption><\/figure>\n\n\n\n<p><em>Shifting the Silence<\/em> pr\u00e9sente les \u0153uvres de trente-deux femmes artistes qui utilisent le langage radical de l&rsquo;abstraction pour am\u00e9liorer notre compr\u00e9hension du monde. Son titre, issu du livre de 2020 de l&rsquo;artiste Etel Adnan sur l&rsquo;histoire et l&rsquo;existence, <em>Shifting the Silence<\/em> embrasse l&rsquo;exp\u00e9rimentation, l&rsquo;impermanence et la subjectivit\u00e9 &#8211; des caract\u00e9ristiques audacieuses mais po\u00e9tiques qui marquent l&rsquo;art de notre \u00e9poque.<\/p>\n\n\n\n<p>Avec des \u0153uvres r\u00e9cemment acquises de Firelei B\u00e1ez, Nairy Baghramian, Liz Hern\u00e1ndez, Cinthia Marcelle, Tania P\u00e9rez C\u00f3rdova, Lorna Simpson et Haegue Yang, l&rsquo;exposition exploite leur \u00e9nergie \u00e0 la fois provocante et \u00e9clair\u00e9e pour explorer la culture visuelle, les motivations de ses praticiens et ses diverses influences. Cette exposition exp\u00e9rimentale d&rsquo;\u0153uvres produites au cours du dernier quart de si\u00e8cle comprend des sculptures, des photographies, des textiles, des vid\u00e9os, des peintures et des installations temporelles.<\/p>\n\n\n\n<p><a href=\"https:\/\/www.sfmoma.org\/exhibition\/shifting-the-silence\/\" data-type=\"URL\" data-id=\"https:\/\/www.sfmoma.org\/exhibition\/shifting-the-silence\/\">Plus d&rsquo;informations<\/a><\/p>\n","protected":false},"excerpt":{"rendered":"<p>Shifting the Silence pr\u00e9sente les \u0153uvres de trente-deux femmes artistes qui utilisent le langage radical de l&rsquo;abstraction pour am\u00e9liorer notre compr\u00e9hension du monde. Son titre, issu du livre de 2020 de l&rsquo;artiste Etel Adnan sur l&rsquo;histoire et l&rsquo;existence, Shifting the Silence embrasse l&rsquo;exp\u00e9rimentation, l&rsquo;impermanence et la subjectivit\u00e9 &#8211; des caract\u00e9ristiques audacieuses mais po\u00e9tiques qui marquent [&hellip;]<\/p>\n","protected":false},"author":1,"featured_media":0,"comment_status":"open","ping_status":"open","sticky":false,"template":"","format":"standard","meta":{"footnotes":""},"categories":[9],"tags":[],"class_list":["post-19513","post","type-post","status-publish","format-standard","hentry","category-news-fr"],"_links":{"self":[{"href":"https:\/\/www.galerieartconcept.com\/fr\/wp-json\/wp\/v2\/posts\/19513","targetHints":{"allow":["GET"]}}],"collection":[{"href":"https:\/\/www.galerieartconcept.com\/fr\/wp-json\/wp\/v2\/posts"}],"about":[{"href":"https:\/\/www.galerieartconcept.com\/fr\/wp-json\/wp\/v2\/types\/post"}],"author":[{"embeddable":true,"href":"https:\/\/www.galerieartconcept.com\/fr\/wp-json\/wp\/v2\/users\/1"}],"replies":[{"embeddable":true,"href":"https:\/\/www.galerieartconcept.com\/fr\/wp-json\/wp\/v2\/comments?post=19513"}],"version-history":[{"count":3,"href":"https:\/\/www.galerieartconcept.com\/fr\/wp-json\/wp\/v2\/posts\/19513\/revisions"}],"predecessor-version":[{"id":19519,"href":"https:\/\/www.galerieartconcept.com\/fr\/wp-json\/wp\/v2\/posts\/19513\/revisions\/19519"}],"wp:attachment":[{"href":"https:\/\/www.galerieartconcept.com\/fr\/wp-json\/wp\/v2\/media?parent=19513"}],"wp:term":[{"taxonomy":"category","embeddable":true,"href":"https:\/\/www.galerieartconcept.com\/fr\/wp-json\/wp\/v2\/categories?post=19513"},{"taxonomy":"post_tag","embeddable":true,"href":"https:\/\/www.galerieartconcept.com\/fr\/wp-json\/wp\/v2\/tags?post=19513"}],"curies":[{"name":"wp","href":"https:\/\/api.w.org\/{rel}","templated":true}]}}