{"id":19248,"date":"2022-07-16T15:05:54","date_gmt":"2022-07-16T15:05:54","guid":{"rendered":"http:\/\/www.galerieartconcept.com\/?p=19248"},"modified":"2026-03-24T14:24:26","modified_gmt":"2026-03-24T14:24:26","slug":"pierre-bellot","status":"publish","type":"post","link":"https:\/\/www.galerieartconcept.com\/fr\/pierre-bellot\/","title":{"rendered":"Pierre Bellot"},"content":{"rendered":"\n<p><br><\/p>\n\n\n\n<figure class=\"wp-block-gallery has-nested-images columns-2 is-cropped wp-block-gallery-1 is-layout-flex wp-block-gallery-is-layout-flex\">\n<figure class=\"wp-block-image size-large\"><img loading=\"lazy\" decoding=\"async\" width=\"1024\" height=\"683\" data-id=\"29052\" src=\"http:\/\/www.galerieartconcept.com\/wp-content\/uploads\/Olio-e-pepe-9356-HD-6-1024x683.jpg\" alt=\"\" class=\"wp-image-29052\" srcset=\"https:\/\/www.galerieartconcept.com\/wp-content\/uploads\/Olio-e-pepe-9356-HD-6-1024x683.jpg 1024w, https:\/\/www.galerieartconcept.com\/wp-content\/uploads\/Olio-e-pepe-9356-HD-6-300x200.jpg 300w, https:\/\/www.galerieartconcept.com\/wp-content\/uploads\/Olio-e-pepe-9356-HD-6-768x512.jpg 768w, https:\/\/www.galerieartconcept.com\/wp-content\/uploads\/Olio-e-pepe-9356-HD-6-1536x1024.jpg 1536w, https:\/\/www.galerieartconcept.com\/wp-content\/uploads\/Olio-e-pepe-9356-HD-6-2048x1366.jpg 2048w, https:\/\/www.galerieartconcept.com\/wp-content\/uploads\/Olio-e-pepe-9356-HD-6-1200x800.jpg 1200w, https:\/\/www.galerieartconcept.com\/wp-content\/uploads\/Olio-e-pepe-9356-HD-6-1980x1321.jpg 1980w\" sizes=\"auto, (max-width: 1024px) 100vw, 1024px\" \/><figcaption class=\"wp-element-caption\">Vue d&rsquo;exposition \/ Installation view Olio e pepe, Art : Concept, Paris, 2024. Courtesy the Artists and Art : Concept, Paris. Photo Romain Darnaud<\/figcaption><\/figure>\n\n\n\n<figure class=\"wp-block-image size-large\"><img loading=\"lazy\" decoding=\"async\" width=\"1024\" height=\"683\" data-id=\"29042\" src=\"http:\/\/www.galerieartconcept.com\/wp-content\/uploads\/PB-2023-1999-1024x683.jpg\" alt=\"\" class=\"wp-image-29042\" srcset=\"https:\/\/www.galerieartconcept.com\/wp-content\/uploads\/PB-2023-1999-1024x683.jpg 1024w, https:\/\/www.galerieartconcept.com\/wp-content\/uploads\/PB-2023-1999-300x200.jpg 300w, https:\/\/www.galerieartconcept.com\/wp-content\/uploads\/PB-2023-1999-768x512.jpg 768w, https:\/\/www.galerieartconcept.com\/wp-content\/uploads\/PB-2023-1999-1536x1024.jpg 1536w, https:\/\/www.galerieartconcept.com\/wp-content\/uploads\/PB-2023-1999-2048x1365.jpg 2048w, https:\/\/www.galerieartconcept.com\/wp-content\/uploads\/PB-2023-1999-1200x800.jpg 1200w, https:\/\/www.galerieartconcept.com\/wp-content\/uploads\/PB-2023-1999-1980x1320.jpg 1980w\" sizes=\"auto, (max-width: 1024px) 100vw, 1024px\" \/><figcaption class=\"wp-element-caption\">Pierre Bellot, 1999, 2023. Huile sur toile \/ Oil on canvas. 113 \u00d7 160 cm (44 \u00bd \u00d7 63 inches) Courtesy the Artist and Art : Concept, Paris.<\/figcaption><\/figure>\n\n\n\n<figure class=\"wp-block-image size-large\"><img loading=\"lazy\" decoding=\"async\" width=\"1024\" height=\"724\" data-id=\"34533\" src=\"http:\/\/www.galerieartconcept.com\/wp-content\/uploads\/PB4-1024x724.jpg\" alt=\"\" class=\"wp-image-34533\" srcset=\"https:\/\/www.galerieartconcept.com\/wp-content\/uploads\/PB4-1024x724.jpg 1024w, https:\/\/www.galerieartconcept.com\/wp-content\/uploads\/PB4-300x212.jpg 300w, https:\/\/www.galerieartconcept.com\/wp-content\/uploads\/PB4-768x543.jpg 768w, https:\/\/www.galerieartconcept.com\/wp-content\/uploads\/PB4-1536x1086.jpg 1536w, https:\/\/www.galerieartconcept.com\/wp-content\/uploads\/PB4-2048x1448.jpg 2048w, https:\/\/www.galerieartconcept.com\/wp-content\/uploads\/PB4-1200x848.jpg 1200w, https:\/\/www.galerieartconcept.com\/wp-content\/uploads\/PB4-1980x1400.jpg 1980w\" sizes=\"auto, (max-width: 1024px) 100vw, 1024px\" \/><figcaption class=\"wp-element-caption\">Vue d&rsquo;exposition \/ Installation view Pierre Bellot, Les objets parlent, Art : Concept, Paris, 2022. Courtesy the artist and Art : Concept, Paris. Photo Romain Darnaud.<\/figcaption><\/figure>\n\n\n\n<figure class=\"wp-block-image size-large\"><img loading=\"lazy\" decoding=\"async\" width=\"1024\" height=\"724\" data-id=\"34520\" src=\"http:\/\/www.galerieartconcept.com\/wp-content\/uploads\/PB-1-1024x724.jpg\" alt=\"\" class=\"wp-image-34520\" srcset=\"https:\/\/www.galerieartconcept.com\/wp-content\/uploads\/PB-1-1024x724.jpg 1024w, https:\/\/www.galerieartconcept.com\/wp-content\/uploads\/PB-1-300x212.jpg 300w, https:\/\/www.galerieartconcept.com\/wp-content\/uploads\/PB-1-768x543.jpg 768w, https:\/\/www.galerieartconcept.com\/wp-content\/uploads\/PB-1-1536x1086.jpg 1536w, https:\/\/www.galerieartconcept.com\/wp-content\/uploads\/PB-1-2048x1448.jpg 2048w, https:\/\/www.galerieartconcept.com\/wp-content\/uploads\/PB-1-1200x848.jpg 1200w, https:\/\/www.galerieartconcept.com\/wp-content\/uploads\/PB-1-1980x1400.jpg 1980w\" sizes=\"auto, (max-width: 1024px) 100vw, 1024px\" \/><figcaption class=\"wp-element-caption\">Pierre Bellot, La cascade, 2023. Huile sur toile \/ Oil on canvas. 100 \u00d7 80 cm (39 \u215c \u00d7 31 \u00bd inches). Courtesy the Artist and Art : Concept, Paris.<\/figcaption><\/figure>\n\n\n\n<figure class=\"wp-block-image size-large\"><img loading=\"lazy\" decoding=\"async\" width=\"1024\" height=\"724\" data-id=\"34718\" src=\"http:\/\/www.galerieartconcept.com\/wp-content\/uploads\/PB14-1024x724.jpg\" alt=\"\" class=\"wp-image-34718\" srcset=\"https:\/\/www.galerieartconcept.com\/wp-content\/uploads\/PB14-1024x724.jpg 1024w, https:\/\/www.galerieartconcept.com\/wp-content\/uploads\/PB14-300x212.jpg 300w, https:\/\/www.galerieartconcept.com\/wp-content\/uploads\/PB14-768x543.jpg 768w, https:\/\/www.galerieartconcept.com\/wp-content\/uploads\/PB14-1536x1086.jpg 1536w, https:\/\/www.galerieartconcept.com\/wp-content\/uploads\/PB14-2048x1448.jpg 2048w, https:\/\/www.galerieartconcept.com\/wp-content\/uploads\/PB14-1200x848.jpg 1200w, https:\/\/www.galerieartconcept.com\/wp-content\/uploads\/PB14-1980x1400.jpg 1980w\" sizes=\"auto, (max-width: 1024px) 100vw, 1024px\" \/><figcaption class=\"wp-element-caption\">Vue d&rsquo;exposition \/ Installation view Pierre Bellot, Les objets parlent, Art : Concept, Paris, 2022. Courtesy the artist and Art : Concept, Paris. Photo Romain Darnaud.<\/figcaption><\/figure>\n\n\n\n<figure class=\"wp-block-image size-large\"><img loading=\"lazy\" decoding=\"async\" width=\"1024\" height=\"683\" data-id=\"19981\" src=\"http:\/\/www.galerieartconcept.com\/wp-content\/uploads\/PB-2022-Les-objets-parlent-1-2-1024x683.jpg\" alt=\"\" class=\"wp-image-19981\" srcset=\"https:\/\/www.galerieartconcept.com\/wp-content\/uploads\/PB-2022-Les-objets-parlent-1-2-1024x683.jpg 1024w, https:\/\/www.galerieartconcept.com\/wp-content\/uploads\/PB-2022-Les-objets-parlent-1-2-300x200.jpg 300w, https:\/\/www.galerieartconcept.com\/wp-content\/uploads\/PB-2022-Les-objets-parlent-1-2-768x512.jpg 768w, https:\/\/www.galerieartconcept.com\/wp-content\/uploads\/PB-2022-Les-objets-parlent-1-2-1536x1025.jpg 1536w, https:\/\/www.galerieartconcept.com\/wp-content\/uploads\/PB-2022-Les-objets-parlent-1-2-2048x1366.jpg 2048w, https:\/\/www.galerieartconcept.com\/wp-content\/uploads\/PB-2022-Les-objets-parlent-1-2-1200x800.jpg 1200w, https:\/\/www.galerieartconcept.com\/wp-content\/uploads\/PB-2022-Les-objets-parlent-1-2-1980x1321.jpg 1980w\" sizes=\"auto, (max-width: 1024px) 100vw, 1024px\" \/><figcaption class=\"wp-element-caption\">Pierre Bellot, Les objets parlent, 2022. Huile sur toile \/ Oil on canvas. 190 \u00d7 230 cm (74 3\/4 \u00d7 90 1\/2 inches). Courtesy the artist and Art : Concept, Paris. Photo Romain Darnaud.<\/figcaption><\/figure>\n\n\n\n<figure class=\"wp-block-image size-large\"><img loading=\"lazy\" decoding=\"async\" width=\"1024\" height=\"683\" data-id=\"19968\" src=\"http:\/\/www.galerieartconcept.com\/wp-content\/uploads\/PB-2021-Le-paravent-1024x683.jpg\" alt=\"\" class=\"wp-image-19968\" srcset=\"https:\/\/www.galerieartconcept.com\/wp-content\/uploads\/PB-2021-Le-paravent-1024x683.jpg 1024w, https:\/\/www.galerieartconcept.com\/wp-content\/uploads\/PB-2021-Le-paravent-300x200.jpg 300w, https:\/\/www.galerieartconcept.com\/wp-content\/uploads\/PB-2021-Le-paravent-768x512.jpg 768w, https:\/\/www.galerieartconcept.com\/wp-content\/uploads\/PB-2021-Le-paravent-1536x1024.jpg 1536w, https:\/\/www.galerieartconcept.com\/wp-content\/uploads\/PB-2021-Le-paravent-2048x1365.jpg 2048w, https:\/\/www.galerieartconcept.com\/wp-content\/uploads\/PB-2021-Le-paravent-1200x800.jpg 1200w, https:\/\/www.galerieartconcept.com\/wp-content\/uploads\/PB-2021-Le-paravent-1980x1320.jpg 1980w\" sizes=\"auto, (max-width: 1024px) 100vw, 1024px\" \/><figcaption class=\"wp-element-caption\">Pierre Bellot, Le paravent, 2021. Huile sur toile \/ Oil on canvas. 170 \u00d7 230 cm (66 7\/8 \u00d7 90 1\/2 inches). Courtesy the artist and Art : Concept, Paris. Photo Romain Darnaud.<\/figcaption><\/figure>\n\n\n\n<figure class=\"wp-block-image size-large\"><img loading=\"lazy\" decoding=\"async\" width=\"1024\" height=\"683\" data-id=\"19983\" src=\"http:\/\/www.galerieartconcept.com\/wp-content\/uploads\/PB-2021-Fanto\u0302mes-1-1024x683.jpg\" alt=\"\" class=\"wp-image-19983\" srcset=\"https:\/\/www.galerieartconcept.com\/wp-content\/uploads\/PB-2021-Fanto\u0302mes-1-1024x683.jpg 1024w, https:\/\/www.galerieartconcept.com\/wp-content\/uploads\/PB-2021-Fanto\u0302mes-1-300x200.jpg 300w, https:\/\/www.galerieartconcept.com\/wp-content\/uploads\/PB-2021-Fanto\u0302mes-1-768x512.jpg 768w, https:\/\/www.galerieartconcept.com\/wp-content\/uploads\/PB-2021-Fanto\u0302mes-1-1536x1024.jpg 1536w, https:\/\/www.galerieartconcept.com\/wp-content\/uploads\/PB-2021-Fanto\u0302mes-1-2048x1365.jpg 2048w, https:\/\/www.galerieartconcept.com\/wp-content\/uploads\/PB-2021-Fanto\u0302mes-1-1200x800.jpg 1200w, https:\/\/www.galerieartconcept.com\/wp-content\/uploads\/PB-2021-Fanto\u0302mes-1-1980x1320.jpg 1980w\" sizes=\"auto, (max-width: 1024px) 100vw, 1024px\" \/><figcaption class=\"wp-element-caption\">Pierre Bellot, Sans titre (Fant\u00f4me), 2021. Huile sur toile \/ Oil on canvas. 19 \u00d7 24 cm (7 1\/2 \u00d7 9 1\/2 inches). Courtesy the artist and Art : Concept, Paris. Photo Romain Darnaud.<\/figcaption><\/figure>\n\n\n\n<figure class=\"wp-block-image size-large\"><img loading=\"lazy\" decoding=\"async\" width=\"862\" height=\"1024\" data-id=\"34635\" src=\"http:\/\/www.galerieartconcept.com\/wp-content\/uploads\/PB9-862x1024.jpg\" alt=\"\" class=\"wp-image-34635\" srcset=\"https:\/\/www.galerieartconcept.com\/wp-content\/uploads\/PB9-862x1024.jpg 862w, https:\/\/www.galerieartconcept.com\/wp-content\/uploads\/PB9-253x300.jpg 253w, https:\/\/www.galerieartconcept.com\/wp-content\/uploads\/PB9-768x912.jpg 768w, https:\/\/www.galerieartconcept.com\/wp-content\/uploads\/PB9-1293x1536.jpg 1293w, https:\/\/www.galerieartconcept.com\/wp-content\/uploads\/PB9-1724x2048.jpg 1724w, https:\/\/www.galerieartconcept.com\/wp-content\/uploads\/PB9-1200x1426.jpg 1200w, https:\/\/www.galerieartconcept.com\/wp-content\/uploads\/PB9-1980x2352.jpg 1980w\" sizes=\"auto, (max-width: 862px) 100vw, 862px\" \/><figcaption class=\"wp-element-caption\">Pierre Bellot, Le diable, 2022. Huile sur toile \/ Oil on canvas. 24 \u00d7 10 cm (9 1\/2 \u00d7 3 7\/8 inches). Courtesy the artist and Art : Concept, Paris. Photo Romain Darnaud.<\/figcaption><\/figure>\n\n\n\n<figure class=\"wp-block-image size-large\"><img loading=\"lazy\" decoding=\"async\" width=\"862\" height=\"1024\" data-id=\"34597\" src=\"http:\/\/www.galerieartconcept.com\/wp-content\/uploads\/PB6-862x1024.jpg\" alt=\"\" class=\"wp-image-34597\" srcset=\"https:\/\/www.galerieartconcept.com\/wp-content\/uploads\/PB6-862x1024.jpg 862w, https:\/\/www.galerieartconcept.com\/wp-content\/uploads\/PB6-253x300.jpg 253w, https:\/\/www.galerieartconcept.com\/wp-content\/uploads\/PB6-768x912.jpg 768w, https:\/\/www.galerieartconcept.com\/wp-content\/uploads\/PB6-1293x1536.jpg 1293w, https:\/\/www.galerieartconcept.com\/wp-content\/uploads\/PB6-1724x2048.jpg 1724w, https:\/\/www.galerieartconcept.com\/wp-content\/uploads\/PB6-1200x1426.jpg 1200w, https:\/\/www.galerieartconcept.com\/wp-content\/uploads\/PB6-1980x2352.jpg 1980w\" sizes=\"auto, (max-width: 862px) 100vw, 862px\" \/><figcaption class=\"wp-element-caption\">Pierre Bellot, Georgia O&rsquo;Keeffe, 2021. Huile sur toile \/ Oil on canvas. 150 \u00d7 200 cm (59 \u00d7 78 3\/4 inches). Courtesy the artist and Art : Concept Paris. Photo Claire Dorn<\/figcaption><\/figure>\n\n\n\n<figure class=\"wp-block-image size-large\"><img loading=\"lazy\" decoding=\"async\" width=\"1024\" height=\"732\" data-id=\"19317\" src=\"http:\/\/www.galerieartconcept.com\/wp-content\/uploads\/ClaireDorn_16A0991-1024x732.jpg\" alt=\"\" class=\"wp-image-19317\" srcset=\"https:\/\/www.galerieartconcept.com\/wp-content\/uploads\/ClaireDorn_16A0991-1024x732.jpg 1024w, https:\/\/www.galerieartconcept.com\/wp-content\/uploads\/ClaireDorn_16A0991-300x214.jpg 300w, https:\/\/www.galerieartconcept.com\/wp-content\/uploads\/ClaireDorn_16A0991-768x549.jpg 768w, https:\/\/www.galerieartconcept.com\/wp-content\/uploads\/ClaireDorn_16A0991-1536x1097.jpg 1536w, https:\/\/www.galerieartconcept.com\/wp-content\/uploads\/ClaireDorn_16A0991-2048x1463.jpg 2048w, https:\/\/www.galerieartconcept.com\/wp-content\/uploads\/ClaireDorn_16A0991-1200x857.jpg 1200w, https:\/\/www.galerieartconcept.com\/wp-content\/uploads\/ClaireDorn_16A0991-1980x1414.jpg 1980w\" sizes=\"auto, (max-width: 1024px) 100vw, 1024px\" \/><figcaption class=\"wp-element-caption\">Vue d&rsquo;exposition \/ Installation view Les Pavillons, Art : Concept, 2021. Courtesy the artist and Art : Concept Paris. Photo Claire Dorn<\/figcaption><\/figure>\n\n\n\n<figure class=\"wp-block-image size-large\"><img loading=\"lazy\" decoding=\"async\" width=\"1024\" height=\"732\" data-id=\"19319\" src=\"http:\/\/www.galerieartconcept.com\/wp-content\/uploads\/ClaireDorn_16A0994-1-1024x732.jpg\" alt=\"\" class=\"wp-image-19319\" srcset=\"https:\/\/www.galerieartconcept.com\/wp-content\/uploads\/ClaireDorn_16A0994-1-1024x732.jpg 1024w, https:\/\/www.galerieartconcept.com\/wp-content\/uploads\/ClaireDorn_16A0994-1-300x214.jpg 300w, https:\/\/www.galerieartconcept.com\/wp-content\/uploads\/ClaireDorn_16A0994-1-768x549.jpg 768w, https:\/\/www.galerieartconcept.com\/wp-content\/uploads\/ClaireDorn_16A0994-1-1536x1097.jpg 1536w, https:\/\/www.galerieartconcept.com\/wp-content\/uploads\/ClaireDorn_16A0994-1-2048x1463.jpg 2048w, https:\/\/www.galerieartconcept.com\/wp-content\/uploads\/ClaireDorn_16A0994-1-1200x857.jpg 1200w, https:\/\/www.galerieartconcept.com\/wp-content\/uploads\/ClaireDorn_16A0994-1-1980x1414.jpg 1980w\" sizes=\"auto, (max-width: 1024px) 100vw, 1024px\" \/><figcaption class=\"wp-element-caption\">Vue d&rsquo;exposition \/ Installation view Les Pavillons, Art : Concept, 2021. Courtesy the artist and Art : Concept Paris. Photo Claire Dorn<\/figcaption><\/figure>\n\n\n\n<figure class=\"wp-block-image size-large\"><img loading=\"lazy\" decoding=\"async\" width=\"1024\" height=\"683\" data-id=\"19304\" src=\"http:\/\/www.galerieartconcept.com\/wp-content\/uploads\/HD-Romain-Darnaud-1024x683.jpg\" alt=\"\" class=\"wp-image-19304\" srcset=\"https:\/\/www.galerieartconcept.com\/wp-content\/uploads\/HD-Romain-Darnaud-1024x683.jpg 1024w, https:\/\/www.galerieartconcept.com\/wp-content\/uploads\/HD-Romain-Darnaud-300x200.jpg 300w, https:\/\/www.galerieartconcept.com\/wp-content\/uploads\/HD-Romain-Darnaud-768x512.jpg 768w, https:\/\/www.galerieartconcept.com\/wp-content\/uploads\/HD-Romain-Darnaud-1536x1024.jpg 1536w, https:\/\/www.galerieartconcept.com\/wp-content\/uploads\/HD-Romain-Darnaud-2048x1365.jpg 2048w, https:\/\/www.galerieartconcept.com\/wp-content\/uploads\/HD-Romain-Darnaud-1200x800.jpg 1200w, https:\/\/www.galerieartconcept.com\/wp-content\/uploads\/HD-Romain-Darnaud-1980x1320.jpg 1980w\" sizes=\"auto, (max-width: 1024px) 100vw, 1024px\" \/><figcaption class=\"wp-element-caption\">Pierre Bellot, Bo\u00eete d&rsquo;allumettes, 2021. Huile sur toile \/ Oil on canvas. 16 \u00d7 22 cm (6 1\/4 \u00d7 8 5\/8 inches). Courtesy the artist and Art : Concept Paris. Photo Romain Darnaud<\/figcaption><\/figure>\n\n\n\n<figure class=\"wp-block-image size-large\"><img loading=\"lazy\" decoding=\"async\" width=\"1024\" height=\"683\" data-id=\"19286\" src=\"http:\/\/www.galerieartconcept.com\/wp-content\/uploads\/Pierre-Bellot-1729-HD-1024x683.jpg\" alt=\"\" class=\"wp-image-19286\" srcset=\"https:\/\/www.galerieartconcept.com\/wp-content\/uploads\/Pierre-Bellot-1729-HD-1024x683.jpg 1024w, https:\/\/www.galerieartconcept.com\/wp-content\/uploads\/Pierre-Bellot-1729-HD-300x200.jpg 300w, https:\/\/www.galerieartconcept.com\/wp-content\/uploads\/Pierre-Bellot-1729-HD-768x512.jpg 768w, https:\/\/www.galerieartconcept.com\/wp-content\/uploads\/Pierre-Bellot-1729-HD-1536x1024.jpg 1536w, https:\/\/www.galerieartconcept.com\/wp-content\/uploads\/Pierre-Bellot-1729-HD-2048x1365.jpg 2048w, https:\/\/www.galerieartconcept.com\/wp-content\/uploads\/Pierre-Bellot-1729-HD-1200x800.jpg 1200w, https:\/\/www.galerieartconcept.com\/wp-content\/uploads\/Pierre-Bellot-1729-HD-1980x1320.jpg 1980w\" sizes=\"auto, (max-width: 1024px) 100vw, 1024px\" \/><figcaption class=\"wp-element-caption\">Pierre Bellot, Montagnes Russes, 2020. Huile sur toile \/ Oil on canvas. 150 \u00d7 200 cm (59 \u00d7 78 3\/4 inches). Courtesy the artist and Art : Concept Paris, Photo Romain Darnaud<\/figcaption><\/figure>\n\n\n\n<figure class=\"wp-block-image size-large\"><img loading=\"lazy\" decoding=\"async\" width=\"1024\" height=\"683\" data-id=\"19288\" src=\"http:\/\/www.galerieartconcept.com\/wp-content\/uploads\/Pierre-Bellot-1768-HD-1024x683.jpg\" alt=\"\" class=\"wp-image-19288\" srcset=\"https:\/\/www.galerieartconcept.com\/wp-content\/uploads\/Pierre-Bellot-1768-HD-1024x683.jpg 1024w, https:\/\/www.galerieartconcept.com\/wp-content\/uploads\/Pierre-Bellot-1768-HD-300x200.jpg 300w, https:\/\/www.galerieartconcept.com\/wp-content\/uploads\/Pierre-Bellot-1768-HD-768x512.jpg 768w, https:\/\/www.galerieartconcept.com\/wp-content\/uploads\/Pierre-Bellot-1768-HD-1536x1024.jpg 1536w, https:\/\/www.galerieartconcept.com\/wp-content\/uploads\/Pierre-Bellot-1768-HD-2048x1365.jpg 2048w, https:\/\/www.galerieartconcept.com\/wp-content\/uploads\/Pierre-Bellot-1768-HD-1200x800.jpg 1200w, https:\/\/www.galerieartconcept.com\/wp-content\/uploads\/Pierre-Bellot-1768-HD-1980x1320.jpg 1980w\" sizes=\"auto, (max-width: 1024px) 100vw, 1024px\" \/><figcaption class=\"wp-element-caption\">Pierre Bellot, Hola (gauche \/ left) ; T\u00eate (droite \/ right), 2020, Huile sur toile \/ Oil on canvas. 18 \u00d7 10 cm (7 1\/8 \u00d7 3 7\/8 inches). Courtesy the artist and Art : Concept Paris. Photo Romain Darnaud<\/figcaption><\/figure>\n\n\n\n<figure class=\"wp-block-image size-large\"><img loading=\"lazy\" decoding=\"async\" width=\"1024\" height=\"683\" data-id=\"19296\" src=\"http:\/\/www.galerieartconcept.com\/wp-content\/uploads\/web-1024x683.jpeg\" alt=\"\" class=\"wp-image-19296\" srcset=\"https:\/\/www.galerieartconcept.com\/wp-content\/uploads\/web-1024x683.jpeg 1024w, https:\/\/www.galerieartconcept.com\/wp-content\/uploads\/web-300x200.jpeg 300w, https:\/\/www.galerieartconcept.com\/wp-content\/uploads\/web-768x512.jpeg 768w, https:\/\/www.galerieartconcept.com\/wp-content\/uploads\/web-1536x1024.jpeg 1536w, https:\/\/www.galerieartconcept.com\/wp-content\/uploads\/web-2048x1365.jpeg 2048w, https:\/\/www.galerieartconcept.com\/wp-content\/uploads\/web-1200x800.jpeg 1200w, https:\/\/www.galerieartconcept.com\/wp-content\/uploads\/web-1980x1320.jpeg 1980w\" sizes=\"auto, (max-width: 1024px) 100vw, 1024px\" \/><figcaption class=\"wp-element-caption\">Pierre Bellot, Plante, 2020. Huile sur toile \/ Oil on canvas. 22 \u00d7 16 cm (8 5\/8 \u00d7 6 1\/4 inches)Courtesy the artist and Art : Concept Paris. Photo Romain Darnaud<\/figcaption><\/figure>\n\n\n\n<figure class=\"wp-block-image size-large\"><img loading=\"lazy\" decoding=\"async\" width=\"1024\" height=\"683\" data-id=\"19290\" src=\"http:\/\/www.galerieartconcept.com\/wp-content\/uploads\/Pierre-Bellot-1754-HD-1024x683.jpg\" alt=\"\" class=\"wp-image-19290\" srcset=\"https:\/\/www.galerieartconcept.com\/wp-content\/uploads\/Pierre-Bellot-1754-HD-1024x683.jpg 1024w, https:\/\/www.galerieartconcept.com\/wp-content\/uploads\/Pierre-Bellot-1754-HD-300x200.jpg 300w, https:\/\/www.galerieartconcept.com\/wp-content\/uploads\/Pierre-Bellot-1754-HD-768x512.jpg 768w, https:\/\/www.galerieartconcept.com\/wp-content\/uploads\/Pierre-Bellot-1754-HD-1536x1024.jpg 1536w, https:\/\/www.galerieartconcept.com\/wp-content\/uploads\/Pierre-Bellot-1754-HD-2048x1365.jpg 2048w, https:\/\/www.galerieartconcept.com\/wp-content\/uploads\/Pierre-Bellot-1754-HD-1200x800.jpg 1200w, https:\/\/www.galerieartconcept.com\/wp-content\/uploads\/Pierre-Bellot-1754-HD-1980x1320.jpg 1980w\" sizes=\"auto, (max-width: 1024px) 100vw, 1024px\" \/><figcaption class=\"wp-element-caption\">Pierre Bellot, Jardin, 2020. Huile sur toile \/ Oil on canvas. 130 \u00d7 162 cm (51 1\/8 \u00d7 63 3\/4 inches). Courtesy the artist and Art : Concept Paris. Photo Romain Darnaud<\/figcaption><\/figure>\n\n\n\n<figure class=\"wp-block-image size-large\"><img loading=\"lazy\" decoding=\"async\" width=\"1024\" height=\"683\" data-id=\"19276\" src=\"http:\/\/www.galerieartconcept.com\/wp-content\/uploads\/Pierre-Bellot-Bonjour-4210-HD-1024x683.jpg\" alt=\"\" class=\"wp-image-19276\" srcset=\"https:\/\/www.galerieartconcept.com\/wp-content\/uploads\/Pierre-Bellot-Bonjour-4210-HD-1024x683.jpg 1024w, https:\/\/www.galerieartconcept.com\/wp-content\/uploads\/Pierre-Bellot-Bonjour-4210-HD-300x200.jpg 300w, https:\/\/www.galerieartconcept.com\/wp-content\/uploads\/Pierre-Bellot-Bonjour-4210-HD-768x512.jpg 768w, https:\/\/www.galerieartconcept.com\/wp-content\/uploads\/Pierre-Bellot-Bonjour-4210-HD-1536x1024.jpg 1536w, https:\/\/www.galerieartconcept.com\/wp-content\/uploads\/Pierre-Bellot-Bonjour-4210-HD-2048x1365.jpg 2048w, https:\/\/www.galerieartconcept.com\/wp-content\/uploads\/Pierre-Bellot-Bonjour-4210-HD-1200x800.jpg 1200w, https:\/\/www.galerieartconcept.com\/wp-content\/uploads\/Pierre-Bellot-Bonjour-4210-HD-1980x1320.jpg 1980w\" sizes=\"auto, (max-width: 1024px) 100vw, 1024px\" \/><figcaption class=\"wp-element-caption\">Vue d&rsquo;exposition \/ Installation view Bonjour, Galerie du Crous, Paris, juin 2019. Photo Romain Darnaud<\/figcaption><\/figure>\n<\/figure>\n\n\n\n<p>N\u00e9 en 1990, Pierre Bellot vit et travaille \u00e0 Paris. <\/p>\n\n\n\n<p>\u00ab\u00a0Le travail de Pierre Bellot s\u2019articule autour de questions centrales de mise en sc\u00e8ne et de construction de l\u2019image. Dans ses peintures, il organise ses sujets \u2013 issus de sources photographiques diverses ou d\u2019archives personnelles \u2013 pour cr\u00e9er des fictions dont la composition ob\u00e9it \u00e0 des r\u00e8gles propres et vient cr\u00e9er un sens nouveau. En d\u00e9barrassant chaque \u00e9l\u00e9ment de sa fonctionnalit\u00e9 originelle, s\u2019\u00e9tablit alors un jeu formel o\u00f9 l\u2019important devient le chemin qui traverse l\u2019\u0153uvre et associe chaque partie au tout. L\u2019image appara\u00eet ainsi comme le r\u00e9ceptacle de visions int\u00e9rieures. Le sujet est un app\u00e2t, le point de d\u00e9part d\u2019une structure artificielle dans lequel l\u2019artiste vient pi\u00e9ger la r\u00e9alit\u00e9 du motif de d\u00e9part.\u00a0\u00bb<\/p>\n\n\n\n<p>Texte de C\u00e9cile Debray<br>Directrice du mus\u00e9e de l\u2019Orangerie<br>Viva Villa, \u00c9dition 2020, \u00ab Les vies minuscules \u00bb<\/p>\n\n\n\n<p>Dipl\u00f4m\u00e9 de l\u2019\u00c9cole Nationale Sup\u00e9rieure des Beaux-Arts de Paris avec les f\u00e9licitations du jury. Son travail a notamment \u00e9t\u00e9 expos\u00e9 \u00e0 Avignon (Collection Lambert), \u00e0 Paris (Bastille Design Center, Palais des Beaux-Arts, La Villette, Progress Gallery\u2026) \u00e0 New York (56 Henry) et \u00e0 Berlin (Galerie Noah Klink). En 2019-2020, il a \u00e9t\u00e9 membre de l\u2019Acad\u00e9mie de France \u00e0 Madrid, \u00e0 la Casa de Vel\u00e1zquez.<\/p>\n\n\n\n<h4 class=\"wp-block-heading\">Expositions \u00e0 la galerie <\/h4>\n\n\n\n<ul class=\"wp-block-list\">\n<li><a href=\"http:\/\/www.galerieartconcept.com\/fr\/pierre-bellot-les-objets-parlent-september-3-october-8-2022\/\" data-type=\"URL\" data-id=\"http:\/\/www.galerieartconcept.com\/fr\/pierre-bellot-les-objets-parlent-september-3-october-8-2022\/\">Les objets parlent<\/a>, 2022<\/li>\n\n\n\n<li><a href=\"http:\/\/www.galerieartconcept.com\/fr\/les-pavillons\/\" data-type=\"URL\" data-id=\"http:\/\/www.galerieartconcept.com\/fr\/les-pavillons\/\">Les pavillons<\/a>, 2021<\/li>\n<\/ul>\n\n\n\n<h4 class=\"wp-block-heading\">T\u00e9l\u00e9chargements<\/h4>\n\n\n\n<div class=\"wp-block-file\"><a id=\"wp-block-file--media-f7a8aa2c-c404-4be7-9ddb-14baa2d715d3\" href=\"http:\/\/www.galerieartconcept.com\/wp-content\/uploads\/PB-CV.pdf\">CV (pdf)<\/a><a href=\"http:\/\/www.galerieartconcept.com\/wp-content\/uploads\/PB-CV.pdf\" class=\"wp-block-file__button wp-element-button\" download aria-describedby=\"wp-block-file--media-f7a8aa2c-c404-4be7-9ddb-14baa2d715d3\">Download<\/a><\/div>\n\n\n\n<div class=\"wp-block-file\"><a href=\"http:\/\/www.galerieartconcept.com\/wp-content\/uploads\/PB-presse-1.pdf\">Presse (pdf)<\/a><a href=\"http:\/\/www.galerieartconcept.com\/wp-content\/uploads\/PB-presse-1.pdf\" class=\"wp-block-file__button wp-element-button\" download>Download<\/a><\/div>\n\n\n\n<div style=\"height:10px\" aria-hidden=\"true\" class=\"wp-block-spacer\"><\/div>\n\n\n\n<h4 class=\"wp-block-heading\">Liens<\/h4>\n\n\n\n<p><a href=\"https:\/\/vimeo.com\/730589859\" data-type=\"URL\" data-id=\"https:\/\/vimeo.com\/730589859\">Vid\u00e9o de pr\u00e9sentation (Casa de V\u00e9lazquez, 2020)<\/a><\/p>\n","protected":false},"excerpt":{"rendered":"<p>N\u00e9 en 1990, Pierre Bellot vit et travaille \u00e0 Paris. \u00ab\u00a0Le travail de Pierre Bellot s\u2019articule autour de questions centrales de mise en sc\u00e8ne et de construction de l\u2019image. Dans ses peintures, il organise ses sujets \u2013 issus de sources photographiques diverses ou d\u2019archives personnelles \u2013 pour cr\u00e9er des fictions dont la composition ob\u00e9it \u00e0 [&hellip;]<\/p>\n","protected":false},"author":1,"featured_media":45100,"comment_status":"open","ping_status":"open","sticky":false,"template":"","format":"standard","meta":{"footnotes":""},"categories":[8],"tags":[],"class_list":["post-19248","post","type-post","status-publish","format-standard","has-post-thumbnail","hentry","category-artistes"],"_links":{"self":[{"href":"https:\/\/www.galerieartconcept.com\/fr\/wp-json\/wp\/v2\/posts\/19248","targetHints":{"allow":["GET"]}}],"collection":[{"href":"https:\/\/www.galerieartconcept.com\/fr\/wp-json\/wp\/v2\/posts"}],"about":[{"href":"https:\/\/www.galerieartconcept.com\/fr\/wp-json\/wp\/v2\/types\/post"}],"author":[{"embeddable":true,"href":"https:\/\/www.galerieartconcept.com\/fr\/wp-json\/wp\/v2\/users\/1"}],"replies":[{"embeddable":true,"href":"https:\/\/www.galerieartconcept.com\/fr\/wp-json\/wp\/v2\/comments?post=19248"}],"version-history":[{"count":77,"href":"https:\/\/www.galerieartconcept.com\/fr\/wp-json\/wp\/v2\/posts\/19248\/revisions"}],"predecessor-version":[{"id":43596,"href":"https:\/\/www.galerieartconcept.com\/fr\/wp-json\/wp\/v2\/posts\/19248\/revisions\/43596"}],"wp:featuredmedia":[{"embeddable":true,"href":"https:\/\/www.galerieartconcept.com\/fr\/wp-json\/wp\/v2\/media\/45100"}],"wp:attachment":[{"href":"https:\/\/www.galerieartconcept.com\/fr\/wp-json\/wp\/v2\/media?parent=19248"}],"wp:term":[{"taxonomy":"category","embeddable":true,"href":"https:\/\/www.galerieartconcept.com\/fr\/wp-json\/wp\/v2\/categories?post=19248"},{"taxonomy":"post_tag","embeddable":true,"href":"https:\/\/www.galerieartconcept.com\/fr\/wp-json\/wp\/v2\/tags?post=19248"}],"curies":[{"name":"wp","href":"https:\/\/api.w.org\/{rel}","templated":true}]}}