{"id":19031,"date":"2022-05-20T14:13:22","date_gmt":"2022-05-20T14:13:22","guid":{"rendered":"http:\/\/www.galerieartconcept.com\/?p=19031"},"modified":"2024-06-26T08:24:06","modified_gmt":"2024-06-26T08:24:06","slug":"miryam-haddad-le-noir-ne-fait-pas-la-nuit-frac-auvergne-la-halle-aux-bleds-de-saint-flour-9-juillet-18-septembre-2022","status":"publish","type":"post","link":"https:\/\/www.galerieartconcept.com\/fr\/miryam-haddad-le-noir-ne-fait-pas-la-nuit-frac-auvergne-la-halle-aux-bleds-de-saint-flour-9-juillet-18-septembre-2022\/","title":{"rendered":"Miryam Haddad, Le noir ne fait pas la nuit, Frac Auvergne. La Halle aux Bleds de Saint-Flour, 9 juillet &#8211; 18 septembre 2022"},"content":{"rendered":"\n<figure class=\"wp-block-image size-large is-resized\"><img loading=\"lazy\" decoding=\"async\" src=\"http:\/\/www.galerieartconcept.com\/wp-content\/uploads\/MH079-a-1024x530.jpg\" alt=\"\" class=\"wp-image-19025\" width=\"1024\" height=\"315\"\/><figcaption><strong>Miryam Haddad<\/strong>, Un ciel vol\u00e9, 2020. Huile sur toile \/ Oil on canvas ; triptyque \/ triptych. chaque 195 x 130 cm (76 3\/4 x 51 1\/8 in.) 195 \u00d7 390 cm (76 \u00be \u00d7 153 \u00bd inches). Courtesy the artist, Art : Concept, Paris. Photo Romain Darnaud<\/figcaption><\/figure>\n\n\n\n<p>Avec Martial Raysse, Jean-Charles Eustache, Herbert Brandl, R\u00e9my Jacquier, Marina Rheingantz, Gerald Petit, Anne-Laure Sacriste, Daniel Tremblay et The Caretaker.<\/p>\n\n\n\n<p>Commissaire de l\u2019exposition : Laure Forlay, Responsable des publics au FRAC Auvergne.<br>En partenariat avec la ville de St-Flour, St-Flour Communaut\u00e9 et le d\u00e9partement du Cantal.<\/p>\n\n\n\n<p>L\u2019exposition \u00ab\u00a0Le noir ne fait pas la nuit\u00a0\u00bb r\u00e9unit une s\u00e9lection d\u2019artistes qui s\u2019emparent de la nuit comme toile de fond de leurs \u0153uvres et explorent ainsi tout le potentiel narratif et la singularit\u00e9 chromatique qui s\u2019en d\u00e9gagent. Car, contrairement au pr\u00e9suppos\u00e9 associant la nuit \u00e0 la couleur des t\u00e9n\u00e8bres, l\u2019exposition t\u00e9moigne de l\u2019incroyable r\u00e9servoir chromatique et lumineux que rec\u00e8le l\u2019\u00e9tendue nocturne et dans lequel les artistes puisent pour donner naissance \u00e0 des repr\u00e9sentations \u00e9voluant entre r\u00e9alit\u00e9, mythe et fiction.<\/p>\n\n\n\n<p><a href=\"https:\/\/fracauvergne.fr\/exposition\/le-noir-ne-fait-pas-la-nuit\/\" data-type=\"URL\" data-id=\"https:\/\/fracauvergne.fr\/exposition\/le-noir-ne-fait-pas-la-nuit\/\">Plus d&rsquo;informations<\/a><\/p>\n","protected":false},"excerpt":{"rendered":"<p>Avec Martial Raysse, Jean-Charles Eustache, Herbert Brandl, R\u00e9my Jacquier, Marina Rheingantz, Gerald Petit, Anne-Laure Sacriste, Daniel Tremblay et The Caretaker. Commissaire de l\u2019exposition : Laure Forlay, Responsable des publics au FRAC Auvergne.En partenariat avec la ville de St-Flour, St-Flour Communaut\u00e9 et le d\u00e9partement du Cantal. L\u2019exposition \u00ab\u00a0Le noir ne fait pas la nuit\u00a0\u00bb r\u00e9unit une [&hellip;]<\/p>\n","protected":false},"author":1,"featured_media":0,"comment_status":"open","ping_status":"open","sticky":false,"template":"","format":"standard","meta":{"footnotes":""},"categories":[9],"tags":[],"class_list":["post-19031","post","type-post","status-publish","format-standard","hentry","category-news-fr"],"_links":{"self":[{"href":"https:\/\/www.galerieartconcept.com\/fr\/wp-json\/wp\/v2\/posts\/19031","targetHints":{"allow":["GET"]}}],"collection":[{"href":"https:\/\/www.galerieartconcept.com\/fr\/wp-json\/wp\/v2\/posts"}],"about":[{"href":"https:\/\/www.galerieartconcept.com\/fr\/wp-json\/wp\/v2\/types\/post"}],"author":[{"embeddable":true,"href":"https:\/\/www.galerieartconcept.com\/fr\/wp-json\/wp\/v2\/users\/1"}],"replies":[{"embeddable":true,"href":"https:\/\/www.galerieartconcept.com\/fr\/wp-json\/wp\/v2\/comments?post=19031"}],"version-history":[{"count":7,"href":"https:\/\/www.galerieartconcept.com\/fr\/wp-json\/wp\/v2\/posts\/19031\/revisions"}],"predecessor-version":[{"id":31837,"href":"https:\/\/www.galerieartconcept.com\/fr\/wp-json\/wp\/v2\/posts\/19031\/revisions\/31837"}],"wp:attachment":[{"href":"https:\/\/www.galerieartconcept.com\/fr\/wp-json\/wp\/v2\/media?parent=19031"}],"wp:term":[{"taxonomy":"category","embeddable":true,"href":"https:\/\/www.galerieartconcept.com\/fr\/wp-json\/wp\/v2\/categories?post=19031"},{"taxonomy":"post_tag","embeddable":true,"href":"https:\/\/www.galerieartconcept.com\/fr\/wp-json\/wp\/v2\/tags?post=19031"}],"curies":[{"name":"wp","href":"https:\/\/api.w.org\/{rel}","templated":true}]}}