{"id":18665,"date":"2022-08-30T01:00:04","date_gmt":"2022-08-30T01:00:04","guid":{"rendered":"http:\/\/www.galerieartconcept.com\/?p=18665"},"modified":"2024-06-24T14:39:48","modified_gmt":"2024-06-24T14:39:48","slug":"jean-luc-blanc-top-secret-la-cinematheque-francaise-paris-5-octobre-2022-14-mai-2023","status":"publish","type":"post","link":"https:\/\/www.galerieartconcept.com\/fr\/jean-luc-blanc-top-secret-la-cinematheque-francaise-paris-5-octobre-2022-14-mai-2023\/","title":{"rendered":"Jean-Luc Blanc, TOP SECRET, La cin\u00e9math\u00e8que fran\u00e7aise, Paris, 21 octobre 2022 &#8211; 21 mai 2023"},"content":{"rendered":"\n<figure class=\"wp-block-image size-large\"><img loading=\"lazy\" decoding=\"async\" width=\"683\" height=\"1024\" src=\"http:\/\/www.galerieartconcept.com\/wp-content\/uploads\/BP268_JeanneAngkor_2020-683x1024.jpg\" alt=\"\" class=\"wp-image-18666\" srcset=\"https:\/\/www.galerieartconcept.com\/wp-content\/uploads\/BP268_JeanneAngkor_2020-683x1024.jpg 683w, https:\/\/www.galerieartconcept.com\/wp-content\/uploads\/BP268_JeanneAngkor_2020-200x300.jpg 200w, https:\/\/www.galerieartconcept.com\/wp-content\/uploads\/BP268_JeanneAngkor_2020-768x1152.jpg 768w, https:\/\/www.galerieartconcept.com\/wp-content\/uploads\/BP268_JeanneAngkor_2020-1024x1536.jpg 1024w, https:\/\/www.galerieartconcept.com\/wp-content\/uploads\/BP268_JeanneAngkor_2020-1365x2048.jpg 1365w, https:\/\/www.galerieartconcept.com\/wp-content\/uploads\/BP268_JeanneAngkor_2020-1200x1800.jpg 1200w, https:\/\/www.galerieartconcept.com\/wp-content\/uploads\/BP268_JeanneAngkor_2020-1980x2970.jpg 1980w, https:\/\/www.galerieartconcept.com\/wp-content\/uploads\/BP268_JeanneAngkor_2020-scaled.jpg 1707w\" sizes=\"auto, (max-width: 683px) 100vw, 683px\" \/><figcaption>Jean-Luc Blanc, Jeanne Angkor, 2020. Huile sur toile \/ Oil on canvas. 150 \u00d7 120 cm (59 \u00d7 47 \u00bc inches). Courtesy the artist and Art : Concept, Paris. Romain Darnaud<\/figcaption><\/figure>\n\n\n\n<p>A travers les figures d\u2019espions embl\u00e9matiques, de Mata Hari \u00e0 Carrie Mathison, et de OSS117 \u00e0&nbsp;Edward Snowden, cette exposition explore une histoire in\u00e9dite des relations entre cin\u00e9ma et espionnage.&nbsp;Elle \u00e9tablit comme point de d\u00e9part un jeu de miroir entre les deux disciplines, pratiques par excellence relevant de la captation, du simulacre et de la dissimulation.<\/p>\n\n\n\n<p><br>Une itin\u00e9rance de l\u2019exposition est pr\u00e9vue \u00e0 la CaixaForum de Madrid (du 29 octobre 2023 au 29 juin 2023) et de Barcelone (du 31 mars 2023 au 29 novembre 2024).<\/p>\n\n\n\n<p><a href=\"https:\/\/www.cinematheque.fr\/exposition\/top-secret-cinema-et-espionnage.html\" data-type=\"URL\" data-id=\"https:\/\/www.cinematheque.fr\/exposition\/top-secret-cinema-et-espionnage.html\">Plus d&rsquo;informations<\/a><\/p>\n","protected":false},"excerpt":{"rendered":"<p>A travers les figures d\u2019espions embl\u00e9matiques, de Mata Hari \u00e0 Carrie Mathison, et de OSS117 \u00e0&nbsp;Edward Snowden, cette exposition explore une histoire in\u00e9dite des relations entre cin\u00e9ma et espionnage.&nbsp;Elle \u00e9tablit comme point de d\u00e9part un jeu de miroir entre les deux disciplines, pratiques par excellence relevant de la captation, du simulacre et de la dissimulation. [&hellip;]<\/p>\n","protected":false},"author":1,"featured_media":0,"comment_status":"open","ping_status":"open","sticky":false,"template":"","format":"standard","meta":{"footnotes":""},"categories":[9],"tags":[],"class_list":["post-18665","post","type-post","status-publish","format-standard","hentry","category-news-fr"],"_links":{"self":[{"href":"https:\/\/www.galerieartconcept.com\/fr\/wp-json\/wp\/v2\/posts\/18665","targetHints":{"allow":["GET"]}}],"collection":[{"href":"https:\/\/www.galerieartconcept.com\/fr\/wp-json\/wp\/v2\/posts"}],"about":[{"href":"https:\/\/www.galerieartconcept.com\/fr\/wp-json\/wp\/v2\/types\/post"}],"author":[{"embeddable":true,"href":"https:\/\/www.galerieartconcept.com\/fr\/wp-json\/wp\/v2\/users\/1"}],"replies":[{"embeddable":true,"href":"https:\/\/www.galerieartconcept.com\/fr\/wp-json\/wp\/v2\/comments?post=18665"}],"version-history":[{"count":8,"href":"https:\/\/www.galerieartconcept.com\/fr\/wp-json\/wp\/v2\/posts\/18665\/revisions"}],"predecessor-version":[{"id":31749,"href":"https:\/\/www.galerieartconcept.com\/fr\/wp-json\/wp\/v2\/posts\/18665\/revisions\/31749"}],"wp:attachment":[{"href":"https:\/\/www.galerieartconcept.com\/fr\/wp-json\/wp\/v2\/media?parent=18665"}],"wp:term":[{"taxonomy":"category","embeddable":true,"href":"https:\/\/www.galerieartconcept.com\/fr\/wp-json\/wp\/v2\/categories?post=18665"},{"taxonomy":"post_tag","embeddable":true,"href":"https:\/\/www.galerieartconcept.com\/fr\/wp-json\/wp\/v2\/tags?post=18665"}],"curies":[{"name":"wp","href":"https:\/\/api.w.org\/{rel}","templated":true}]}}