{"id":18657,"date":"2022-05-20T14:12:19","date_gmt":"2022-05-20T14:12:19","guid":{"rendered":"http:\/\/www.galerieartconcept.com\/?p=18657"},"modified":"2024-06-26T08:28:10","modified_gmt":"2024-06-26T08:28:10","slug":"jeremy-deller-warning-graphic-content-mamco-musee-dart-moderne-et-contemporain-geneve-8-juillet-4-septembre-2022","status":"publish","type":"post","link":"https:\/\/www.galerieartconcept.com\/fr\/jeremy-deller-warning-graphic-content-mamco-musee-dart-moderne-et-contemporain-geneve-8-juillet-4-septembre-2022\/","title":{"rendered":"Jeremy Deller, Warning Graphic Content, MAMCO Mus\u00e9e d&rsquo;Art Moderne et Contemporain, Gen\u00e8ve, 8 juillet &#8211; 4 septembre 2022"},"content":{"rendered":"\n<figure class=\"wp-block-image size-large\"><img loading=\"lazy\" decoding=\"async\" width=\"1024\" height=\"768\" src=\"https:\/\/www.galerieartconcept.com\/wp-content\/uploads\/Annik-Wetter_2022-07-06_10095-2-1024x768.jpg\" alt=\"\" class=\"wp-image-31839\" srcset=\"https:\/\/www.galerieartconcept.com\/wp-content\/uploads\/Annik-Wetter_2022-07-06_10095-2-1024x768.jpg 1024w, https:\/\/www.galerieartconcept.com\/wp-content\/uploads\/Annik-Wetter_2022-07-06_10095-2-300x225.jpg 300w, https:\/\/www.galerieartconcept.com\/wp-content\/uploads\/Annik-Wetter_2022-07-06_10095-2-768x576.jpg 768w, https:\/\/www.galerieartconcept.com\/wp-content\/uploads\/Annik-Wetter_2022-07-06_10095-2-1536x1152.jpg 1536w, https:\/\/www.galerieartconcept.com\/wp-content\/uploads\/Annik-Wetter_2022-07-06_10095-2-2048x1536.jpg 2048w, https:\/\/www.galerieartconcept.com\/wp-content\/uploads\/Annik-Wetter_2022-07-06_10095-2-1200x900.jpg 1200w, https:\/\/www.galerieartconcept.com\/wp-content\/uploads\/Annik-Wetter_2022-07-06_10095-2-1980x1485.jpg 1980w\" sizes=\"auto, (max-width: 1024px) 100vw, 1024px\" \/><figcaption>Jeremy Deller, <em>Warning Graphic Content<\/em>, 1993-2021. Environ 120 posters imprim\u00e9s \/ c. 120 printed posters. Dimensions variable. Edition of 2 plus 1 exhibition copy. <br>Vue de l&rsquo;exposition Warning Graphic Content, MAMCO, Gen\u00e8ve\/CH. Courtesy the artist ; Art : Concept, Paris ; The Modern Institute\/Toby Webster LTD, Glasgow. Photo Annik Wetter<\/figcaption><\/figure>\n\n\n\n<p>L\u2019exposition \u2018Warning Graphic Content\u2019 rassemble toutes les \u0153uvres imprim\u00e9es et les affiches de Jeremy Deller de 1993 \u00e0 2021.<\/p>\n\n\n\n<p><a href=\"https:\/\/www.mamco.ch\/fr\/1910\/Jeremy-Deller\" data-type=\"URL\" data-id=\"https:\/\/www.mamco.ch\/fr\/1910\/Jeremy-Deller\">Plus d&rsquo;informations<\/a><\/p>\n","protected":false},"excerpt":{"rendered":"<p>L\u2019exposition \u2018Warning Graphic Content\u2019 rassemble toutes les \u0153uvres imprim\u00e9es et les affiches de Jeremy Deller de 1993 \u00e0 2021. Plus d&rsquo;informations<\/p>\n","protected":false},"author":1,"featured_media":0,"comment_status":"open","ping_status":"open","sticky":false,"template":"","format":"standard","meta":{"footnotes":""},"categories":[9],"tags":[],"class_list":["post-18657","post","type-post","status-publish","format-standard","hentry","category-news-fr"],"_links":{"self":[{"href":"https:\/\/www.galerieartconcept.com\/fr\/wp-json\/wp\/v2\/posts\/18657","targetHints":{"allow":["GET"]}}],"collection":[{"href":"https:\/\/www.galerieartconcept.com\/fr\/wp-json\/wp\/v2\/posts"}],"about":[{"href":"https:\/\/www.galerieartconcept.com\/fr\/wp-json\/wp\/v2\/types\/post"}],"author":[{"embeddable":true,"href":"https:\/\/www.galerieartconcept.com\/fr\/wp-json\/wp\/v2\/users\/1"}],"replies":[{"embeddable":true,"href":"https:\/\/www.galerieartconcept.com\/fr\/wp-json\/wp\/v2\/comments?post=18657"}],"version-history":[{"count":4,"href":"https:\/\/www.galerieartconcept.com\/fr\/wp-json\/wp\/v2\/posts\/18657\/revisions"}],"predecessor-version":[{"id":31841,"href":"https:\/\/www.galerieartconcept.com\/fr\/wp-json\/wp\/v2\/posts\/18657\/revisions\/31841"}],"wp:attachment":[{"href":"https:\/\/www.galerieartconcept.com\/fr\/wp-json\/wp\/v2\/media?parent=18657"}],"wp:term":[{"taxonomy":"category","embeddable":true,"href":"https:\/\/www.galerieartconcept.com\/fr\/wp-json\/wp\/v2\/categories?post=18657"},{"taxonomy":"post_tag","embeddable":true,"href":"https:\/\/www.galerieartconcept.com\/fr\/wp-json\/wp\/v2\/tags?post=18657"}],"curies":[{"name":"wp","href":"https:\/\/api.w.org\/{rel}","templated":true}]}}