{"id":18482,"date":"2022-05-18T11:20:40","date_gmt":"2022-05-18T11:20:40","guid":{"rendered":"http:\/\/www.galerieartconcept.com\/?p=18482"},"modified":"2024-06-26T09:22:05","modified_gmt":"2024-06-26T09:22:05","slug":"caroline-achaintre-corentin-grossman-richard-fauguet-toucher-terre-lart-ceramique-fondation-villa-datris-lisle-sur-la-sorgue-27-mai-1-novembre-2022","status":"publish","type":"post","link":"https:\/\/www.galerieartconcept.com\/fr\/caroline-achaintre-corentin-grossman-richard-fauguet-toucher-terre-lart-ceramique-fondation-villa-datris-lisle-sur-la-sorgue-27-mai-1-novembre-2022\/","title":{"rendered":"Caroline Achaintre, Corentin Grossman, Richard Fauguet, Toucher Terre, l&rsquo;Art C\u00e9ramique, Fondation Villa Datris, L\u2019isle-sur-la-Sorgue, 27 mai &#8211; 1 novembre 2022"},"content":{"rendered":"\n<figure class=\"wp-block-image size-large\"><img loading=\"lazy\" decoding=\"async\" width=\"683\" height=\"1024\" src=\"http:\/\/www.galerieartconcept.com\/wp-content\/uploads\/CA_Elm_-2021-683x1024.jpg\" alt=\"\" class=\"wp-image-18485\" srcset=\"https:\/\/www.galerieartconcept.com\/wp-content\/uploads\/CA_Elm_-2021-683x1024.jpg 683w, https:\/\/www.galerieartconcept.com\/wp-content\/uploads\/CA_Elm_-2021-200x300.jpg 200w, https:\/\/www.galerieartconcept.com\/wp-content\/uploads\/CA_Elm_-2021-768x1152.jpg 768w, https:\/\/www.galerieartconcept.com\/wp-content\/uploads\/CA_Elm_-2021-1024x1536.jpg 1024w, https:\/\/www.galerieartconcept.com\/wp-content\/uploads\/CA_Elm_-2021-1365x2048.jpg 1365w, https:\/\/www.galerieartconcept.com\/wp-content\/uploads\/CA_Elm_-2021-1200x1800.jpg 1200w, https:\/\/www.galerieartconcept.com\/wp-content\/uploads\/CA_Elm_-2021-1980x2970.jpg 1980w, https:\/\/www.galerieartconcept.com\/wp-content\/uploads\/CA_Elm_-2021-scaled.jpg 1707w\" sizes=\"auto, (max-width: 683px) 100vw, 683px\" \/><figcaption>Caroline Achaintre, Elm, 2021. C\u00e9ramique\/terre cuite \/ Ceramic\/terracotta, 63 \u00d7 26 \u00d7 22 cm. Courtesy the artist and Art : Concept, Paris. Photo Romain Darnaud. Collection Villa Datris<\/figcaption><\/figure>\n\n\n\n<p>Avec <em>Toucher Terre<\/em>, la Villa Datris poursuit l\u2019exploration des savoirs ancestraux revisit\u00e9s par la cr\u00e9ation contemporaine, comme un \u00e9cho \u00e0&nbsp;<em>Tissage\/Tressage<\/em>, exposition pr\u00e9sent\u00e9e en 2018 et consacr\u00e9e \u00e0 l\u2019art textile.<\/p>\n\n\n\n<p>Du 27 mai au 1er novembre 2022, la Fondation explore l\u2019art de la sculpture c\u00e9ramique en r\u00e9unissant plus de 130 \u0153uvres r\u00e9alis\u00e9es par 100 artistes historiques, contemporains et \u00e9mergents fran\u00e7ais et internationaux.<\/p>\n\n\n\n<p>En s\u2019emparant avec cr\u00e9ativit\u00e9 et originalit\u00e9 de cette mati\u00e8re qu\u2019est la terre, les artistes semblent partager une vision du monde r\u00e9paratrice, qui cherche \u00e0 lier la soci\u00e9t\u00e9 \u00e0 la nature, les cultures pass\u00e9es \u00e0 celles \u00e0 venir. Plus actuelles que jamais, ces techniques imm\u00e9moriales ouvrent un nouvel espace de cr\u00e9ativit\u00e9 pour les artistes qui puisent dans leurs forces inou\u00efes une profonde \u00e9nergie et une merveilleuse source d\u2019inspiration pour notre temps.<\/p>\n\n\n\n<p>Depuis quelques ann\u00e9es, le travail de la terre est revenu sur le devant de la sc\u00e8ne contemporaine avec des artistes qui interrogent dans leurs \u0153uvres, les probl\u00e9matiques soci\u00e9tales et environnementales. \u00a0 C\u2019est ce que la Fondation Villa Datris souhaite transmettre \u00e0 ses visiteuses et visiteurs tout en c\u00e9l\u00e9brant une approche pleine d\u2019humour et de surprise de l\u2019art c\u00e9ramique.<\/p>\n\n\n\n<p><a href=\"https:\/\/fondationvilladatris.fr\/catalogue\/catalogue-toucher-terre-la-sculpture-ceramique-exposition-2023-paris\/\" data-type=\"URL\" data-id=\"https:\/\/fondationvilladatris.fr\/catalogue\/catalogue-toucher-terre-la-sculpture-ceramique-exposition-2023-paris\/\">Plus d&rsquo;informations<\/a><\/p>\n","protected":false},"excerpt":{"rendered":"<p>Avec Toucher Terre, la Villa Datris poursuit l\u2019exploration des savoirs ancestraux revisit\u00e9s par la cr\u00e9ation contemporaine, comme un \u00e9cho \u00e0&nbsp;Tissage\/Tressage, exposition pr\u00e9sent\u00e9e en 2018 et consacr\u00e9e \u00e0 l\u2019art textile. Du 27 mai au 1er novembre 2022, la Fondation explore l\u2019art de la sculpture c\u00e9ramique en r\u00e9unissant plus de 130 \u0153uvres r\u00e9alis\u00e9es par 100 artistes historiques, [&hellip;]<\/p>\n","protected":false},"author":1,"featured_media":0,"comment_status":"open","ping_status":"open","sticky":false,"template":"","format":"standard","meta":{"footnotes":""},"categories":[9],"tags":[],"class_list":["post-18482","post","type-post","status-publish","format-standard","hentry","category-news-fr"],"_links":{"self":[{"href":"https:\/\/www.galerieartconcept.com\/fr\/wp-json\/wp\/v2\/posts\/18482","targetHints":{"allow":["GET"]}}],"collection":[{"href":"https:\/\/www.galerieartconcept.com\/fr\/wp-json\/wp\/v2\/posts"}],"about":[{"href":"https:\/\/www.galerieartconcept.com\/fr\/wp-json\/wp\/v2\/types\/post"}],"author":[{"embeddable":true,"href":"https:\/\/www.galerieartconcept.com\/fr\/wp-json\/wp\/v2\/users\/1"}],"replies":[{"embeddable":true,"href":"https:\/\/www.galerieartconcept.com\/fr\/wp-json\/wp\/v2\/comments?post=18482"}],"version-history":[{"count":5,"href":"https:\/\/www.galerieartconcept.com\/fr\/wp-json\/wp\/v2\/posts\/18482\/revisions"}],"predecessor-version":[{"id":31858,"href":"https:\/\/www.galerieartconcept.com\/fr\/wp-json\/wp\/v2\/posts\/18482\/revisions\/31858"}],"wp:attachment":[{"href":"https:\/\/www.galerieartconcept.com\/fr\/wp-json\/wp\/v2\/media?parent=18482"}],"wp:term":[{"taxonomy":"category","embeddable":true,"href":"https:\/\/www.galerieartconcept.com\/fr\/wp-json\/wp\/v2\/categories?post=18482"},{"taxonomy":"post_tag","embeddable":true,"href":"https:\/\/www.galerieartconcept.com\/fr\/wp-json\/wp\/v2\/tags?post=18482"}],"curies":[{"name":"wp","href":"https:\/\/api.w.org\/{rel}","templated":true}]}}