{"id":18306,"date":"2022-04-30T15:16:38","date_gmt":"2022-04-30T15:16:38","guid":{"rendered":"http:\/\/www.galerieartconcept.com\/adam-mcewen-le-songe-dulysse-villa-carmignac-ile-de-porquerolles-april-30-october-16-2022\/"},"modified":"2022-05-06T15:32:10","modified_gmt":"2022-05-06T15:32:10","slug":"adam-mcewen-le-songe-dulysse-villa-carmignac-ile-de-porquerolles-april-30-october-16-2022","status":"publish","type":"post","link":"https:\/\/www.galerieartconcept.com\/fr\/adam-mcewen-le-songe-dulysse-villa-carmignac-ile-de-porquerolles-april-30-october-16-2022\/","title":{"rendered":"Adam McEwen, Le Songe d&rsquo;Ulysse, Villa Carmignac, Ile de Porquerolles, 30 avril &#8211; 16 octobre 2022"},"content":{"rendered":"\n<figure class=\"wp-block-gallery columns-3 is-cropped wp-block-gallery-1 is-layout-flex wp-block-gallery-is-layout-flex\"><ul class=\"blocks-gallery-grid\"><li class=\"blocks-gallery-item\"><figure><img loading=\"lazy\" decoding=\"async\" width=\"1024\" height=\"683\" src=\"http:\/\/www.galerieartconcept.com\/wp-content\/uploads\/AdamMcEwen-1.jpg\" alt=\"\" data-id=\"18298\" data-full-url=\"http:\/\/www.galerieartconcept.com\/wp-content\/uploads\/AdamMcEwen-1.jpg\" data-link=\"http:\/\/www.galerieartconcept.com\/?attachment_id=18298\" class=\"wp-image-18298\" srcset=\"https:\/\/www.galerieartconcept.com\/wp-content\/uploads\/AdamMcEwen-1.jpg 1024w, https:\/\/www.galerieartconcept.com\/wp-content\/uploads\/AdamMcEwen-1-300x200.jpg 300w, https:\/\/www.galerieartconcept.com\/wp-content\/uploads\/AdamMcEwen-1-768x512.jpg 768w\" sizes=\"auto, (max-width: 1024px) 100vw, 1024px\" \/><\/figure><\/li><li class=\"blocks-gallery-item\"><figure><img loading=\"lazy\" decoding=\"async\" width=\"1024\" height=\"683\" src=\"http:\/\/www.galerieartconcept.com\/wp-content\/uploads\/AdamMcEwen-2.jpg\" alt=\"\" data-id=\"18300\" data-full-url=\"http:\/\/www.galerieartconcept.com\/wp-content\/uploads\/AdamMcEwen-2.jpg\" data-link=\"http:\/\/www.galerieartconcept.com\/?attachment_id=18300\" class=\"wp-image-18300\" srcset=\"https:\/\/www.galerieartconcept.com\/wp-content\/uploads\/AdamMcEwen-2.jpg 1024w, https:\/\/www.galerieartconcept.com\/wp-content\/uploads\/AdamMcEwen-2-300x200.jpg 300w, https:\/\/www.galerieartconcept.com\/wp-content\/uploads\/AdamMcEwen-2-768x512.jpg 768w\" sizes=\"auto, (max-width: 1024px) 100vw, 1024px\" \/><\/figure><\/li><li class=\"blocks-gallery-item\"><figure><img loading=\"lazy\" decoding=\"async\" width=\"1024\" height=\"683\" src=\"http:\/\/www.galerieartconcept.com\/wp-content\/uploads\/AdamMcEwen-3.jpg\" alt=\"\" data-id=\"18302\" data-full-url=\"http:\/\/www.galerieartconcept.com\/wp-content\/uploads\/AdamMcEwen-3.jpg\" data-link=\"http:\/\/www.galerieartconcept.com\/?attachment_id=18302\" class=\"wp-image-18302\" srcset=\"https:\/\/www.galerieartconcept.com\/wp-content\/uploads\/AdamMcEwen-3.jpg 1024w, https:\/\/www.galerieartconcept.com\/wp-content\/uploads\/AdamMcEwen-3-300x200.jpg 300w, https:\/\/www.galerieartconcept.com\/wp-content\/uploads\/AdamMcEwen-3-768x512.jpg 768w\" sizes=\"auto, (max-width: 1024px) 100vw, 1024px\" \/><\/figure><\/li><\/ul><figcaption class=\"blocks-gallery-caption\">Vue d\u2019exposition \/ Installation view \u2018Le songe d\u2019Ulysse\u2019, Villa Carmignac, 2022. Collection Fondation Carmignac. Photo Thibaut Chapotot<\/figcaption><\/figure>\n\n\n\n<p>Adam McEwen fait partie de l\u2019exposition Le songe d\u2019Ulysse \u00e0 Villa Carmignac, Villa Carmignac, \u00eele de Porquerolles, du 30 avril 2022 au 16 octobre 2022<\/p>\n\n\n\n<p>Adam McEwen place son travail au croisement entre culture populaire et mythologies personnelles. Un de ces r\u00e9cits qui stagnent sous la surface et refusent de dispara\u00eetre est ici imprim\u00e9 sur \u00e9ponge.<\/p>\n\n\n\n<p>Commissaire invit\u00e9 : Francesco Stocchi (Boijmans van Beuningen Museum)<\/p>\n\n\n\n<p><a href=\"https:\/\/www.fondationcarmignac.com\/fr\/expo-villa-carmignac-porquerolles-2022-songe-ulysse\/\" data-type=\"URL\" data-id=\"https:\/\/www.fondationcarmignac.com\/fr\/expo-villa-carmignac-porquerolles-2022-songe-ulysse\/\">Plus d&rsquo;informations<\/a><\/p>\n","protected":false},"excerpt":{"rendered":"<p>Adam McEwen fait partie de l\u2019exposition Le songe d\u2019Ulysse \u00e0 Villa Carmignac, Villa Carmignac, \u00eele de Porquerolles, du 30 avril 2022 au 16 octobre 2022 Adam McEwen place son travail au croisement entre culture populaire et mythologies personnelles. Un de ces r\u00e9cits qui stagnent sous la surface et refusent de dispara\u00eetre est ici imprim\u00e9 sur [&hellip;]<\/p>\n","protected":false},"author":1,"featured_media":0,"comment_status":"open","ping_status":"open","sticky":false,"template":"","format":"standard","meta":{"footnotes":""},"categories":[9],"tags":[],"class_list":["post-18306","post","type-post","status-publish","format-standard","hentry","category-news-fr"],"_links":{"self":[{"href":"https:\/\/www.galerieartconcept.com\/fr\/wp-json\/wp\/v2\/posts\/18306","targetHints":{"allow":["GET"]}}],"collection":[{"href":"https:\/\/www.galerieartconcept.com\/fr\/wp-json\/wp\/v2\/posts"}],"about":[{"href":"https:\/\/www.galerieartconcept.com\/fr\/wp-json\/wp\/v2\/types\/post"}],"author":[{"embeddable":true,"href":"https:\/\/www.galerieartconcept.com\/fr\/wp-json\/wp\/v2\/users\/1"}],"replies":[{"embeddable":true,"href":"https:\/\/www.galerieartconcept.com\/fr\/wp-json\/wp\/v2\/comments?post=18306"}],"version-history":[{"count":3,"href":"https:\/\/www.galerieartconcept.com\/fr\/wp-json\/wp\/v2\/posts\/18306\/revisions"}],"predecessor-version":[{"id":18313,"href":"https:\/\/www.galerieartconcept.com\/fr\/wp-json\/wp\/v2\/posts\/18306\/revisions\/18313"}],"wp:attachment":[{"href":"https:\/\/www.galerieartconcept.com\/fr\/wp-json\/wp\/v2\/media?parent=18306"}],"wp:term":[{"taxonomy":"category","embeddable":true,"href":"https:\/\/www.galerieartconcept.com\/fr\/wp-json\/wp\/v2\/categories?post=18306"},{"taxonomy":"post_tag","embeddable":true,"href":"https:\/\/www.galerieartconcept.com\/fr\/wp-json\/wp\/v2\/tags?post=18306"}],"curies":[{"name":"wp","href":"https:\/\/api.w.org\/{rel}","templated":true}]}}