{"id":18228,"date":"2022-03-29T10:00:27","date_gmt":"2022-03-29T10:00:27","guid":{"rendered":"http:\/\/www.galerieartconcept.com\/kate-newby-reclamer-la-terre-palais-de-tokyo-april-15-september-4-2022\/"},"modified":"2022-06-11T14:19:54","modified_gmt":"2022-06-11T14:19:54","slug":"kate-newby-reclamer-la-terre-palais-de-tokyo-april-15-september-4-2022","status":"publish","type":"post","link":"https:\/\/www.galerieartconcept.com\/fr\/kate-newby-reclamer-la-terre-palais-de-tokyo-april-15-september-4-2022\/","title":{"rendered":"Kate Newby, R\u00e9clamer la terre, Palais de Tokyo, 15 avril &#8211; 4 septembre 2022"},"content":{"rendered":"\n<figure class=\"wp-block-image size-large is-resized\"><img loading=\"lazy\" decoding=\"async\" src=\"http:\/\/www.galerieartconcept.com\/wp-content\/uploads\/copie-1024x768.png\" alt=\"\" class=\"wp-image-18217\" width=\"610\" height=\"457\" srcset=\"https:\/\/www.galerieartconcept.com\/wp-content\/uploads\/copie-1024x768.png 1024w, https:\/\/www.galerieartconcept.com\/wp-content\/uploads\/copie-300x225.png 300w, https:\/\/www.galerieartconcept.com\/wp-content\/uploads\/copie-768x576.png 768w, https:\/\/www.galerieartconcept.com\/wp-content\/uploads\/copie-1200x900.png 1200w, https:\/\/www.galerieartconcept.com\/wp-content\/uploads\/copie.png 1461w\" sizes=\"auto, (max-width: 610px) 100vw, 610px\" \/><figcaption>Kate Newby, Sans titre, 2022. Bricks installation at Palais de Tokyo. Courtesy of the artist and Art : Concept.<\/figcaption><\/figure>\n\n\n\n<p>Kate Newby pr\u00e9sente ses \u0153uvres cr\u00e9\u00e9es pour le Palais de Tokyo dans l\u2019exposition collective \u2018R\u00e9clamer la terre\u2019.<\/p>\n\n\n\n<p>Toutes les \u0153uvres ont \u00e9t\u00e9 cr\u00e9\u00e9es pour l&rsquo;occasion, au cours de r\u00e9sidences en France. Pour ses \u0153uvres en briques, l&rsquo;artiste a collabor\u00e9 avec les \u00e9tablissements des Rairies-Montrieux.<\/p>\n\n\n\n<p><a href=\"https:\/\/palaisdetokyo.com\/exposition\/reclamer-la-terre\/\" data-type=\"URL\" data-id=\"https:\/\/palaisdetokyo.com\/exposition\/reclamer-la-terre\/\">Plus d&rsquo;informations<\/a><\/p>\n","protected":false},"excerpt":{"rendered":"<p>Kate Newby pr\u00e9sente ses \u0153uvres cr\u00e9\u00e9es pour le Palais de Tokyo dans l\u2019exposition collective \u2018R\u00e9clamer la terre\u2019. Toutes les \u0153uvres ont \u00e9t\u00e9 cr\u00e9\u00e9es pour l&rsquo;occasion, au cours de r\u00e9sidences en France. Pour ses \u0153uvres en briques, l&rsquo;artiste a collabor\u00e9 avec les \u00e9tablissements des Rairies-Montrieux. Plus d&rsquo;informations<\/p>\n","protected":false},"author":1,"featured_media":0,"comment_status":"open","ping_status":"open","sticky":false,"template":"","format":"standard","meta":{"footnotes":""},"categories":[9],"tags":[],"class_list":["post-18228","post","type-post","status-publish","format-standard","hentry","category-news-fr"],"_links":{"self":[{"href":"https:\/\/www.galerieartconcept.com\/fr\/wp-json\/wp\/v2\/posts\/18228","targetHints":{"allow":["GET"]}}],"collection":[{"href":"https:\/\/www.galerieartconcept.com\/fr\/wp-json\/wp\/v2\/posts"}],"about":[{"href":"https:\/\/www.galerieartconcept.com\/fr\/wp-json\/wp\/v2\/types\/post"}],"author":[{"embeddable":true,"href":"https:\/\/www.galerieartconcept.com\/fr\/wp-json\/wp\/v2\/users\/1"}],"replies":[{"embeddable":true,"href":"https:\/\/www.galerieartconcept.com\/fr\/wp-json\/wp\/v2\/comments?post=18228"}],"version-history":[{"count":4,"href":"https:\/\/www.galerieartconcept.com\/fr\/wp-json\/wp\/v2\/posts\/18228\/revisions"}],"predecessor-version":[{"id":18899,"href":"https:\/\/www.galerieartconcept.com\/fr\/wp-json\/wp\/v2\/posts\/18228\/revisions\/18899"}],"wp:attachment":[{"href":"https:\/\/www.galerieartconcept.com\/fr\/wp-json\/wp\/v2\/media?parent=18228"}],"wp:term":[{"taxonomy":"category","embeddable":true,"href":"https:\/\/www.galerieartconcept.com\/fr\/wp-json\/wp\/v2\/categories?post=18228"},{"taxonomy":"post_tag","embeddable":true,"href":"https:\/\/www.galerieartconcept.com\/fr\/wp-json\/wp\/v2\/tags?post=18228"}],"curies":[{"name":"wp","href":"https:\/\/api.w.org\/{rel}","templated":true}]}}