{"id":18109,"date":"2022-03-29T09:02:31","date_gmt":"2022-03-29T09:02:31","guid":{"rendered":"http:\/\/www.galerieartconcept.com\/?p=18109"},"modified":"2024-06-26T09:46:34","modified_gmt":"2024-06-26T09:46:34","slug":"ulla-von-brandenburg-die-walkure-de-richard-wagner-staatsoper-stuttgart-10-avril-2-mai-2022","status":"publish","type":"post","link":"https:\/\/www.galerieartconcept.com\/fr\/ulla-von-brandenburg-die-walkure-de-richard-wagner-staatsoper-stuttgart-10-avril-2-mai-2022\/","title":{"rendered":"Ulla von Brandenburg, Die Walk\u00fcre de Richard Wagner, Staatsoper Stuttgart, 10 avril &#8211; 2 mai 2022"},"content":{"rendered":"\n<figure class=\"wp-block-image size-large\"><img loading=\"lazy\" decoding=\"async\" width=\"1024\" height=\"598\" src=\"https:\/\/www.galerieartconcept.com\/wp-content\/uploads\/SIG7034-1-1024x598.jpg\" alt=\"\" class=\"wp-image-31902\" srcset=\"https:\/\/www.galerieartconcept.com\/wp-content\/uploads\/SIG7034-1-1024x598.jpg 1024w, https:\/\/www.galerieartconcept.com\/wp-content\/uploads\/SIG7034-1-300x175.jpg 300w, https:\/\/www.galerieartconcept.com\/wp-content\/uploads\/SIG7034-1-768x448.jpg 768w, https:\/\/www.galerieartconcept.com\/wp-content\/uploads\/SIG7034-1-1536x896.jpg 1536w, https:\/\/www.galerieartconcept.com\/wp-content\/uploads\/SIG7034-1-2048x1195.jpg 2048w, https:\/\/www.galerieartconcept.com\/wp-content\/uploads\/SIG7034-1-1200x700.jpg 1200w, https:\/\/www.galerieartconcept.com\/wp-content\/uploads\/SIG7034-1-1980x1156.jpg 1980w\" sizes=\"auto, (max-width: 1024px) 100vw, 1024px\" \/><figcaption>Die Walk\u00fcre, Richard Wagner, Staatsoper Stuttgart, 2022.<br>Regie, set and costumes Ulla von Brandenburg \/ Benoit R\u00e9sillot \/ Julia Moss\u00e9 in Staatsoper Stuttgart, April-May 2022<br>Esther Dierkes (Gerhilde); Clare Tunney(Helmwige); Leia Lensing (Waltraute); Stine Marie Fischer (Schwertleite); Catriona Smith (Ortlinde); Linsey Coppens (Siegrune); Anna Werle (Ro\u00dfwei\u00dfe); Maria Theresa Ullrich (Grimgerde); Okka von der Damerau (Br\u00fcnnhilde); Simone Schneider (Sieglinde); Brian Mulligan (Wotan)<br>Photo : Martin Sigmund<\/figcaption><\/figure>\n\n\n\n<figure class=\"wp-block-image size-large\"><img loading=\"lazy\" decoding=\"async\" width=\"1024\" height=\"683\" src=\"https:\/\/www.galerieartconcept.com\/wp-content\/uploads\/SGS0675_m-copie-2-1024x683.jpg\" alt=\"\" class=\"wp-image-31905\" srcset=\"https:\/\/www.galerieartconcept.com\/wp-content\/uploads\/SGS0675_m-copie-2-1024x683.jpg 1024w, https:\/\/www.galerieartconcept.com\/wp-content\/uploads\/SGS0675_m-copie-2-300x200.jpg 300w, https:\/\/www.galerieartconcept.com\/wp-content\/uploads\/SGS0675_m-copie-2-768x513.jpg 768w, https:\/\/www.galerieartconcept.com\/wp-content\/uploads\/SGS0675_m-copie-2-1536x1025.jpg 1536w, https:\/\/www.galerieartconcept.com\/wp-content\/uploads\/SGS0675_m-copie-2-2048x1367.jpg 2048w, https:\/\/www.galerieartconcept.com\/wp-content\/uploads\/SGS0675_m-copie-2-1200x801.jpg 1200w, https:\/\/www.galerieartconcept.com\/wp-content\/uploads\/SGS0675_m-copie-2-1980x1321.jpg 1980w\" sizes=\"auto, (max-width: 1024px) 100vw, 1024px\" \/><figcaption>Vue de l&rsquo;exposition \/ Installation view : Ulla von Brandenburg, <em>Masked and above all \u2013 discreet,<\/em> 2022, detail, \u00a9 Courtesy of the artist and Meyer Riegger, Berlin\/Karlsruhe; Produzentengalerie Hamburg, Hamburg; Galerie Art: Concept, Paris; Pilar Corrias, London. Photo: Staatsgalerie Stuttgart, Sander Pitl<\/figcaption><\/figure>\n\n\n\n<p><\/p>\n\n\n\n<p>Ulla von Brandenburg signe la mise en sc\u00e8ne, la sc\u00e9nographie et les costumes du troisi\u00e8me acte de \u2018Die Walk\u00fcre\u2019 de Richard Wagner, pr\u00e9sent\u00e9 \u00e0 l\u2019Op\u00e9ra de Stuttgart .\u00a0<\/p>\n\n\n\n<p>La Premi\u00e8re, pr\u00e9vue pour le 10 avril 2022, marque l&rsquo;ouverture du troisi\u00e8me festival de printemps de la Staatsoper Stuttgart ; d&rsquo;autres repr\u00e9sentations de \u00ab\u00a0Die Walk\u00fcre\u00a0\u00bb auront lieu les 18, 23, 29 avril et 2 mai 2022.<\/p>\n\n\n\n<p>Avec le collectif de th\u00e9\u00e2tre n\u00e9erlandais Hotel Modern (1. Act) et le concepteur de lumi\u00e8re Urs Sch\u00f6nebaum (2. Act).<\/p>\n\n\n\n<p><a href=\"https:\/\/www.nytimes.com\/2022\/04\/10\/arts\/music\/wagner-walkure-opera.html\" data-type=\"URL\" data-id=\"https:\/\/www.nytimes.com\/2022\/04\/10\/arts\/music\/wagner-walkure-opera.html\">Lire l&rsquo;article publi\u00e9 dans le Yew York Times (en anglais).<\/a><\/p>\n","protected":false},"excerpt":{"rendered":"<p>Ulla von Brandenburg signe la mise en sc\u00e8ne, la sc\u00e9nographie et les costumes du troisi\u00e8me acte de \u2018Die Walk\u00fcre\u2019 de Richard Wagner, pr\u00e9sent\u00e9 \u00e0 l\u2019Op\u00e9ra de Stuttgart .\u00a0 La Premi\u00e8re, pr\u00e9vue pour le 10 avril 2022, marque l&rsquo;ouverture du troisi\u00e8me festival de printemps de la Staatsoper Stuttgart ; d&rsquo;autres repr\u00e9sentations de \u00ab\u00a0Die Walk\u00fcre\u00a0\u00bb auront lieu [&hellip;]<\/p>\n","protected":false},"author":1,"featured_media":0,"comment_status":"open","ping_status":"open","sticky":false,"template":"","format":"standard","meta":{"footnotes":""},"categories":[9],"tags":[],"class_list":["post-18109","post","type-post","status-publish","format-standard","hentry","category-news-fr"],"_links":{"self":[{"href":"https:\/\/www.galerieartconcept.com\/fr\/wp-json\/wp\/v2\/posts\/18109","targetHints":{"allow":["GET"]}}],"collection":[{"href":"https:\/\/www.galerieartconcept.com\/fr\/wp-json\/wp\/v2\/posts"}],"about":[{"href":"https:\/\/www.galerieartconcept.com\/fr\/wp-json\/wp\/v2\/types\/post"}],"author":[{"embeddable":true,"href":"https:\/\/www.galerieartconcept.com\/fr\/wp-json\/wp\/v2\/users\/1"}],"replies":[{"embeddable":true,"href":"https:\/\/www.galerieartconcept.com\/fr\/wp-json\/wp\/v2\/comments?post=18109"}],"version-history":[{"count":4,"href":"https:\/\/www.galerieartconcept.com\/fr\/wp-json\/wp\/v2\/posts\/18109\/revisions"}],"predecessor-version":[{"id":31907,"href":"https:\/\/www.galerieartconcept.com\/fr\/wp-json\/wp\/v2\/posts\/18109\/revisions\/31907"}],"wp:attachment":[{"href":"https:\/\/www.galerieartconcept.com\/fr\/wp-json\/wp\/v2\/media?parent=18109"}],"wp:term":[{"taxonomy":"category","embeddable":true,"href":"https:\/\/www.galerieartconcept.com\/fr\/wp-json\/wp\/v2\/categories?post=18109"},{"taxonomy":"post_tag","embeddable":true,"href":"https:\/\/www.galerieartconcept.com\/fr\/wp-json\/wp\/v2\/tags?post=18109"}],"curies":[{"name":"wp","href":"https:\/\/api.w.org\/{rel}","templated":true}]}}