{"id":17990,"date":"2022-03-25T11:56:08","date_gmt":"2022-03-25T11:56:08","guid":{"rendered":"http:\/\/www.galerieartconcept.com\/?p=17990"},"modified":"2022-03-31T09:49:20","modified_gmt":"2022-03-31T09:49:20","slug":"julien-audebert-le-jardin-miroir-du-monde-chateau-du-rivau-1-avril-2-novembre-2022","status":"publish","type":"post","link":"https:\/\/www.galerieartconcept.com\/fr\/julien-audebert-le-jardin-miroir-du-monde-chateau-du-rivau-1-avril-2-novembre-2022\/","title":{"rendered":"Julien Audebert, Le Jardin, miroir du monde, Ch\u00e2teau du Rivau, 1 avril &#8211; 2 novembre 2022"},"content":{"rendered":"\n<figure class=\"wp-block-gallery columns-3 is-cropped wp-block-gallery-1 is-layout-flex wp-block-gallery-is-layout-flex\"><ul class=\"blocks-gallery-grid\"><li class=\"blocks-gallery-item\"><figure><img loading=\"lazy\" decoding=\"async\" width=\"853\" height=\"1024\" src=\"http:\/\/www.galerieartconcept.com\/wp-content\/uploads\/JA-2019-2020-Obsidionale-Anthemis-tinctoria-Anthe\u0301mis-des-teinturiers-853x1024.jpg\" alt=\"\" data-id=\"17995\" data-full-url=\"http:\/\/www.galerieartconcept.com\/wp-content\/uploads\/JA-2019-2020-Obsidionale-Anthemis-tinctoria-Anthe\u0301mis-des-teinturiers.jpg\" data-link=\"http:\/\/www.galerieartconcept.com\/fr\/?attachment_id=17995\" class=\"wp-image-17995\" srcset=\"https:\/\/www.galerieartconcept.com\/wp-content\/uploads\/JA-2019-2020-Obsidionale-Anthemis-tinctoria-Anthe\u0301mis-des-teinturiers-853x1024.jpg 853w, https:\/\/www.galerieartconcept.com\/wp-content\/uploads\/JA-2019-2020-Obsidionale-Anthemis-tinctoria-Anthe\u0301mis-des-teinturiers-250x300.jpg 250w, https:\/\/www.galerieartconcept.com\/wp-content\/uploads\/JA-2019-2020-Obsidionale-Anthemis-tinctoria-Anthe\u0301mis-des-teinturiers-768x922.jpg 768w, https:\/\/www.galerieartconcept.com\/wp-content\/uploads\/JA-2019-2020-Obsidionale-Anthemis-tinctoria-Anthe\u0301mis-des-teinturiers-1279x1536.jpg 1279w, https:\/\/www.galerieartconcept.com\/wp-content\/uploads\/JA-2019-2020-Obsidionale-Anthemis-tinctoria-Anthe\u0301mis-des-teinturiers-1706x2048.jpg 1706w, https:\/\/www.galerieartconcept.com\/wp-content\/uploads\/JA-2019-2020-Obsidionale-Anthemis-tinctoria-Anthe\u0301mis-des-teinturiers-1200x1441.jpg 1200w, https:\/\/www.galerieartconcept.com\/wp-content\/uploads\/JA-2019-2020-Obsidionale-Anthemis-tinctoria-Anthe\u0301mis-des-teinturiers-1980x2377.jpg 1980w, https:\/\/www.galerieartconcept.com\/wp-content\/uploads\/JA-2019-2020-Obsidionale-Anthemis-tinctoria-Anthe\u0301mis-des-teinturiers.jpg 2048w\" sizes=\"auto, (max-width: 853px) 100vw, 853px\" \/><figcaption class=\"blocks-gallery-item__caption\">Julien Audebert, Obsidionale (Anthemis tinctoria \/ Anth\u00e9mis des teinturiers), 2019-2020, Huile sur cuivre \/ Oil on copper. 18 \u00d7 15 cm (7 \u215b \u00d7 5 \u215e inches). Courtesy artist &amp; Art : Concept, Paris<\/figcaption><\/figure><\/li><li class=\"blocks-gallery-item\"><figure><img loading=\"lazy\" decoding=\"async\" width=\"857\" height=\"1024\" src=\"http:\/\/www.galerieartconcept.com\/wp-content\/uploads\/JA-2019-2020-Obsidionale-Bunias-fausse-roquette-857x1024.jpg\" alt=\"\" data-id=\"17997\" data-full-url=\"http:\/\/www.galerieartconcept.com\/wp-content\/uploads\/JA-2019-2020-Obsidionale-Bunias-fausse-roquette.jpg\" data-link=\"http:\/\/www.galerieartconcept.com\/fr\/?attachment_id=17997\" class=\"wp-image-17997\" srcset=\"https:\/\/www.galerieartconcept.com\/wp-content\/uploads\/JA-2019-2020-Obsidionale-Bunias-fausse-roquette-857x1024.jpg 857w, https:\/\/www.galerieartconcept.com\/wp-content\/uploads\/JA-2019-2020-Obsidionale-Bunias-fausse-roquette-251x300.jpg 251w, https:\/\/www.galerieartconcept.com\/wp-content\/uploads\/JA-2019-2020-Obsidionale-Bunias-fausse-roquette-768x917.jpg 768w, https:\/\/www.galerieartconcept.com\/wp-content\/uploads\/JA-2019-2020-Obsidionale-Bunias-fausse-roquette-1286x1536.jpg 1286w, https:\/\/www.galerieartconcept.com\/wp-content\/uploads\/JA-2019-2020-Obsidionale-Bunias-fausse-roquette-1715x2048.jpg 1715w, https:\/\/www.galerieartconcept.com\/wp-content\/uploads\/JA-2019-2020-Obsidionale-Bunias-fausse-roquette-1200x1433.jpg 1200w, https:\/\/www.galerieartconcept.com\/wp-content\/uploads\/JA-2019-2020-Obsidionale-Bunias-fausse-roquette-1980x2365.jpg 1980w, https:\/\/www.galerieartconcept.com\/wp-content\/uploads\/JA-2019-2020-Obsidionale-Bunias-fausse-roquette.jpg 2048w\" sizes=\"auto, (max-width: 857px) 100vw, 857px\" \/><figcaption class=\"blocks-gallery-item__caption\">Julien Audebert, Obsidionale (Bunias fausse-roquette), 2019-2020, Huile sur cuivre \/ Oil on copper. 18 \u00d7 15 cm (7 \u215b \u00d7 5 \u215e inches). Courtesy artist &amp; Art : Concept, Paris<\/figcaption><\/figure><\/li><li class=\"blocks-gallery-item\"><figure><img loading=\"lazy\" decoding=\"async\" width=\"852\" height=\"1024\" src=\"http:\/\/www.galerieartconcept.com\/wp-content\/uploads\/JA-2019-2020-Obsidionale-Centaure\u0301e-de-Nice-852x1024.jpg\" alt=\"\" data-id=\"17999\" data-full-url=\"http:\/\/www.galerieartconcept.com\/wp-content\/uploads\/JA-2019-2020-Obsidionale-Centaure\u0301e-de-Nice.jpg\" data-link=\"http:\/\/www.galerieartconcept.com\/fr\/?attachment_id=17999\" class=\"wp-image-17999\" srcset=\"https:\/\/www.galerieartconcept.com\/wp-content\/uploads\/JA-2019-2020-Obsidionale-Centaure\u0301e-de-Nice-852x1024.jpg 852w, https:\/\/www.galerieartconcept.com\/wp-content\/uploads\/JA-2019-2020-Obsidionale-Centaure\u0301e-de-Nice-250x300.jpg 250w, https:\/\/www.galerieartconcept.com\/wp-content\/uploads\/JA-2019-2020-Obsidionale-Centaure\u0301e-de-Nice-768x923.jpg 768w, https:\/\/www.galerieartconcept.com\/wp-content\/uploads\/JA-2019-2020-Obsidionale-Centaure\u0301e-de-Nice-1278x1536.jpg 1278w, https:\/\/www.galerieartconcept.com\/wp-content\/uploads\/JA-2019-2020-Obsidionale-Centaure\u0301e-de-Nice-1703x2048.jpg 1703w, https:\/\/www.galerieartconcept.com\/wp-content\/uploads\/JA-2019-2020-Obsidionale-Centaure\u0301e-de-Nice-1200x1443.jpg 1200w, https:\/\/www.galerieartconcept.com\/wp-content\/uploads\/JA-2019-2020-Obsidionale-Centaure\u0301e-de-Nice-1980x2380.jpg 1980w, https:\/\/www.galerieartconcept.com\/wp-content\/uploads\/JA-2019-2020-Obsidionale-Centaure\u0301e-de-Nice.jpg 2047w\" sizes=\"auto, (max-width: 852px) 100vw, 852px\" \/><figcaption class=\"blocks-gallery-item__caption\">Julien Audebert, Obsidionale (Centaur\u00e9e de Nice), 2019-2020, Huile sur cuivre \/ Oil on copper. 18 \u00d7 15 cm (7 \u215b \u00d7 5 \u215e inches). Courtesy artist &amp; Art : Concept, Paris<\/figcaption><\/figure><\/li><li class=\"blocks-gallery-item\"><figure><img loading=\"lazy\" decoding=\"async\" width=\"855\" height=\"1024\" src=\"http:\/\/www.galerieartconcept.com\/wp-content\/uploads\/JA-2019-2020-Obsidionale-Cre\u0301pis-de-Ni\u0302mes-855x1024.jpg\" alt=\"\" data-id=\"18001\" data-full-url=\"http:\/\/www.galerieartconcept.com\/wp-content\/uploads\/JA-2019-2020-Obsidionale-Cre\u0301pis-de-Ni\u0302mes.jpg\" data-link=\"http:\/\/www.galerieartconcept.com\/fr\/?attachment_id=18001\" class=\"wp-image-18001\" srcset=\"https:\/\/www.galerieartconcept.com\/wp-content\/uploads\/JA-2019-2020-Obsidionale-Cre\u0301pis-de-Ni\u0302mes-855x1024.jpg 855w, https:\/\/www.galerieartconcept.com\/wp-content\/uploads\/JA-2019-2020-Obsidionale-Cre\u0301pis-de-Ni\u0302mes-250x300.jpg 250w, https:\/\/www.galerieartconcept.com\/wp-content\/uploads\/JA-2019-2020-Obsidionale-Cre\u0301pis-de-Ni\u0302mes-768x920.jpg 768w, https:\/\/www.galerieartconcept.com\/wp-content\/uploads\/JA-2019-2020-Obsidionale-Cre\u0301pis-de-Ni\u0302mes-1282x1536.jpg 1282w, https:\/\/www.galerieartconcept.com\/wp-content\/uploads\/JA-2019-2020-Obsidionale-Cre\u0301pis-de-Ni\u0302mes-1710x2048.jpg 1710w, https:\/\/www.galerieartconcept.com\/wp-content\/uploads\/JA-2019-2020-Obsidionale-Cre\u0301pis-de-Ni\u0302mes-1200x1437.jpg 1200w, https:\/\/www.galerieartconcept.com\/wp-content\/uploads\/JA-2019-2020-Obsidionale-Cre\u0301pis-de-Ni\u0302mes-1980x2372.jpg 1980w, https:\/\/www.galerieartconcept.com\/wp-content\/uploads\/JA-2019-2020-Obsidionale-Cre\u0301pis-de-Ni\u0302mes.jpg 2048w\" sizes=\"auto, (max-width: 855px) 100vw, 855px\" \/><figcaption class=\"blocks-gallery-item__caption\">Julien Audebert, Obsidionale (Cr\u00e9pis de N\u00eemes), 2019-2020, Huile sur cuivre \/ Oil on copper. 18 \u00d7 15 cm (7 \u215b \u00d7 5 \u215e inches). Courtesy artist &amp; Art : Concept, Paris<\/figcaption><\/figure><\/li><li class=\"blocks-gallery-item\"><figure><img loading=\"lazy\" decoding=\"async\" width=\"851\" height=\"1024\" src=\"http:\/\/www.galerieartconcept.com\/wp-content\/uploads\/JA-2019-2020-Obsidionale-Epervie\u0300re-de-Bauhin-851x1024.jpg\" alt=\"\" data-id=\"18003\" data-full-url=\"http:\/\/www.galerieartconcept.com\/wp-content\/uploads\/JA-2019-2020-Obsidionale-Epervie\u0300re-de-Bauhin.jpg\" data-link=\"http:\/\/www.galerieartconcept.com\/fr\/?attachment_id=18003\" class=\"wp-image-18003\" srcset=\"https:\/\/www.galerieartconcept.com\/wp-content\/uploads\/JA-2019-2020-Obsidionale-Epervie\u0300re-de-Bauhin-851x1024.jpg 851w, https:\/\/www.galerieartconcept.com\/wp-content\/uploads\/JA-2019-2020-Obsidionale-Epervie\u0300re-de-Bauhin-249x300.jpg 249w, https:\/\/www.galerieartconcept.com\/wp-content\/uploads\/JA-2019-2020-Obsidionale-Epervie\u0300re-de-Bauhin-768x924.jpg 768w, https:\/\/www.galerieartconcept.com\/wp-content\/uploads\/JA-2019-2020-Obsidionale-Epervie\u0300re-de-Bauhin-1276x1536.jpg 1276w, https:\/\/www.galerieartconcept.com\/wp-content\/uploads\/JA-2019-2020-Obsidionale-Epervie\u0300re-de-Bauhin-1701x2048.jpg 1701w, https:\/\/www.galerieartconcept.com\/wp-content\/uploads\/JA-2019-2020-Obsidionale-Epervie\u0300re-de-Bauhin-1200x1444.jpg 1200w, https:\/\/www.galerieartconcept.com\/wp-content\/uploads\/JA-2019-2020-Obsidionale-Epervie\u0300re-de-Bauhin-1980x2383.jpg 1980w, https:\/\/www.galerieartconcept.com\/wp-content\/uploads\/JA-2019-2020-Obsidionale-Epervie\u0300re-de-Bauhin.jpg 2047w\" sizes=\"auto, (max-width: 851px) 100vw, 851px\" \/><figcaption class=\"blocks-gallery-item__caption\">Julien Audebert, Obsidionale (Epervi\u00e8re de Bauhin), 2019-2020, Huile sur cuivre \/ Oil on copper. 18 \u00d7 15 cm (7 \u215b \u00d7 5 \u215e inches). Courtesy artist &amp; Art : Concept, Paris<\/figcaption><\/figure><\/li><li class=\"blocks-gallery-item\"><figure><img loading=\"lazy\" decoding=\"async\" width=\"855\" height=\"1024\" src=\"http:\/\/www.galerieartconcept.com\/wp-content\/uploads\/JA-2019-2020-Obsidionale-Potentille-droite-855x1024.jpg\" alt=\"\" data-id=\"18005\" data-full-url=\"http:\/\/www.galerieartconcept.com\/wp-content\/uploads\/JA-2019-2020-Obsidionale-Potentille-droite.jpg\" data-link=\"http:\/\/www.galerieartconcept.com\/fr\/?attachment_id=18005\" class=\"wp-image-18005\" srcset=\"https:\/\/www.galerieartconcept.com\/wp-content\/uploads\/JA-2019-2020-Obsidionale-Potentille-droite-855x1024.jpg 855w, https:\/\/www.galerieartconcept.com\/wp-content\/uploads\/JA-2019-2020-Obsidionale-Potentille-droite-250x300.jpg 250w, https:\/\/www.galerieartconcept.com\/wp-content\/uploads\/JA-2019-2020-Obsidionale-Potentille-droite-768x920.jpg 768w, https:\/\/www.galerieartconcept.com\/wp-content\/uploads\/JA-2019-2020-Obsidionale-Potentille-droite-1282x1536.jpg 1282w, https:\/\/www.galerieartconcept.com\/wp-content\/uploads\/JA-2019-2020-Obsidionale-Potentille-droite-1710x2048.jpg 1710w, https:\/\/www.galerieartconcept.com\/wp-content\/uploads\/JA-2019-2020-Obsidionale-Potentille-droite-1200x1437.jpg 1200w, https:\/\/www.galerieartconcept.com\/wp-content\/uploads\/JA-2019-2020-Obsidionale-Potentille-droite-1980x2372.jpg 1980w, https:\/\/www.galerieartconcept.com\/wp-content\/uploads\/JA-2019-2020-Obsidionale-Potentille-droite.jpg 2047w\" sizes=\"auto, (max-width: 855px) 100vw, 855px\" \/><figcaption class=\"blocks-gallery-item__caption\">Julien Audebert, Obsidionale (Potentille droite), 2019-2020, Huile sur cuivre \/ Oil on copper. 18 \u00d7 15 cm (7 \u215b \u00d7 5 \u215e inches). Courtesy artist &amp; Art : Concept, Paris<\/figcaption><\/figure><\/li><li class=\"blocks-gallery-item\"><figure><img loading=\"lazy\" decoding=\"async\" width=\"846\" height=\"1024\" src=\"http:\/\/www.galerieartconcept.com\/wp-content\/uploads\/JA-2019-2020-Obsidionale-Potentille-norve\u0301gienne-846x1024.jpg\" alt=\"\" data-id=\"18007\" data-full-url=\"http:\/\/www.galerieartconcept.com\/wp-content\/uploads\/JA-2019-2020-Obsidionale-Potentille-norve\u0301gienne.jpg\" data-link=\"http:\/\/www.galerieartconcept.com\/fr\/?attachment_id=18007\" class=\"wp-image-18007\" srcset=\"https:\/\/www.galerieartconcept.com\/wp-content\/uploads\/JA-2019-2020-Obsidionale-Potentille-norve\u0301gienne-846x1024.jpg 846w, https:\/\/www.galerieartconcept.com\/wp-content\/uploads\/JA-2019-2020-Obsidionale-Potentille-norve\u0301gienne-248x300.jpg 248w, https:\/\/www.galerieartconcept.com\/wp-content\/uploads\/JA-2019-2020-Obsidionale-Potentille-norve\u0301gienne-768x929.jpg 768w, https:\/\/www.galerieartconcept.com\/wp-content\/uploads\/JA-2019-2020-Obsidionale-Potentille-norve\u0301gienne-1269x1536.jpg 1269w, https:\/\/www.galerieartconcept.com\/wp-content\/uploads\/JA-2019-2020-Obsidionale-Potentille-norve\u0301gienne-1693x2048.jpg 1693w, https:\/\/www.galerieartconcept.com\/wp-content\/uploads\/JA-2019-2020-Obsidionale-Potentille-norve\u0301gienne-1200x1452.jpg 1200w, https:\/\/www.galerieartconcept.com\/wp-content\/uploads\/JA-2019-2020-Obsidionale-Potentille-norve\u0301gienne-1980x2396.jpg 1980w, https:\/\/www.galerieartconcept.com\/wp-content\/uploads\/JA-2019-2020-Obsidionale-Potentille-norve\u0301gienne.jpg 2048w\" sizes=\"auto, (max-width: 846px) 100vw, 846px\" \/><figcaption class=\"blocks-gallery-item__caption\">Julien Audebert, Obsidionale (Potentille norv\u00e9gienne), 2019-2020, Huile sur cuivre \/ Oil on copper. 18 \u00d7 15 cm (7 \u215b \u00d7 5 \u215e inches). Courtesy artist &amp; Art : Concept, Paris<\/figcaption><\/figure><\/li><li class=\"blocks-gallery-item\"><figure><img loading=\"lazy\" decoding=\"async\" width=\"869\" height=\"1024\" src=\"http:\/\/www.galerieartconcept.com\/wp-content\/uploads\/JA-2019-2020-Obsidionales-Catalanche-jaune-869x1024.jpg\" alt=\"\" data-id=\"18009\" data-full-url=\"http:\/\/www.galerieartconcept.com\/wp-content\/uploads\/JA-2019-2020-Obsidionales-Catalanche-jaune.jpg\" data-link=\"http:\/\/www.galerieartconcept.com\/fr\/?attachment_id=18009\" class=\"wp-image-18009\" srcset=\"https:\/\/www.galerieartconcept.com\/wp-content\/uploads\/JA-2019-2020-Obsidionales-Catalanche-jaune-869x1024.jpg 869w, https:\/\/www.galerieartconcept.com\/wp-content\/uploads\/JA-2019-2020-Obsidionales-Catalanche-jaune-255x300.jpg 255w, https:\/\/www.galerieartconcept.com\/wp-content\/uploads\/JA-2019-2020-Obsidionales-Catalanche-jaune-768x905.jpg 768w, https:\/\/www.galerieartconcept.com\/wp-content\/uploads\/JA-2019-2020-Obsidionales-Catalanche-jaune-1304x1536.jpg 1304w, https:\/\/www.galerieartconcept.com\/wp-content\/uploads\/JA-2019-2020-Obsidionales-Catalanche-jaune-1738x2048.jpg 1738w, https:\/\/www.galerieartconcept.com\/wp-content\/uploads\/JA-2019-2020-Obsidionales-Catalanche-jaune-1200x1414.jpg 1200w, https:\/\/www.galerieartconcept.com\/wp-content\/uploads\/JA-2019-2020-Obsidionales-Catalanche-jaune-1980x2333.jpg 1980w, https:\/\/www.galerieartconcept.com\/wp-content\/uploads\/JA-2019-2020-Obsidionales-Catalanche-jaune.jpg 2047w\" sizes=\"auto, (max-width: 869px) 100vw, 869px\" \/><figcaption class=\"blocks-gallery-item__caption\">Julien Audebert, Obsidionales (Catalanche jaune), 2019-2020, Huile sur cuivre \/ Oil on copper. 18 \u00d7 15 cm (7 \u215b \u00d7 5 \u215e inches). Courtesy artist &amp; Art : Concept, Paris<\/figcaption><\/figure><\/li><li class=\"blocks-gallery-item\"><figure><img loading=\"lazy\" decoding=\"async\" width=\"856\" height=\"1024\" src=\"http:\/\/www.galerieartconcept.com\/wp-content\/uploads\/JA-2019-2020-Obsidionales-Souci-e\u0301toile\u0301-856x1024.jpg\" alt=\"\" data-id=\"18011\" data-full-url=\"http:\/\/www.galerieartconcept.com\/wp-content\/uploads\/JA-2019-2020-Obsidionales-Souci-e\u0301toile\u0301.jpg\" data-link=\"http:\/\/www.galerieartconcept.com\/fr\/?attachment_id=18011\" class=\"wp-image-18011\" srcset=\"https:\/\/www.galerieartconcept.com\/wp-content\/uploads\/JA-2019-2020-Obsidionales-Souci-e\u0301toile\u0301-856x1024.jpg 856w, https:\/\/www.galerieartconcept.com\/wp-content\/uploads\/JA-2019-2020-Obsidionales-Souci-e\u0301toile\u0301-251x300.jpg 251w, https:\/\/www.galerieartconcept.com\/wp-content\/uploads\/JA-2019-2020-Obsidionales-Souci-e\u0301toile\u0301-768x919.jpg 768w, https:\/\/www.galerieartconcept.com\/wp-content\/uploads\/JA-2019-2020-Obsidionales-Souci-e\u0301toile\u0301-1283x1536.jpg 1283w, https:\/\/www.galerieartconcept.com\/wp-content\/uploads\/JA-2019-2020-Obsidionales-Souci-e\u0301toile\u0301-1711x2048.jpg 1711w, https:\/\/www.galerieartconcept.com\/wp-content\/uploads\/JA-2019-2020-Obsidionales-Souci-e\u0301toile\u0301-1200x1436.jpg 1200w, https:\/\/www.galerieartconcept.com\/wp-content\/uploads\/JA-2019-2020-Obsidionales-Souci-e\u0301toile\u0301-1980x2370.jpg 1980w, https:\/\/www.galerieartconcept.com\/wp-content\/uploads\/JA-2019-2020-Obsidionales-Souci-e\u0301toile\u0301.jpg 2048w\" sizes=\"auto, (max-width: 856px) 100vw, 856px\" \/><figcaption class=\"blocks-gallery-item__caption\">Julien Audebert, Obsidionales (Souci \u00e9toil\u00e9), 2019-2020, Huile sur cuivre \/ Oil on copper. 18 \u00d7 15 cm (7 \u215b \u00d7 5 \u215e inches). Courtesy artist &amp; Art : Concept, Paris<\/figcaption><\/figure><\/li><\/ul><\/figure>\n\n\n\n<p>De la symbolique des fleurs au Moyen-\u00c2ge aux probl\u00e9matiques actuelles sur le bien-\u00eatre et la pr\u00e9servation de la plan\u00e8te, le jardin a toujours fascin\u00e9 les artistes qui ont souhait\u00e9 inscrire les sensations que leur inspirait <a href=\"https:\/\/www.chateaudurivau.com\/fr\/art-exposition-permanente.php\">le jardin dans l\u2019Art<\/a>.<\/p>\n\n\n\n<p>Une quarantaine d\u2019artistes de notre temps d\u00e9voilent leur vision dans l\u2019exposition \u00ab&nbsp;Le jardin, miroir du monde&nbsp;\u00bb. Une invitation \u00e0 ressentir le pouvoir apaisant des th\u00e8mes li\u00e9s \u00e0 l\u2019art du jardin, et les \u00e9cosyst\u00e8mes propres aux jardins et \u00e0 pr\u00e9server, l\u2019inter-pollinisation entre les mouvements environnementaux et le travail terre \u00e0 terre du jardinier.<\/p>\n\n\n\n<p>Depuis 2019, Julien Audebert pratique la peinture et r\u00e9alise une s\u00e9rie de petits formats \u00e0 l&rsquo;huile sur cuivre. Sa plus r\u00e9cente s\u00e9rie, Obsidionales, consiste en des peintures \u00e0 l\u2019huile de petit format sur cuivre. Ces \u00ab fleurs de la guerre \u00bb exog\u00e8nes, d\u00e9plac\u00e9es par les semelles des soldats, le rail ou les chevaux, sont peintes, centr\u00e9es au milieu du cadre, comme un enfant le ferait, r\u00e9alis\u00e9es alla prima (technique qu\u2019impose l\u2019adh\u00e9rence sur le cuivre). Ces \u0153uvres mettent en tension de de v\u00e9ritables conflagrations entre le sujet et un soubassement historique souvent invisible.<\/p>\n\n\n\n<p><a href=\"https:\/\/www.chateaudurivau.com\/fr\/expo-rivau-2022-php.php\" data-type=\"URL\" data-id=\"https:\/\/www.chateaudurivau.com\/fr\/expo-rivau-2022-php.php\">Plus d&rsquo;informations<\/a><\/p>\n","protected":false},"excerpt":{"rendered":"<p>De la symbolique des fleurs au Moyen-\u00c2ge aux probl\u00e9matiques actuelles sur le bien-\u00eatre et la pr\u00e9servation de la plan\u00e8te, le jardin a toujours fascin\u00e9 les artistes qui ont souhait\u00e9 inscrire les sensations que leur inspirait le jardin dans l\u2019Art. Une quarantaine d\u2019artistes de notre temps d\u00e9voilent leur vision dans l\u2019exposition \u00ab&nbsp;Le jardin, miroir du monde&nbsp;\u00bb. [&hellip;]<\/p>\n","protected":false},"author":1,"featured_media":0,"comment_status":"open","ping_status":"open","sticky":false,"template":"","format":"standard","meta":{"footnotes":""},"categories":[9],"tags":[],"class_list":["post-17990","post","type-post","status-publish","format-standard","hentry","category-news-fr"],"_links":{"self":[{"href":"https:\/\/www.galerieartconcept.com\/fr\/wp-json\/wp\/v2\/posts\/17990","targetHints":{"allow":["GET"]}}],"collection":[{"href":"https:\/\/www.galerieartconcept.com\/fr\/wp-json\/wp\/v2\/posts"}],"about":[{"href":"https:\/\/www.galerieartconcept.com\/fr\/wp-json\/wp\/v2\/types\/post"}],"author":[{"embeddable":true,"href":"https:\/\/www.galerieartconcept.com\/fr\/wp-json\/wp\/v2\/users\/1"}],"replies":[{"embeddable":true,"href":"https:\/\/www.galerieartconcept.com\/fr\/wp-json\/wp\/v2\/comments?post=17990"}],"version-history":[{"count":11,"href":"https:\/\/www.galerieartconcept.com\/fr\/wp-json\/wp\/v2\/posts\/17990\/revisions"}],"predecessor-version":[{"id":18137,"href":"https:\/\/www.galerieartconcept.com\/fr\/wp-json\/wp\/v2\/posts\/17990\/revisions\/18137"}],"wp:attachment":[{"href":"https:\/\/www.galerieartconcept.com\/fr\/wp-json\/wp\/v2\/media?parent=17990"}],"wp:term":[{"taxonomy":"category","embeddable":true,"href":"https:\/\/www.galerieartconcept.com\/fr\/wp-json\/wp\/v2\/categories?post=17990"},{"taxonomy":"post_tag","embeddable":true,"href":"https:\/\/www.galerieartconcept.com\/fr\/wp-json\/wp\/v2\/tags?post=17990"}],"curies":[{"name":"wp","href":"https:\/\/api.w.org\/{rel}","templated":true}]}}