{"id":17961,"date":"2022-03-11T14:40:57","date_gmt":"2022-03-11T14:40:57","guid":{"rendered":"http:\/\/www.galerieartconcept.com\/caroline-achaintre-and-ulla-von-brandenburg-mimicry-empathy-la-friche-belle-de-mai-march-11-june-5-2022\/"},"modified":"2022-03-24T14:49:22","modified_gmt":"2022-03-24T14:49:22","slug":"caroline-achaintre-and-ulla-von-brandenburg-mimicry-empathy-la-friche-belle-de-mai-march-11-june-5-2022","status":"publish","type":"post","link":"https:\/\/www.galerieartconcept.com\/fr\/caroline-achaintre-and-ulla-von-brandenburg-mimicry-empathy-la-friche-belle-de-mai-march-11-june-5-2022\/","title":{"rendered":"Caroline Achaintre et Ulla von Brandenburg, Mimicry &#8211; Empathy, La Friche Belle de Mai, 11 mars &#8211; 5 juin 2022"},"content":{"rendered":"\n<figure class=\"wp-block-gallery columns-3 is-cropped wp-block-gallery-1 is-layout-flex wp-block-gallery-is-layout-flex\"><ul class=\"blocks-gallery-grid\"><li class=\"blocks-gallery-item\"><figure><img loading=\"lazy\" decoding=\"async\" width=\"768\" height=\"1024\" src=\"http:\/\/www.galerieartconcept.com\/wp-content\/uploads\/P1440389--768x1024.jpg\" alt=\"\" data-id=\"17948\" data-full-url=\"http:\/\/www.galerieartconcept.com\/wp-content\/uploads\/P1440389--scaled.jpg\" data-link=\"http:\/\/www.galerieartconcept.com\/?attachment_id=17948\" class=\"wp-image-17948\" srcset=\"https:\/\/www.galerieartconcept.com\/wp-content\/uploads\/P1440389--768x1024.jpg 768w, https:\/\/www.galerieartconcept.com\/wp-content\/uploads\/P1440389--225x300.jpg 225w, https:\/\/www.galerieartconcept.com\/wp-content\/uploads\/P1440389--1152x1536.jpg 1152w, https:\/\/www.galerieartconcept.com\/wp-content\/uploads\/P1440389--1536x2048.jpg 1536w, https:\/\/www.galerieartconcept.com\/wp-content\/uploads\/P1440389--1200x1600.jpg 1200w, https:\/\/www.galerieartconcept.com\/wp-content\/uploads\/P1440389--1980x2639.jpg 1980w, https:\/\/www.galerieartconcept.com\/wp-content\/uploads\/P1440389--scaled.jpg 1920w\" sizes=\"auto, (max-width: 768px) 100vw, 768px\" \/><figcaption class=\"blocks-gallery-item__caption\">Vues d&rsquo;exposition \/ Installation views Mimicry &#8211; Empathy, curation Susanne B\u00fcrner, La Friche Belle de Mai, 2022<\/figcaption><\/figure><\/li><li class=\"blocks-gallery-item\"><figure><img loading=\"lazy\" decoding=\"async\" width=\"1024\" height=\"768\" src=\"http:\/\/www.galerieartconcept.com\/wp-content\/uploads\/P1440412--1024x768.jpg\" alt=\"\" data-id=\"17952\" data-full-url=\"http:\/\/www.galerieartconcept.com\/wp-content\/uploads\/P1440412--scaled.jpg\" data-link=\"http:\/\/www.galerieartconcept.com\/?attachment_id=17952\" class=\"wp-image-17952\" srcset=\"https:\/\/www.galerieartconcept.com\/wp-content\/uploads\/P1440412--1024x768.jpg 1024w, https:\/\/www.galerieartconcept.com\/wp-content\/uploads\/P1440412--300x225.jpg 300w, https:\/\/www.galerieartconcept.com\/wp-content\/uploads\/P1440412--768x576.jpg 768w, https:\/\/www.galerieartconcept.com\/wp-content\/uploads\/P1440412--1536x1152.jpg 1536w, https:\/\/www.galerieartconcept.com\/wp-content\/uploads\/P1440412--2048x1536.jpg 2048w, https:\/\/www.galerieartconcept.com\/wp-content\/uploads\/P1440412--1200x900.jpg 1200w, https:\/\/www.galerieartconcept.com\/wp-content\/uploads\/P1440412--1980x1485.jpg 1980w\" sizes=\"auto, (max-width: 1024px) 100vw, 1024px\" \/><figcaption class=\"blocks-gallery-item__caption\">Vues d&rsquo;exposition \/ Installation views Mimicry &#8211; Empathy, curation Susanne B\u00fcrner, La Friche Belle de Mai, 2022<\/figcaption><\/figure><\/li><li class=\"blocks-gallery-item\"><figure><img loading=\"lazy\" decoding=\"async\" width=\"1024\" height=\"768\" src=\"http:\/\/www.galerieartconcept.com\/wp-content\/uploads\/P1440497--1024x768.jpg\" alt=\"\" data-id=\"17954\" data-full-url=\"http:\/\/www.galerieartconcept.com\/wp-content\/uploads\/P1440497--scaled.jpg\" data-link=\"http:\/\/www.galerieartconcept.com\/?attachment_id=17954\" class=\"wp-image-17954\" srcset=\"https:\/\/www.galerieartconcept.com\/wp-content\/uploads\/P1440497--1024x768.jpg 1024w, https:\/\/www.galerieartconcept.com\/wp-content\/uploads\/P1440497--300x225.jpg 300w, https:\/\/www.galerieartconcept.com\/wp-content\/uploads\/P1440497--768x576.jpg 768w, https:\/\/www.galerieartconcept.com\/wp-content\/uploads\/P1440497--1536x1152.jpg 1536w, https:\/\/www.galerieartconcept.com\/wp-content\/uploads\/P1440497--2048x1536.jpg 2048w, https:\/\/www.galerieartconcept.com\/wp-content\/uploads\/P1440497--1200x900.jpg 1200w, https:\/\/www.galerieartconcept.com\/wp-content\/uploads\/P1440497--1980x1485.jpg 1980w\" sizes=\"auto, (max-width: 1024px) 100vw, 1024px\" \/><figcaption class=\"blocks-gallery-item__caption\">Vues d&rsquo;exposition \/ Installation views Mimicry &#8211; Empathy, curation Susanne B\u00fcrner, La Friche Belle de Mai, 2022<\/figcaption><\/figure><\/li><\/ul><\/figure>\n\n\n\n<p>Forme \u00e9volutive du projet \u00ab Mimicry\u2014Empathy \u00bb initi\u00e9 en 2018 \u00e0 la Fondation Lajevardi \u00e0 T\u00e9h\u00e9ran (Iran) par Susanne B\u00fcrner, l\u2019exposition aborde les domaines \u00e9motionnellement fragiles du mim\u00e9tisme comme strat\u00e9gies de survie.<\/p>\n\n\n\n<p><a href=\"https:\/\/www.lafriche.org\/evenements\/mimicry-empathy\/\" data-type=\"URL\" data-id=\"https:\/\/www.lafriche.org\/evenements\/mimicry-empathy\/\">Plus d&rsquo;informations \u00e0 propos de l&rsquo;exposition<\/a><\/p>\n","protected":false},"excerpt":{"rendered":"<p>Forme \u00e9volutive du projet \u00ab Mimicry\u2014Empathy \u00bb initi\u00e9 en 2018 \u00e0 la Fondation Lajevardi \u00e0 T\u00e9h\u00e9ran (Iran) par Susanne B\u00fcrner, l\u2019exposition aborde les domaines \u00e9motionnellement fragiles du mim\u00e9tisme comme strat\u00e9gies de survie. Plus d&rsquo;informations \u00e0 propos de l&rsquo;exposition<\/p>\n","protected":false},"author":1,"featured_media":0,"comment_status":"open","ping_status":"open","sticky":false,"template":"","format":"standard","meta":{"footnotes":""},"categories":[9],"tags":[],"class_list":["post-17961","post","type-post","status-publish","format-standard","hentry","category-news-fr"],"_links":{"self":[{"href":"https:\/\/www.galerieartconcept.com\/fr\/wp-json\/wp\/v2\/posts\/17961","targetHints":{"allow":["GET"]}}],"collection":[{"href":"https:\/\/www.galerieartconcept.com\/fr\/wp-json\/wp\/v2\/posts"}],"about":[{"href":"https:\/\/www.galerieartconcept.com\/fr\/wp-json\/wp\/v2\/types\/post"}],"author":[{"embeddable":true,"href":"https:\/\/www.galerieartconcept.com\/fr\/wp-json\/wp\/v2\/users\/1"}],"replies":[{"embeddable":true,"href":"https:\/\/www.galerieartconcept.com\/fr\/wp-json\/wp\/v2\/comments?post=17961"}],"version-history":[{"count":2,"href":"https:\/\/www.galerieartconcept.com\/fr\/wp-json\/wp\/v2\/posts\/17961\/revisions"}],"predecessor-version":[{"id":17964,"href":"https:\/\/www.galerieartconcept.com\/fr\/wp-json\/wp\/v2\/posts\/17961\/revisions\/17964"}],"wp:attachment":[{"href":"https:\/\/www.galerieartconcept.com\/fr\/wp-json\/wp\/v2\/media?parent=17961"}],"wp:term":[{"taxonomy":"category","embeddable":true,"href":"https:\/\/www.galerieartconcept.com\/fr\/wp-json\/wp\/v2\/categories?post=17961"},{"taxonomy":"post_tag","embeddable":true,"href":"https:\/\/www.galerieartconcept.com\/fr\/wp-json\/wp\/v2\/tags?post=17961"}],"curies":[{"name":"wp","href":"https:\/\/api.w.org\/{rel}","templated":true}]}}