{"id":17927,"date":"2022-03-23T13:54:42","date_gmt":"2022-03-23T13:54:42","guid":{"rendered":"http:\/\/www.galerieartconcept.com\/miryam-haddad-we-paint-fondation-bredin-prat-palais-des-etudes-des-beaux-arts-de-paris-march-24-april-24-2022\/"},"modified":"2024-06-26T09:52:09","modified_gmt":"2024-06-26T09:52:09","slug":"miryam-haddad-we-paint-fondation-bredin-prat-palais-des-etudes-des-beaux-arts-de-paris-march-24-april-24-2022","status":"publish","type":"post","link":"https:\/\/www.galerieartconcept.com\/fr\/miryam-haddad-we-paint-fondation-bredin-prat-palais-des-etudes-des-beaux-arts-de-paris-march-24-april-24-2022\/","title":{"rendered":"Miryam Haddad, We paint!, Fondation Bredin Prat, Palais des Etudes des Beaux-Arts de Paris, 24 mars &#8211; 24 avril 2022"},"content":{"rendered":"\n<figure class=\"wp-block-gallery columns-4 is-cropped wp-block-gallery-1 is-layout-flex wp-block-gallery-is-layout-flex\"><ul class=\"blocks-gallery-grid\"><li class=\"blocks-gallery-item\"><figure><img loading=\"lazy\" decoding=\"async\" width=\"944\" height=\"896\" src=\"https:\/\/www.galerieartconcept.com\/wp-content\/uploads\/Carre\u0301-blanc-3.png\" alt=\"\" data-id=\"31916\" data-full-url=\"https:\/\/www.galerieartconcept.com\/wp-content\/uploads\/Carre\u0301-blanc-3.png\" data-link=\"https:\/\/www.galerieartconcept.com\/fr\/miryam-haddad-we-paint-fondation-bredin-prat-palais-des-etudes-des-beaux-arts-de-paris-march-24-april-24-2022\/carre-blanc-3\/\" class=\"wp-image-31916\" srcset=\"https:\/\/www.galerieartconcept.com\/wp-content\/uploads\/Carre\u0301-blanc-3.png 944w, https:\/\/www.galerieartconcept.com\/wp-content\/uploads\/Carre\u0301-blanc-3-300x285.png 300w, https:\/\/www.galerieartconcept.com\/wp-content\/uploads\/Carre\u0301-blanc-3-768x729.png 768w\" sizes=\"auto, (max-width: 944px) 100vw, 944px\" \/><\/figure><\/li><li class=\"blocks-gallery-item\"><figure><img loading=\"lazy\" decoding=\"async\" width=\"683\" height=\"1024\" src=\"http:\/\/www.galerieartconcept.com\/wp-content\/uploads\/MH1-683x1024.jpeg\" alt=\"\" data-id=\"17917\" data-link=\"http:\/\/www.galerieartconcept.com\/?attachment_id=17917\" class=\"wp-image-17917\" srcset=\"https:\/\/www.galerieartconcept.com\/wp-content\/uploads\/MH1-683x1024.jpeg 683w, https:\/\/www.galerieartconcept.com\/wp-content\/uploads\/MH1-200x300.jpeg 200w, https:\/\/www.galerieartconcept.com\/wp-content\/uploads\/MH1-768x1152.jpeg 768w, https:\/\/www.galerieartconcept.com\/wp-content\/uploads\/MH1-1024x1536.jpeg 1024w, https:\/\/www.galerieartconcept.com\/wp-content\/uploads\/MH1-1365x2048.jpeg 1365w, https:\/\/www.galerieartconcept.com\/wp-content\/uploads\/MH1-1200x1800.jpeg 1200w, https:\/\/www.galerieartconcept.com\/wp-content\/uploads\/MH1-1980x2970.jpeg 1980w, https:\/\/www.galerieartconcept.com\/wp-content\/uploads\/MH1-scaled.jpeg 1707w\" sizes=\"auto, (max-width: 683px) 100vw, 683px\" \/><figcaption class=\"blocks-gallery-item__caption\"><strong>Miryam Haddad<\/strong>, Comme le sort d&rsquo;un matin, 2021, Huile sur toile \/ oil on canvas. 22 \u00d7 16 cm (8 \u215d \u00d7 6 \u00bc inches). Courtesy of the artist &amp; Art : Concept, Paris. Photo Romain Darnaud<\/figcaption><\/figure><\/li><li class=\"blocks-gallery-item\"><figure><img loading=\"lazy\" decoding=\"async\" width=\"683\" height=\"1024\" src=\"http:\/\/www.galerieartconcept.com\/wp-content\/uploads\/MH2-683x1024.jpeg\" alt=\"\" data-id=\"17919\" data-link=\"http:\/\/www.galerieartconcept.com\/?attachment_id=17919\" class=\"wp-image-17919\" srcset=\"https:\/\/www.galerieartconcept.com\/wp-content\/uploads\/MH2-683x1024.jpeg 683w, https:\/\/www.galerieartconcept.com\/wp-content\/uploads\/MH2-200x300.jpeg 200w, https:\/\/www.galerieartconcept.com\/wp-content\/uploads\/MH2-768x1152.jpeg 768w, https:\/\/www.galerieartconcept.com\/wp-content\/uploads\/MH2-1024x1536.jpeg 1024w, https:\/\/www.galerieartconcept.com\/wp-content\/uploads\/MH2-1365x2048.jpeg 1365w, https:\/\/www.galerieartconcept.com\/wp-content\/uploads\/MH2-1200x1800.jpeg 1200w, https:\/\/www.galerieartconcept.com\/wp-content\/uploads\/MH2-1980x2970.jpeg 1980w, https:\/\/www.galerieartconcept.com\/wp-content\/uploads\/MH2-scaled.jpeg 1707w\" sizes=\"auto, (max-width: 683px) 100vw, 683px\" \/><figcaption class=\"blocks-gallery-item__caption\">Miryam Haddad, Ruines des regards, 2021, Huile sur toile \/ oil on canvas. 20 \u00d7 20 cm (7 \u215e \u00d7 7 \u215e inches). Courtesy of the artist &amp; Art : Concept, Paris. Photo Romain Darnaud<\/figcaption><\/figure><\/li><li class=\"blocks-gallery-item\"><figure><img loading=\"lazy\" decoding=\"async\" width=\"683\" height=\"1024\" src=\"http:\/\/www.galerieartconcept.com\/wp-content\/uploads\/MH3-683x1024.jpeg\" alt=\"\" data-id=\"17921\" data-link=\"http:\/\/www.galerieartconcept.com\/?attachment_id=17921\" class=\"wp-image-17921\" srcset=\"https:\/\/www.galerieartconcept.com\/wp-content\/uploads\/MH3-683x1024.jpeg 683w, https:\/\/www.galerieartconcept.com\/wp-content\/uploads\/MH3-200x300.jpeg 200w, https:\/\/www.galerieartconcept.com\/wp-content\/uploads\/MH3-768x1152.jpeg 768w, https:\/\/www.galerieartconcept.com\/wp-content\/uploads\/MH3-1024x1536.jpeg 1024w, https:\/\/www.galerieartconcept.com\/wp-content\/uploads\/MH3-1365x2048.jpeg 1365w, https:\/\/www.galerieartconcept.com\/wp-content\/uploads\/MH3-1200x1800.jpeg 1200w, https:\/\/www.galerieartconcept.com\/wp-content\/uploads\/MH3-1980x2970.jpeg 1980w, https:\/\/www.galerieartconcept.com\/wp-content\/uploads\/MH3-scaled.jpeg 1707w\" sizes=\"auto, (max-width: 683px) 100vw, 683px\" \/><figcaption class=\"blocks-gallery-item__caption\">Miryam Haddad, Trahit le temps, l&rsquo;\u00e9ternel, 2021, Huile sur toile \/ oil on canvas. 24 \u00d7 19 cm (9 \u00bd \u00d7 7 \u00bd inches). Curtesy of the artist &amp; Art : Concept, Paris. Photo Romain Darnaud<\/figcaption><\/figure><\/li><\/ul><\/figure>\n\n\n\n<figure class=\"wp-block-image size-large\"><img loading=\"lazy\" decoding=\"async\" width=\"1024\" height=\"683\" src=\"https:\/\/www.galerieartconcept.com\/wp-content\/uploads\/We-Paint-1635-HD-1024x683.jpg\" alt=\"\" class=\"wp-image-31913\" srcset=\"https:\/\/www.galerieartconcept.com\/wp-content\/uploads\/We-Paint-1635-HD-1024x683.jpg 1024w, https:\/\/www.galerieartconcept.com\/wp-content\/uploads\/We-Paint-1635-HD-300x200.jpg 300w, https:\/\/www.galerieartconcept.com\/wp-content\/uploads\/We-Paint-1635-HD-768x512.jpg 768w, https:\/\/www.galerieartconcept.com\/wp-content\/uploads\/We-Paint-1635-HD-1536x1024.jpg 1536w, https:\/\/www.galerieartconcept.com\/wp-content\/uploads\/We-Paint-1635-HD-2048x1365.jpg 2048w, https:\/\/www.galerieartconcept.com\/wp-content\/uploads\/We-Paint-1635-HD-1200x800.jpg 1200w, https:\/\/www.galerieartconcept.com\/wp-content\/uploads\/We-Paint-1635-HD-1980x1320.jpg 1980w\" sizes=\"auto, (max-width: 1024px) 100vw, 1024px\" \/><figcaption>Vue d&rsquo;exposition \/ Installation view <em>We paint!<\/em>, Fondation Bredin Prat. Photo \u00a9 Romain Darnaud. Courtesy Fonds de dotation BREDIN PRAT<\/figcaption><\/figure>\n\n\n\n<p>Miryam Haddad participe \u00e0 l&rsquo;exposition We Paint! au Palais des \u00c9tudes des Beaux-Arts de Paris. <br><br>L&rsquo;exposition organis\u00e9e par la Fondation Bredin Prat aborde l\u2019effervescence de la peinture dans l\u2019art contemporain au travers des 33 artistes fran\u00e7ais et \u00e9trangers s\u00e9lectionn\u00e9s ces dix derni\u00e8res ann\u00e9es par le Prix Jean-Fran\u00e7ois Prat.<\/p>\n\n\n\n<p>L\u2019exposition collective organis\u00e9e par la Fondation Bredin Prat pr\u00e9sente plusieurs toiles r\u00e9centes de Miryam Haddad, laur\u00e9ate du Prix Jean-Fran\u00e7ois Prat en 2019.<br><br>Commissariat et sc\u00e9nographie Cristiano Raimondi<br>Palais des Beaux-Arts &#8211; 14 rue Bonaparte, 75006 Paris<br>24 mars &#8211; 24 avril<\/p>\n\n\n\n<p><a href=\"https:\/\/beauxartsparis.fr\/fr\/exposition-simple\/we-paint\" data-type=\"URL\" data-id=\"https:\/\/beauxartsparis.fr\/fr\/exposition-simple\/we-paint\">Plus d&rsquo;informations<\/a><\/p>\n","protected":false},"excerpt":{"rendered":"<p>Miryam Haddad participe \u00e0 l&rsquo;exposition We Paint! au Palais des \u00c9tudes des Beaux-Arts de Paris. L&rsquo;exposition organis\u00e9e par la Fondation Bredin Prat aborde l\u2019effervescence de la peinture dans l\u2019art contemporain au travers des 33 artistes fran\u00e7ais et \u00e9trangers s\u00e9lectionn\u00e9s ces dix derni\u00e8res ann\u00e9es par le Prix Jean-Fran\u00e7ois Prat. L\u2019exposition collective organis\u00e9e par la Fondation Bredin [&hellip;]<\/p>\n","protected":false},"author":1,"featured_media":0,"comment_status":"open","ping_status":"open","sticky":false,"template":"","format":"standard","meta":{"footnotes":""},"categories":[9],"tags":[],"class_list":["post-17927","post","type-post","status-publish","format-standard","hentry","category-news-fr"],"_links":{"self":[{"href":"https:\/\/www.galerieartconcept.com\/fr\/wp-json\/wp\/v2\/posts\/17927","targetHints":{"allow":["GET"]}}],"collection":[{"href":"https:\/\/www.galerieartconcept.com\/fr\/wp-json\/wp\/v2\/posts"}],"about":[{"href":"https:\/\/www.galerieartconcept.com\/fr\/wp-json\/wp\/v2\/types\/post"}],"author":[{"embeddable":true,"href":"https:\/\/www.galerieartconcept.com\/fr\/wp-json\/wp\/v2\/users\/1"}],"replies":[{"embeddable":true,"href":"https:\/\/www.galerieartconcept.com\/fr\/wp-json\/wp\/v2\/comments?post=17927"}],"version-history":[{"count":7,"href":"https:\/\/www.galerieartconcept.com\/fr\/wp-json\/wp\/v2\/posts\/17927\/revisions"}],"predecessor-version":[{"id":31921,"href":"https:\/\/www.galerieartconcept.com\/fr\/wp-json\/wp\/v2\/posts\/17927\/revisions\/31921"}],"wp:attachment":[{"href":"https:\/\/www.galerieartconcept.com\/fr\/wp-json\/wp\/v2\/media?parent=17927"}],"wp:term":[{"taxonomy":"category","embeddable":true,"href":"https:\/\/www.galerieartconcept.com\/fr\/wp-json\/wp\/v2\/categories?post=17927"},{"taxonomy":"post_tag","embeddable":true,"href":"https:\/\/www.galerieartconcept.com\/fr\/wp-json\/wp\/v2\/tags?post=17927"}],"curies":[{"name":"wp","href":"https:\/\/api.w.org\/{rel}","templated":true}]}}