{"id":17833,"date":"2022-01-22T12:13:33","date_gmt":"2022-01-22T12:13:33","guid":{"rendered":"http:\/\/www.galerieartconcept.com\/richard-fauguet-plus-haut-que-les-nues-20th-anniversaire-of-marcel-duchamp-prize-at-frac-auvergne-january-22-april-30-2022\/"},"modified":"2024-06-26T10:04:11","modified_gmt":"2024-06-26T10:04:11","slug":"richard-fauguet-plus-haut-que-les-nues-20th-anniversaire-of-marcel-duchamp-prize-at-frac-auvergne-january-22-april-30-2022","status":"publish","type":"post","link":"https:\/\/www.galerieartconcept.com\/fr\/richard-fauguet-plus-haut-que-les-nues-20th-anniversaire-of-marcel-duchamp-prize-at-frac-auvergne-january-22-april-30-2022\/","title":{"rendered":"Richard Fauguet, Plus haut que les nues &#8211; 20e anniversaire du Prix Marcel Duchamp au Frac Auvergne, 22 janvier &#8211; 30 avril 2022"},"content":{"rendered":"\n<figure class=\"wp-block-image size-large\"><img loading=\"lazy\" decoding=\"async\" width=\"1024\" height=\"683\" src=\"http:\/\/www.galerieartconcept.com\/wp-content\/uploads\/frac-expo-01-22-0022-2-1024x683.jpg\" alt=\"\" class=\"wp-image-17829\" srcset=\"https:\/\/www.galerieartconcept.com\/wp-content\/uploads\/frac-expo-01-22-0022-2-1024x683.jpg 1024w, https:\/\/www.galerieartconcept.com\/wp-content\/uploads\/frac-expo-01-22-0022-2-300x200.jpg 300w, https:\/\/www.galerieartconcept.com\/wp-content\/uploads\/frac-expo-01-22-0022-2-768x512.jpg 768w, https:\/\/www.galerieartconcept.com\/wp-content\/uploads\/frac-expo-01-22-0022-2-1536x1024.jpg 1536w, https:\/\/www.galerieartconcept.com\/wp-content\/uploads\/frac-expo-01-22-0022-2-2048x1365.jpg 2048w, https:\/\/www.galerieartconcept.com\/wp-content\/uploads\/frac-expo-01-22-0022-2-1200x800.jpg 1200w, https:\/\/www.galerieartconcept.com\/wp-content\/uploads\/frac-expo-01-22-0022-2-1980x1320.jpg 1980w\" sizes=\"auto, (max-width: 1024px) 100vw, 1024px\" \/><figcaption>Richard Fauguet, Sans titre, 1997. V\u00e9nilia d\u00e9coup\u00e9 \/ Cut-out Venilia. Dimensions variables \/ Variable dimensions. Collection FRAC Auvergne (1998). Vue d&rsquo;exposition \/ Installation view Plus haut que les nues \u2013 20e anniversaire du Prix Marcel Duchamp. FRAC Auvergne, Clermont-Ferrand, 22.02.2022 &#8211; 30.04.2022. Photo Ludovic Combe<\/figcaption><\/figure>\n\n\n\n<p>Richard Fauguet participe \u00e0 l\u2019exposition Plus haut que les nues \u2013 20e anniversaire du Prix Marcel Duchamp au FRAC Auvergne. <\/p>\n\n\n\n<p>Organis\u00e9e \u00e0 l\u2019occasion du vingti\u00e8me anniversaire du Prix Marcel Duchamp, l&rsquo;exposition r\u00e9unit des \u0153uvres de la collection du FRAC Auvergne. Toutes ont \u00e9t\u00e9 r\u00e9alis\u00e9es par des artistes ayant particip\u00e9 au c\u00e9l\u00e8bre prix.<\/p>\n\n\n\n<p>Les deux \u0153uvres de Richard Fauguet qui sont expos\u00e9es font partie d\u2019une s\u00e9rie de dix-huit figures en v\u00e9nilia d\u00e9coup\u00e9 acquises en 1998 par le FRAC Auvergne. Engageant un jeu de devinettes, elles reprennent les silhouettes d\u2019\u0153uvres marquantes de l&rsquo;histoire de l&rsquo;art appliqu\u00e9 en s\u00e9rie sur les cimaises.<\/p>\n\n\n\n<p><a href=\"https:\/\/fracauvergne.fr\/exposition\/plus-haut-que-les-nues\/\" data-type=\"URL\" data-id=\"https:\/\/fracauvergne.fr\/exposition\/plus-haut-que-les-nues\/\">Plus d&rsquo;informations<\/a><\/p>\n","protected":false},"excerpt":{"rendered":"<p>Richard Fauguet participe \u00e0 l\u2019exposition Plus haut que les nues \u2013 20e anniversaire du Prix Marcel Duchamp au FRAC Auvergne. Organis\u00e9e \u00e0 l\u2019occasion du vingti\u00e8me anniversaire du Prix Marcel Duchamp, l&rsquo;exposition r\u00e9unit des \u0153uvres de la collection du FRAC Auvergne. Toutes ont \u00e9t\u00e9 r\u00e9alis\u00e9es par des artistes ayant particip\u00e9 au c\u00e9l\u00e8bre prix. Les deux \u0153uvres [&hellip;]<\/p>\n","protected":false},"author":1,"featured_media":0,"comment_status":"open","ping_status":"open","sticky":false,"template":"","format":"standard","meta":{"footnotes":""},"categories":[9],"tags":[],"class_list":["post-17833","post","type-post","status-publish","format-standard","hentry","category-news-fr"],"_links":{"self":[{"href":"https:\/\/www.galerieartconcept.com\/fr\/wp-json\/wp\/v2\/posts\/17833","targetHints":{"allow":["GET"]}}],"collection":[{"href":"https:\/\/www.galerieartconcept.com\/fr\/wp-json\/wp\/v2\/posts"}],"about":[{"href":"https:\/\/www.galerieartconcept.com\/fr\/wp-json\/wp\/v2\/types\/post"}],"author":[{"embeddable":true,"href":"https:\/\/www.galerieartconcept.com\/fr\/wp-json\/wp\/v2\/users\/1"}],"replies":[{"embeddable":true,"href":"https:\/\/www.galerieartconcept.com\/fr\/wp-json\/wp\/v2\/comments?post=17833"}],"version-history":[{"count":3,"href":"https:\/\/www.galerieartconcept.com\/fr\/wp-json\/wp\/v2\/posts\/17833\/revisions"}],"predecessor-version":[{"id":31946,"href":"https:\/\/www.galerieartconcept.com\/fr\/wp-json\/wp\/v2\/posts\/17833\/revisions\/31946"}],"wp:attachment":[{"href":"https:\/\/www.galerieartconcept.com\/fr\/wp-json\/wp\/v2\/media?parent=17833"}],"wp:term":[{"taxonomy":"category","embeddable":true,"href":"https:\/\/www.galerieartconcept.com\/fr\/wp-json\/wp\/v2\/categories?post=17833"},{"taxonomy":"post_tag","embeddable":true,"href":"https:\/\/www.galerieartconcept.com\/fr\/wp-json\/wp\/v2\/tags?post=17833"}],"curies":[{"name":"wp","href":"https:\/\/api.w.org\/{rel}","templated":true}]}}