{"id":17773,"date":"2022-02-09T16:07:21","date_gmt":"2022-02-09T16:07:21","guid":{"rendered":"http:\/\/www.galerieartconcept.com\/ulla-von-brandenburg-galerie-de-sevres-february-9-july-22-2022\/"},"modified":"2024-06-26T09:58:02","modified_gmt":"2024-06-26T09:58:02","slug":"ulla-von-brandenburg-galerie-de-sevres-february-9-july-22-2022","status":"publish","type":"post","link":"https:\/\/www.galerieartconcept.com\/fr\/ulla-von-brandenburg-galerie-de-sevres-february-9-july-22-2022\/","title":{"rendered":"Ulla von Brandenburg, Galerie de S\u00e8vres, 9 f\u00e9vrier &#8211; 22 juillet 2022"},"content":{"rendered":"\n<figure class=\"wp-block-image size-large\"><img loading=\"lazy\" decoding=\"async\" width=\"1024\" height=\"658\" src=\"http:\/\/www.galerieartconcept.com\/wp-content\/uploads\/273129392_478344673762986_736357307148516145_n-1024x658.jpg\" alt=\"\" class=\"wp-image-17769\" srcset=\"https:\/\/www.galerieartconcept.com\/wp-content\/uploads\/273129392_478344673762986_736357307148516145_n-1024x658.jpg 1024w, https:\/\/www.galerieartconcept.com\/wp-content\/uploads\/273129392_478344673762986_736357307148516145_n-300x193.jpg 300w, https:\/\/www.galerieartconcept.com\/wp-content\/uploads\/273129392_478344673762986_736357307148516145_n-768x493.jpg 768w, https:\/\/www.galerieartconcept.com\/wp-content\/uploads\/273129392_478344673762986_736357307148516145_n-1200x771.jpg 1200w, https:\/\/www.galerieartconcept.com\/wp-content\/uploads\/273129392_478344673762986_736357307148516145_n.jpg 1440w\" sizes=\"auto, (max-width: 1024px) 100vw, 1024px\" \/><figcaption>De droite \u00e0 gauche, les \u0153uvres de Ulla von Brandenburg, Annette Messager and H\u00e9l\u00e8ne Delprat. Photo \u00a9 G\u00e9rard Jonca et Luc Riolon \/ S\u00e8vres \u2013 Manufacture et Mus\u00e9e nationaux<\/figcaption><\/figure>\n\n\n\n<p>L\u2019artiste a \u00e9t\u00e9 invit\u00e9e par la Manufacture de S\u00e8vres aux c\u00f4t\u00e9s de H\u00e9l\u00e8ne Delprat et Annette Messager pour cr\u00e9er des d\u00e9cors sur des vases aux formes caract\u00e9ristiques du savoir-faire fran\u00e7ais.<\/p>\n\n\n\n<p>Pour sa \u00ab cuisson de grand feu \u00bb, Ulla von Brandenburg a abord\u00e9 les th\u00e8mes de la danse, du th\u00e9\u00e2tre, du carnaval et du cirque, dans des couleurs chaudes pioch\u00e9es dans une palette de plus de 1\u2009000 nuances.<\/p>\n\n\n\n<p><a href=\"https:\/\/www.sevresciteceramique.fr\/manufacture\/les-artistes\/artist\/ulla-von-brandenburg.html\" data-type=\"URL\" data-id=\"https:\/\/www.sevresciteceramique.fr\/manufacture\/les-artistes\/artist\/ulla-von-brandenburg.html\">Plus d&rsquo;informations<\/a><\/p>\n","protected":false},"excerpt":{"rendered":"<p>L\u2019artiste a \u00e9t\u00e9 invit\u00e9e par la Manufacture de S\u00e8vres aux c\u00f4t\u00e9s de H\u00e9l\u00e8ne Delprat et Annette Messager pour cr\u00e9er des d\u00e9cors sur des vases aux formes caract\u00e9ristiques du savoir-faire fran\u00e7ais. Pour sa \u00ab cuisson de grand feu \u00bb, Ulla von Brandenburg a abord\u00e9 les th\u00e8mes de la danse, du th\u00e9\u00e2tre, du carnaval et du cirque, [&hellip;]<\/p>\n","protected":false},"author":1,"featured_media":0,"comment_status":"open","ping_status":"open","sticky":false,"template":"","format":"standard","meta":{"footnotes":""},"categories":[9],"tags":[],"class_list":["post-17773","post","type-post","status-publish","format-standard","hentry","category-news-fr"],"_links":{"self":[{"href":"https:\/\/www.galerieartconcept.com\/fr\/wp-json\/wp\/v2\/posts\/17773","targetHints":{"allow":["GET"]}}],"collection":[{"href":"https:\/\/www.galerieartconcept.com\/fr\/wp-json\/wp\/v2\/posts"}],"about":[{"href":"https:\/\/www.galerieartconcept.com\/fr\/wp-json\/wp\/v2\/types\/post"}],"author":[{"embeddable":true,"href":"https:\/\/www.galerieartconcept.com\/fr\/wp-json\/wp\/v2\/users\/1"}],"replies":[{"embeddable":true,"href":"https:\/\/www.galerieartconcept.com\/fr\/wp-json\/wp\/v2\/comments?post=17773"}],"version-history":[{"count":4,"href":"https:\/\/www.galerieartconcept.com\/fr\/wp-json\/wp\/v2\/posts\/17773\/revisions"}],"predecessor-version":[{"id":31933,"href":"https:\/\/www.galerieartconcept.com\/fr\/wp-json\/wp\/v2\/posts\/17773\/revisions\/31933"}],"wp:attachment":[{"href":"https:\/\/www.galerieartconcept.com\/fr\/wp-json\/wp\/v2\/media?parent=17773"}],"wp:term":[{"taxonomy":"category","embeddable":true,"href":"https:\/\/www.galerieartconcept.com\/fr\/wp-json\/wp\/v2\/categories?post=17773"},{"taxonomy":"post_tag","embeddable":true,"href":"https:\/\/www.galerieartconcept.com\/fr\/wp-json\/wp\/v2\/tags?post=17773"}],"curies":[{"name":"wp","href":"https:\/\/api.w.org\/{rel}","templated":true}]}}