{"id":17263,"date":"2021-10-01T17:33:19","date_gmt":"2021-10-01T17:33:19","guid":{"rendered":"http:\/\/www.galerieartconcept.com\/?p=17263"},"modified":"2022-02-22T15:39:57","modified_gmt":"2022-02-22T15:39:57","slug":"caroline-achaintre-lart-de-la-rencontre-maison-des-metiers-du-cuir-de-graulhet-centre-dart-le-lait-1-30-octobre-2021","status":"publish","type":"post","link":"https:\/\/www.galerieartconcept.com\/fr\/caroline-achaintre-lart-de-la-rencontre-maison-des-metiers-du-cuir-de-graulhet-centre-dart-le-lait-1-30-octobre-2021\/","title":{"rendered":"Caroline Achaintre, L&rsquo;art de la rencontre, Maison des M\u00e9tiers du Cuir de Graulhet, Centre d&rsquo;art Le lait, 1 &#8211; 30 octobre 2021"},"content":{"rendered":"\n<figure class=\"wp-block-image size-large\"><img loading=\"lazy\" decoding=\"async\" width=\"682\" height=\"1024\" src=\"http:\/\/www.galerieartconcept.com\/wp-content\/uploads\/2022\/01\/CA-2021-SpriteYB-1-2-682x1024.jpg\" alt=\"\" class=\"wp-image-17264\" srcset=\"https:\/\/www.galerieartconcept.com\/wp-content\/uploads\/2022\/01\/CA-2021-SpriteYB-1-2-682x1024.jpg 682w, https:\/\/www.galerieartconcept.com\/wp-content\/uploads\/2022\/01\/CA-2021-SpriteYB-1-2-200x300.jpg 200w, https:\/\/www.galerieartconcept.com\/wp-content\/uploads\/2022\/01\/CA-2021-SpriteYB-1-2-768x1152.jpg 768w, https:\/\/www.galerieartconcept.com\/wp-content\/uploads\/2022\/01\/CA-2021-SpriteYB-1-2-1024x1536.jpg 1024w, https:\/\/www.galerieartconcept.com\/wp-content\/uploads\/2022\/01\/CA-2021-SpriteYB-1-2-1200x1800.jpg 1200w, https:\/\/www.galerieartconcept.com\/wp-content\/uploads\/2022\/01\/CA-2021-SpriteYB-1-2.jpg 1333w\" sizes=\"auto, (max-width: 682px) 100vw, 682px\" \/><figcaption>Caroline Achaintre, Sprite Y-B, 2021, similicuir noir et similicuir impression serpent, 105 \u00d7 58 \u00d7 20 cm. Courtesy of the artist &amp; Art : Concept, Paris. Photo Infinity Graphic<\/figcaption><\/figure>\n\n\n\n<p>Zoom sur &#8230; Caroline Achaintre<br>Entre froiss\u00e9 et lisse, moelleux et dur, souple et rigide, opaque ou ajour\u00e9, les formes en cuir fa\u00e7onn\u00e9es par Caroline Achaintre rappellent des coquilles, des ailes, des totems et autres formes organiques. C\u2019est le poids qui cr\u00e9e le volume, la d\u00e9coupe qui laisse \u00e9merger le relief. Tels des accessoires dont on pourrait s\u2019emparer, s\u2019habiller, ces objets \u00e9voquent \u00e0 la fois des v\u00eatements de mode, des masques primitifs ou des peaux, \u00e0 taille humaine. Jouant avec l\u2019endroit et l\u2019envers, le noir et la couleur, la d\u00e9pouille prend sous les doigts de l\u2019artiste les lueurs et couleurs de la vie.<\/p>\n\n\n\n<p>Exposition \u00e0 la <a href=\"http:\/\/www.centredartlelait.com\/#expos&amp;id_article=990\" data-type=\"URL\" data-id=\"http:\/\/www.centredartlelait.com\/#expos&amp;id_article=990\">Maison des M\u00e9tiers du Cuir de Graulhet<\/a><br>33 rue Saint-Jean &#8211; 81300 Graulhet<\/p>\n","protected":false},"excerpt":{"rendered":"<p>Zoom sur &#8230; Caroline AchaintreEntre froiss\u00e9 et lisse, moelleux et dur, souple et rigide, opaque ou ajour\u00e9, les formes en cuir fa\u00e7onn\u00e9es par Caroline Achaintre rappellent des coquilles, des ailes, des totems et autres formes organiques. C\u2019est le poids qui cr\u00e9e le volume, la d\u00e9coupe qui laisse \u00e9merger le relief. Tels des accessoires dont on [&hellip;]<\/p>\n","protected":false},"author":1,"featured_media":0,"comment_status":"open","ping_status":"open","sticky":false,"template":"","format":"standard","meta":{"footnotes":""},"categories":[9],"tags":[],"class_list":["post-17263","post","type-post","status-publish","format-standard","hentry","category-news-fr"],"_links":{"self":[{"href":"https:\/\/www.galerieartconcept.com\/fr\/wp-json\/wp\/v2\/posts\/17263","targetHints":{"allow":["GET"]}}],"collection":[{"href":"https:\/\/www.galerieartconcept.com\/fr\/wp-json\/wp\/v2\/posts"}],"about":[{"href":"https:\/\/www.galerieartconcept.com\/fr\/wp-json\/wp\/v2\/types\/post"}],"author":[{"embeddable":true,"href":"https:\/\/www.galerieartconcept.com\/fr\/wp-json\/wp\/v2\/users\/1"}],"replies":[{"embeddable":true,"href":"https:\/\/www.galerieartconcept.com\/fr\/wp-json\/wp\/v2\/comments?post=17263"}],"version-history":[{"count":4,"href":"https:\/\/www.galerieartconcept.com\/fr\/wp-json\/wp\/v2\/posts\/17263\/revisions"}],"predecessor-version":[{"id":17269,"href":"https:\/\/www.galerieartconcept.com\/fr\/wp-json\/wp\/v2\/posts\/17263\/revisions\/17269"}],"wp:attachment":[{"href":"https:\/\/www.galerieartconcept.com\/fr\/wp-json\/wp\/v2\/media?parent=17263"}],"wp:term":[{"taxonomy":"category","embeddable":true,"href":"https:\/\/www.galerieartconcept.com\/fr\/wp-json\/wp\/v2\/categories?post=17263"},{"taxonomy":"post_tag","embeddable":true,"href":"https:\/\/www.galerieartconcept.com\/fr\/wp-json\/wp\/v2\/tags?post=17263"}],"curies":[{"name":"wp","href":"https:\/\/api.w.org\/{rel}","templated":true}]}}