{"id":17224,"date":"2021-11-26T15:30:55","date_gmt":"2021-11-26T15:30:55","guid":{"rendered":"http:\/\/www.galerieartconcept.com\/ulla-von-brandennburg-textiles-instalativos-del-medio-al-lugar-caac-sevilla-spain-november-26-2021-may-15-2022\/"},"modified":"2022-02-22T15:38:53","modified_gmt":"2022-02-22T15:38:53","slug":"ulla-von-brandennburg-textiles-instalativos-del-medio-al-lugar-caac-sevilla-spain-november-26-2021-may-15-2022","status":"publish","type":"post","link":"https:\/\/www.galerieartconcept.com\/fr\/ulla-von-brandennburg-textiles-instalativos-del-medio-al-lugar-caac-sevilla-spain-november-26-2021-may-15-2022\/","title":{"rendered":"Ulla von Brandennburg, Textiles instalativos: del medio al lugar, CAAC Sevilla, Espagne, 26 novembre 2021 &#8211; 15 mai 2022"},"content":{"rendered":"\n<figure class=\"wp-block-image size-large\"><img loading=\"lazy\" decoding=\"async\" width=\"1024\" height=\"768\" src=\"http:\/\/www.galerieartconcept.com\/wp-content\/uploads\/2022\/01\/IMG_0509-1-1024x768.jpg\" alt=\"\" class=\"wp-image-17220\" srcset=\"https:\/\/www.galerieartconcept.com\/wp-content\/uploads\/2022\/01\/IMG_0509-1-1024x768.jpg 1024w, https:\/\/www.galerieartconcept.com\/wp-content\/uploads\/2022\/01\/IMG_0509-1-300x225.jpg 300w, https:\/\/www.galerieartconcept.com\/wp-content\/uploads\/2022\/01\/IMG_0509-1-768x576.jpg 768w, https:\/\/www.galerieartconcept.com\/wp-content\/uploads\/2022\/01\/IMG_0509-1-1536x1152.jpg 1536w, https:\/\/www.galerieartconcept.com\/wp-content\/uploads\/2022\/01\/IMG_0509-1-2048x1536.jpg 2048w, https:\/\/www.galerieartconcept.com\/wp-content\/uploads\/2022\/01\/IMG_0509-1-1200x900.jpg 1200w, https:\/\/www.galerieartconcept.com\/wp-content\/uploads\/2022\/01\/IMG_0509-1-1980x1485.jpg 1980w\" sizes=\"auto, (max-width: 1024px) 100vw, 1024px\" \/><figcaption>Vue d\u2019installation \/ installation view Textiles instalativos: del medio al lugar, 2021, CAAC Sevilla, Spain<\/figcaption><\/figure>\n\n\n\n<p>Le CAAC accueille jusqu&rsquo;en mai 2022 une exposition qui r\u00e9unit 11 \u0153uvres de grand format r\u00e9alis\u00e9es par six cr\u00e9ateurs de g\u00e9n\u00e9rations et d&rsquo;horizons diff\u00e9rents. Elle illustre comment l&rsquo;art a lib\u00e9r\u00e9 les textiles de la sph\u00e8re domestique et de la simple fonctionnalit\u00e9 \u00e0 laquelle ils semblaient condamn\u00e9s pour en faire un langage de protestation permettant de d\u00e9peindre le monde.<\/p>\n\n\n\n<p>Ulla Von Brandenburg nous invite \u00e0 \u00ab\u00a0sortir de nos habitudes pour voir clairement, \u00e0 adopter des points de vue diff\u00e9rents pour voir le monde d&rsquo;une mani\u00e8re nouvelle\u00a0\u00bb.<\/p>\n\n\n\n<p><a href=\"http:\/\/www.caac.es\/programa\/textiles21\/frame.htm\" data-type=\"URL\" data-id=\"http:\/\/www.caac.es\/programa\/textiles21\/frame.htm\">Centro andaluz de arte contempor\u00e1neo<\/a><br>Cartuja de Santa Mar\u00eda de Las Cuevas<br>Entrances: Avda. Am\u00e9rico Vespucio, 2 \/ Camino de los Descubrimientos, s\/n<br>41092 Seville SPAIN<\/p>\n","protected":false},"excerpt":{"rendered":"<p>Le CAAC accueille jusqu&rsquo;en mai 2022 une exposition qui r\u00e9unit 11 \u0153uvres de grand format r\u00e9alis\u00e9es par six cr\u00e9ateurs de g\u00e9n\u00e9rations et d&rsquo;horizons diff\u00e9rents. Elle illustre comment l&rsquo;art a lib\u00e9r\u00e9 les textiles de la sph\u00e8re domestique et de la simple fonctionnalit\u00e9 \u00e0 laquelle ils semblaient condamn\u00e9s pour en faire un langage de protestation permettant de [&hellip;]<\/p>\n","protected":false},"author":1,"featured_media":0,"comment_status":"open","ping_status":"open","sticky":false,"template":"","format":"standard","meta":{"footnotes":""},"categories":[9],"tags":[],"class_list":["post-17224","post","type-post","status-publish","format-standard","hentry","category-news-fr"],"_links":{"self":[{"href":"https:\/\/www.galerieartconcept.com\/fr\/wp-json\/wp\/v2\/posts\/17224","targetHints":{"allow":["GET"]}}],"collection":[{"href":"https:\/\/www.galerieartconcept.com\/fr\/wp-json\/wp\/v2\/posts"}],"about":[{"href":"https:\/\/www.galerieartconcept.com\/fr\/wp-json\/wp\/v2\/types\/post"}],"author":[{"embeddable":true,"href":"https:\/\/www.galerieartconcept.com\/fr\/wp-json\/wp\/v2\/users\/1"}],"replies":[{"embeddable":true,"href":"https:\/\/www.galerieartconcept.com\/fr\/wp-json\/wp\/v2\/comments?post=17224"}],"version-history":[{"count":2,"href":"https:\/\/www.galerieartconcept.com\/fr\/wp-json\/wp\/v2\/posts\/17224\/revisions"}],"predecessor-version":[{"id":17227,"href":"https:\/\/www.galerieartconcept.com\/fr\/wp-json\/wp\/v2\/posts\/17224\/revisions\/17227"}],"wp:attachment":[{"href":"https:\/\/www.galerieartconcept.com\/fr\/wp-json\/wp\/v2\/media?parent=17224"}],"wp:term":[{"taxonomy":"category","embeddable":true,"href":"https:\/\/www.galerieartconcept.com\/fr\/wp-json\/wp\/v2\/categories?post=17224"},{"taxonomy":"post_tag","embeddable":true,"href":"https:\/\/www.galerieartconcept.com\/fr\/wp-json\/wp\/v2\/tags?post=17224"}],"curies":[{"name":"wp","href":"https:\/\/api.w.org\/{rel}","templated":true}]}}