{"id":17195,"date":"2021-11-21T14:36:29","date_gmt":"2021-11-21T14:36:29","guid":{"rendered":"http:\/\/www.galerieartconcept.com\/?p=17195"},"modified":"2022-02-22T15:41:02","modified_gmt":"2022-02-22T15:41:02","slug":"roman-signer-calder-now-kunsthal-rotterdam","status":"publish","type":"post","link":"https:\/\/www.galerieartconcept.com\/fr\/roman-signer-calder-now-kunsthal-rotterdam\/","title":{"rendered":"Roman Signer, Calder Now, Kunsthal Rotterdam, Pays-Bas, 21 novembre 2021 &#8211; 29 mai 2022"},"content":{"rendered":"\n<figure class=\"wp-block-image size-large\"><img loading=\"lazy\" decoding=\"async\" width=\"1024\" height=\"756\" src=\"http:\/\/www.galerieartconcept.com\/wp-content\/uploads\/2022\/01\/39_Calder_Kunsthal_\u00a9Ossip-copie-1024x756.jpg\" alt=\"\" class=\"wp-image-17196\" srcset=\"https:\/\/www.galerieartconcept.com\/wp-content\/uploads\/2022\/01\/39_Calder_Kunsthal_\u00a9Ossip-copie-1024x756.jpg 1024w, https:\/\/www.galerieartconcept.com\/wp-content\/uploads\/2022\/01\/39_Calder_Kunsthal_\u00a9Ossip-copie-300x221.jpg 300w, https:\/\/www.galerieartconcept.com\/wp-content\/uploads\/2022\/01\/39_Calder_Kunsthal_\u00a9Ossip-copie-768x567.jpg 768w, https:\/\/www.galerieartconcept.com\/wp-content\/uploads\/2022\/01\/39_Calder_Kunsthal_\u00a9Ossip-copie-1536x1133.jpg 1536w, https:\/\/www.galerieartconcept.com\/wp-content\/uploads\/2022\/01\/39_Calder_Kunsthal_\u00a9Ossip-copie-2048x1511.jpg 2048w, https:\/\/www.galerieartconcept.com\/wp-content\/uploads\/2022\/01\/39_Calder_Kunsthal_\u00a9Ossip-copie-1200x886.jpg 1200w, https:\/\/www.galerieartconcept.com\/wp-content\/uploads\/2022\/01\/39_Calder_Kunsthal_\u00a9Ossip-copie-1980x1461.jpg 1980w\" sizes=\"auto, (max-width: 1024px) 100vw, 1024px\" \/><figcaption>Roman Signer, Hemd, 1995. Eau et bidon \/ water and container, 1995. In the exhibition Calder Now, Kunsthal Rotterdam. Photo \u00a9 Ossip van Duivenbode<\/figcaption><\/figure>\n\n\n\n<p>Roman Signer participe \u00e0 l\u2019exposition \u2018Calder Now\u2019 \u00e0 la Kunsthal Rotterdam (Pays-Bas). Cette exposition explore pour la premi\u00e8re fois en Europe l&rsquo;influence durable et ind\u00e9niable du ma\u00eetre moderne sur l&rsquo;art contemporain. \u2018Calder Now\u2019 pr\u00e9sente vingt sculptures d\u2019Alexandre Calder et de dix artistes internationaux renomm\u00e9s.<\/p>\n\n\n\n<p><a href=\"https:\/\/www.kunsthal.nl\/en\/plan-your-visit\/exhibitions\/caldernow_en\/\" data-type=\"URL\" data-id=\"https:\/\/www.kunsthal.nl\/en\/plan-your-visit\/exhibitions\/caldernow_en\/\">Kunstahal Rotterdam<\/a><br>21 novembre 2021 \u2013 29 mai 2022<\/p>\n","protected":false},"excerpt":{"rendered":"<p>Roman Signer participe \u00e0 l\u2019exposition \u2018Calder Now\u2019 \u00e0 la Kunsthal Rotterdam (Pays-Bas). Cette exposition explore pour la premi\u00e8re fois en Europe l&rsquo;influence durable et ind\u00e9niable du ma\u00eetre moderne sur l&rsquo;art contemporain. \u2018Calder Now\u2019 pr\u00e9sente vingt sculptures d\u2019Alexandre Calder et de dix artistes internationaux renomm\u00e9s. Kunstahal Rotterdam21 novembre 2021 \u2013 29 mai 2022<\/p>\n","protected":false},"author":1,"featured_media":0,"comment_status":"open","ping_status":"open","sticky":false,"template":"","format":"standard","meta":{"footnotes":""},"categories":[9],"tags":[],"class_list":["post-17195","post","type-post","status-publish","format-standard","hentry","category-news-fr"],"_links":{"self":[{"href":"https:\/\/www.galerieartconcept.com\/fr\/wp-json\/wp\/v2\/posts\/17195","targetHints":{"allow":["GET"]}}],"collection":[{"href":"https:\/\/www.galerieartconcept.com\/fr\/wp-json\/wp\/v2\/posts"}],"about":[{"href":"https:\/\/www.galerieartconcept.com\/fr\/wp-json\/wp\/v2\/types\/post"}],"author":[{"embeddable":true,"href":"https:\/\/www.galerieartconcept.com\/fr\/wp-json\/wp\/v2\/users\/1"}],"replies":[{"embeddable":true,"href":"https:\/\/www.galerieartconcept.com\/fr\/wp-json\/wp\/v2\/comments?post=17195"}],"version-history":[{"count":3,"href":"https:\/\/www.galerieartconcept.com\/fr\/wp-json\/wp\/v2\/posts\/17195\/revisions"}],"predecessor-version":[{"id":17207,"href":"https:\/\/www.galerieartconcept.com\/fr\/wp-json\/wp\/v2\/posts\/17195\/revisions\/17207"}],"wp:attachment":[{"href":"https:\/\/www.galerieartconcept.com\/fr\/wp-json\/wp\/v2\/media?parent=17195"}],"wp:term":[{"taxonomy":"category","embeddable":true,"href":"https:\/\/www.galerieartconcept.com\/fr\/wp-json\/wp\/v2\/categories?post=17195"},{"taxonomy":"post_tag","embeddable":true,"href":"https:\/\/www.galerieartconcept.com\/fr\/wp-json\/wp\/v2\/tags?post=17195"}],"curies":[{"name":"wp","href":"https:\/\/api.w.org\/{rel}","templated":true}]}}