{"id":17120,"date":"2021-06-26T14:53:04","date_gmt":"2021-06-26T14:53:04","guid":{"rendered":"http:\/\/www.galerieartconcept.com\/jeremy-deller-triennial-of-contemporary-art-paradise-kortrijk-2021-june-26-october-24-2021\/"},"modified":"2022-02-22T15:42:01","modified_gmt":"2022-02-22T15:42:01","slug":"jeremy-deller-triennial-of-contemporary-art-paradise-kortrijk-2021-june-26-october-24-2021","status":"publish","type":"post","link":"https:\/\/www.galerieartconcept.com\/fr\/jeremy-deller-triennial-of-contemporary-art-paradise-kortrijk-2021-june-26-october-24-2021\/","title":{"rendered":"Jeremy Deller, Triennale d\u2019art contemporain Paradise Kortrijk 2021, 26 juin &#8211; 24 octobre 2021"},"content":{"rendered":"\n<figure class=\"wp-block-image size-large\"><img loading=\"lazy\" decoding=\"async\" width=\"768\" height=\"1024\" src=\"http:\/\/www.galerieartconcept.com\/wp-content\/uploads\/2022\/01\/Paradise_Kortrijk2021_387HR-768x1024.jpg\" alt=\"\" class=\"wp-image-17116\" srcset=\"https:\/\/www.galerieartconcept.com\/wp-content\/uploads\/2022\/01\/Paradise_Kortrijk2021_387HR-768x1024.jpg 768w, https:\/\/www.galerieartconcept.com\/wp-content\/uploads\/2022\/01\/Paradise_Kortrijk2021_387HR-225x300.jpg 225w, https:\/\/www.galerieartconcept.com\/wp-content\/uploads\/2022\/01\/Paradise_Kortrijk2021_387HR-1152x1536.jpg 1152w, https:\/\/www.galerieartconcept.com\/wp-content\/uploads\/2022\/01\/Paradise_Kortrijk2021_387HR-1536x2048.jpg 1536w, https:\/\/www.galerieartconcept.com\/wp-content\/uploads\/2022\/01\/Paradise_Kortrijk2021_387HR-1200x1600.jpg 1200w, https:\/\/www.galerieartconcept.com\/wp-content\/uploads\/2022\/01\/Paradise_Kortrijk2021_387HR-1980x2640.jpg 1980w, https:\/\/www.galerieartconcept.com\/wp-content\/uploads\/2022\/01\/Paradise_Kortrijk2021_387HR-scaled.jpg 1920w\" sizes=\"auto, (max-width: 768px) 100vw, 768px\" \/><figcaption>Jeremy Deller, The Lovers, 2021. Vue d&rsquo;exposition Triennale d\u2019art contemporain Paradise Kortrijk. Photo Paradise Kortrijk. Courtesy of the artist and Art : Concept, Paris<\/figcaption><\/figure>\n\n\n\n<p>Cette \u0153uvre, fond\u00e9e sur le r\u00e9cit de la cr\u00e9ation, fait \u00e0 la fois r\u00e9f\u00e9rence aux d\u00e9sirs humains universels et aux notions du bien et du mal. Deller est intrigu\u00e9 par la tension entre les deux personnages qui balancent entre amour, envie et renoncement. Les deux personnages couverts de feuilles de figuier deviennent le cadre d\u2019une balan\u00e7oire. [&#8230;] Tout le monde est invit\u00e9 \u00e0 planer librement, avec insouciance, sous la pr\u00e9sence aussi mena\u00e7ante que s\u00e9ductrice du fruit d\u00e9fendu.<\/p>\n\n\n\n<p>Cette sculpture ludique est une cr\u00e9ation in\u00e9dite, ex\u00e9cut\u00e9e sp\u00e9cialement pour Paradise Kortrijk 2021, et demeurera prot\u00e9g\u00e9e dans le Jardin Messeyne, un bijou du romantisme du XIXe si\u00e8cle.<\/p>\n\n\n\n<p>Extrait du communiqu\u00e9 de presse de l&rsquo;\u00e9v\u00e9nement <\/p>\n\n\n\n<p><a href=\"https:\/\/www.paradisekortrijk.be\/fr\/visiter\/artistes\/artist\/jeremy-deller\" data-type=\"URL\" data-id=\"https:\/\/www.paradisekortrijk.be\/fr\/visiter\/artistes\/artist\/jeremy-deller\">Triennale d\u2019art contemporain Paradise Kortrijk 2021, 26 juin &#8211; 24 octobre 2021<\/a><br>Organis\u00e9e par la ville de Courtrai et Be-Part<br>Commissariat Hilde Teerlinck et Patrick Ronse<\/p>\n","protected":false},"excerpt":{"rendered":"<p>Cette \u0153uvre, fond\u00e9e sur le r\u00e9cit de la cr\u00e9ation, fait \u00e0 la fois r\u00e9f\u00e9rence aux d\u00e9sirs humains universels et aux notions du bien et du mal. Deller est intrigu\u00e9 par la tension entre les deux personnages qui balancent entre amour, envie et renoncement. Les deux personnages couverts de feuilles de figuier deviennent le cadre d\u2019une [&hellip;]<\/p>\n","protected":false},"author":1,"featured_media":0,"comment_status":"open","ping_status":"open","sticky":false,"template":"","format":"standard","meta":{"footnotes":""},"categories":[9],"tags":[],"class_list":["post-17120","post","type-post","status-publish","format-standard","hentry","category-news-fr"],"_links":{"self":[{"href":"https:\/\/www.galerieartconcept.com\/fr\/wp-json\/wp\/v2\/posts\/17120","targetHints":{"allow":["GET"]}}],"collection":[{"href":"https:\/\/www.galerieartconcept.com\/fr\/wp-json\/wp\/v2\/posts"}],"about":[{"href":"https:\/\/www.galerieartconcept.com\/fr\/wp-json\/wp\/v2\/types\/post"}],"author":[{"embeddable":true,"href":"https:\/\/www.galerieartconcept.com\/fr\/wp-json\/wp\/v2\/users\/1"}],"replies":[{"embeddable":true,"href":"https:\/\/www.galerieartconcept.com\/fr\/wp-json\/wp\/v2\/comments?post=17120"}],"version-history":[{"count":3,"href":"https:\/\/www.galerieartconcept.com\/fr\/wp-json\/wp\/v2\/posts\/17120\/revisions"}],"predecessor-version":[{"id":17256,"href":"https:\/\/www.galerieartconcept.com\/fr\/wp-json\/wp\/v2\/posts\/17120\/revisions\/17256"}],"wp:attachment":[{"href":"https:\/\/www.galerieartconcept.com\/fr\/wp-json\/wp\/v2\/media?parent=17120"}],"wp:term":[{"taxonomy":"category","embeddable":true,"href":"https:\/\/www.galerieartconcept.com\/fr\/wp-json\/wp\/v2\/categories?post=17120"},{"taxonomy":"post_tag","embeddable":true,"href":"https:\/\/www.galerieartconcept.com\/fr\/wp-json\/wp\/v2\/tags?post=17120"}],"curies":[{"name":"wp","href":"https:\/\/api.w.org\/{rel}","templated":true}]}}