{"id":14843,"date":"2021-07-03T14:45:33","date_gmt":"2021-07-03T14:45:33","guid":{"rendered":"http:\/\/www.galerieartconcept.com\/ulla-von-brandenburg-ombres-bleues-et-jaunes-le-voyage-a-nantes-july-3-september-12-2021\/"},"modified":"2022-02-22T15:39:40","modified_gmt":"2022-02-22T15:39:40","slug":"ulla-von-brandenburg-ombres-bleues-et-jaunes-le-voyage-a-nantes-july-3-september-12-2021","status":"publish","type":"post","link":"https:\/\/www.galerieartconcept.com\/fr\/ulla-von-brandenburg-ombres-bleues-et-jaunes-le-voyage-a-nantes-july-3-september-12-2021\/","title":{"rendered":"Ulla von Brandenburg, Ombres bleues et jaunes, Le Voyage \u00e0 Nantes, 3 juillet &#8211; 12 septembre, 2021"},"content":{"rendered":"\n<figure class=\"wp-block-image size-large\"><img loading=\"lazy\" decoding=\"async\" width=\"1024\" height=\"683\" src=\"https:\/\/www.galerieartconcept.com\/wp-content\/uploads\/2021\/07\/Performance-1-1024x683.jpg\" alt=\"\" class=\"wp-image-14839\" srcset=\"https:\/\/www.galerieartconcept.com\/wp-content\/uploads\/2021\/07\/Performance-1-1024x683.jpg 1024w, https:\/\/www.galerieartconcept.com\/wp-content\/uploads\/2021\/07\/Performance-1-300x200.jpg 300w, https:\/\/www.galerieartconcept.com\/wp-content\/uploads\/2021\/07\/Performance-1-768x512.jpg 768w, https:\/\/www.galerieartconcept.com\/wp-content\/uploads\/2021\/07\/Performance-1-1536x1024.jpg 1536w, https:\/\/www.galerieartconcept.com\/wp-content\/uploads\/2021\/07\/Performance-1-2048x1365.jpg 2048w, https:\/\/www.galerieartconcept.com\/wp-content\/uploads\/2021\/07\/Performance-1-1200x800.jpg 1200w, https:\/\/www.galerieartconcept.com\/wp-content\/uploads\/2021\/07\/Performance-1-1980x1320.jpg 1980w\" sizes=\"auto, (max-width: 1024px) 100vw, 1024px\" \/><figcaption>Performance : Ulla von Brandenburg, Blaue und Gelbe Schatten, Performance at Georg Kolbe Museum, 2021, Photo : Enric Duch \u00a9 Bildarchiv Georg Kolbe Museum<\/figcaption><\/figure>\n\n\n\n<p>Utilisant le passage Sainte-Croix dans sa fonction premi\u00e8re, lieu de passage au sein de l\u2019un des quartiers les plus anciens de Nantes, Ulla von Brandenburg d\u00e9ploie ses \u0153uvres dans l\u2019ensemble du lieu et en m\u00e9tamorphose le cadre. Les diff\u00e9rents m\u00e9diums utilis\u00e9s par l\u2019artiste, vid\u00e9os, installations et sculptures, habitent le lieu et se d\u00e9voilent au fil de l\u2019exploration de l\u2019exposition. L\u2019artiste fait se succ\u00e9der dans l\u2019espace du passage un certain nombre de chapitres, comme diff\u00e9rents actes d\u2019une mise en sc\u00e8ne dans laquelle le visiteur est invit\u00e9 \u00e0 d\u00e9ambuler et poser son regard.<br><br>Passage Sainte-Croix<br>Rue de la Baclerie<br>44000 Nantes &#8211; FR\u00a0<br><br>Plus d&rsquo;informations :\u00a0<a rel=\"noreferrer noopener\" target=\"_blank\" href=\"http:\/\/www.levoyageanantes.fr\/\">www.levoyageanantes.fr<\/a><\/p>\n","protected":false},"excerpt":{"rendered":"<p>Utilisant le passage Sainte-Croix dans sa fonction premi\u00e8re, lieu de passage au sein de l\u2019un des quartiers les plus anciens de Nantes, Ulla von Brandenburg d\u00e9ploie ses \u0153uvres dans l\u2019ensemble du lieu et en m\u00e9tamorphose le cadre. Les diff\u00e9rents m\u00e9diums utilis\u00e9s par l\u2019artiste, vid\u00e9os, installations et sculptures, habitent le lieu et se d\u00e9voilent au fil [&hellip;]<\/p>\n","protected":false},"author":1,"featured_media":0,"comment_status":"open","ping_status":"open","sticky":false,"template":"","format":"standard","meta":{"footnotes":""},"categories":[9],"tags":[247,109],"class_list":["post-14843","post","type-post","status-publish","format-standard","hentry","category-news-fr","tag-le-voyage-a-nantes-fr","tag-ulla-von-brandenburg-fr"],"_links":{"self":[{"href":"https:\/\/www.galerieartconcept.com\/fr\/wp-json\/wp\/v2\/posts\/14843","targetHints":{"allow":["GET"]}}],"collection":[{"href":"https:\/\/www.galerieartconcept.com\/fr\/wp-json\/wp\/v2\/posts"}],"about":[{"href":"https:\/\/www.galerieartconcept.com\/fr\/wp-json\/wp\/v2\/types\/post"}],"author":[{"embeddable":true,"href":"https:\/\/www.galerieartconcept.com\/fr\/wp-json\/wp\/v2\/users\/1"}],"replies":[{"embeddable":true,"href":"https:\/\/www.galerieartconcept.com\/fr\/wp-json\/wp\/v2\/comments?post=14843"}],"version-history":[{"count":2,"href":"https:\/\/www.galerieartconcept.com\/fr\/wp-json\/wp\/v2\/posts\/14843\/revisions"}],"predecessor-version":[{"id":14846,"href":"https:\/\/www.galerieartconcept.com\/fr\/wp-json\/wp\/v2\/posts\/14843\/revisions\/14846"}],"wp:attachment":[{"href":"https:\/\/www.galerieartconcept.com\/fr\/wp-json\/wp\/v2\/media?parent=14843"}],"wp:term":[{"taxonomy":"category","embeddable":true,"href":"https:\/\/www.galerieartconcept.com\/fr\/wp-json\/wp\/v2\/categories?post=14843"},{"taxonomy":"post_tag","embeddable":true,"href":"https:\/\/www.galerieartconcept.com\/fr\/wp-json\/wp\/v2\/tags?post=14843"}],"curies":[{"name":"wp","href":"https:\/\/api.w.org\/{rel}","templated":true}]}}